{"id":3727,"date":"2023-03-11T19:41:17","date_gmt":"2023-03-11T18:41:17","guid":{"rendered":"https:\/\/www.fisiobalance.cat\/epicondilitis\/"},"modified":"2023-10-04T15:59:31","modified_gmt":"2023-10-04T13:59:31","slug":"epicondilitis","status":"publish","type":"post","link":"https:\/\/www.fisiobalance.cat\/ca\/epicondilitis\/","title":{"rendered":"EPICONDILITIS"},"content":{"rendered":"<p>L&#8217;<strong>epicondilitis<\/strong>, tamb\u00e9 coneguda com a <em><strong>colze de tennista<\/strong><\/em>, \u00e9s una afecci\u00f3 que es manifesta amb dolor en la cara externa del colze quan realitzes activitats que involucren moviments de colze, nina o m\u00e0.<\/p>\n<h2>ANATOMIA: els m\u00fasculs sobresol\u00b7licitats<\/h2>\n<p>La musculatura <strong>extensora de nina i m\u00e0<\/strong> \u00e9s la que ens permet realitzar el moviment d&#8217;extensi\u00f3 de la nina i dits. Aquesta s&#8217;insereix a <strong>l&#8217;epic\u00f2ndil<\/strong>, os que est\u00e0 en l&#8217;h\u00famer, i \u00e9s aqu\u00ed on s&#8217;insereix la seg\u00fcent musculatura:<\/p>\n<ul>\n<li>M\u00fascul extensor radial llarg i curt del carp<\/li>\n<li>M\u00fascul extensor cubital del carp<\/li>\n<li>M\u00fascul extensor propi del menovell<\/li>\n<li>M\u00fascul extensor com\u00fa dels dits<\/li>\n<\/ul>\n<p>&nbsp;<\/p>\n<h2>S\u00cdNTOMATOLOG\u00cdA: dolor en el colze<\/h2>\n<p><strong>El dolor en el colze<\/strong> \u00e9s el principal s\u00edmptoma i aquest se sol manifestar en realitzar determinades <strong>activitats del dia a dia<\/strong> que impliquin fer for\u00e7a amb el colze, la m\u00e0 o la nina com per exemple obrir llaunes, \u00fas de l&#8217;ordinador i la pr\u00e0ctica esportiva. Fins i tot en fases agudes en sostenir <strong> objectes pesats i no tan pesats.<\/strong><\/p>\n<p>&nbsp;<\/p>\n<h2>CAUSES: Moviments repetitius<\/h2>\n<p>Aquesta lesi\u00f3 \u00e9s provocada principalment per microtraumatismes o tracci\u00f3 en el punt d&#8217;inserci\u00f3 de la musculatura extensora de nina i m\u00e0.<\/p>\n<p>En definitiva, les causes principals solen ser traum\u00e0tiques, per contusions i\/o per estr\u00e8s provenint de microtraumatismes o moviments repetitius.<\/p>\n<p><img loading=\"lazy\" decoding=\"async\" class=\"size-medium wp-image-3562 alignright\" src=\"https:\/\/www.fisiobalance.cat\/wp-content\/uploads\/2023\/03\/vendaje-neuromuscular-codo-300x200.jpeg\" alt=\"\" width=\"300\" height=\"200\" srcset=\"https:\/\/www.fisiobalance.cat\/wp-content\/uploads\/2023\/03\/vendaje-neuromuscular-codo-300x200.jpeg 300w, https:\/\/www.fisiobalance.cat\/wp-content\/uploads\/2023\/03\/vendaje-neuromuscular-codo-1024x683.jpeg 1024w, https:\/\/www.fisiobalance.cat\/wp-content\/uploads\/2023\/03\/vendaje-neuromuscular-codo-768x512.jpeg 768w, https:\/\/www.fisiobalance.cat\/wp-content\/uploads\/2023\/03\/vendaje-neuromuscular-codo-1536x1024.jpeg 1536w, https:\/\/www.fisiobalance.cat\/wp-content\/uploads\/2023\/03\/vendaje-neuromuscular-codo-2048x1365.jpeg 2048w, https:\/\/www.fisiobalance.cat\/wp-content\/uploads\/2023\/03\/vendaje-neuromuscular-codo-700x467.jpeg 700w, https:\/\/www.fisiobalance.cat\/wp-content\/uploads\/2023\/03\/vendaje-neuromuscular-codo-600x400.jpeg 600w\" sizes=\"auto, (max-width: 300px) 100vw, 300px\" \/><\/p>\n<h2>\nFACTORS DE RISC<\/h2>\n<p>En relaci\u00f3 a les possibles causes, hi ha activitats que aniran associades a un augment de la probabilitat de patir epicondilitis, com per exemple:<\/p>\n<p>Si practiques esports que impliquen cops de rev\u00e9s o d&#8217;impacte com per exemple el tennis, el padel o el golf. I tamb\u00e9 oficis que comporten un maneig continuat de la m\u00e0 com a electricista, perruquera, xarcuter, etc. Fins i tot tamb\u00e9 treball d&#8217;oficina a causa de l&#8217;\u00fas del ratol\u00ed de l&#8217;ordinador.<\/p>\n<p>I llavors\u2026<\/p>\n<p><strong>Qu\u00e8 \u00e9s la epitrocleitis?<\/strong><\/p>\n<p>La <strong>epitrocleitis o colze de golfista<\/strong>, \u00e9s una afecci\u00f3 que es caracteritza per dolor en la zona d&#8217;inserci\u00f3 de la musculatura flexora de nina i m\u00e0 en la epitr\u00d2clea.<br \/>\nAquestes dues afeccions tenen nom semblant, encara que comparteixen causes d&#8217;aparici\u00f3, les manifestacions i la zona afectada s\u00f3n diferents. Per tant el tractament tamb\u00e9 estar\u00e0 enfocat de manera diferent.<\/p>\n<p><img loading=\"lazy\" decoding=\"async\" class=\"size-medium wp-image-3559 alignleft\" src=\"https:\/\/www.fisiobalance.cat\/wp-content\/uploads\/2023\/03\/epitrocleitis-fisioterapia-300x200.jpeg\" alt=\"codo de golfista\" width=\"300\" height=\"200\" srcset=\"https:\/\/www.fisiobalance.cat\/wp-content\/uploads\/2023\/03\/epitrocleitis-fisioterapia-300x200.jpeg 300w, https:\/\/www.fisiobalance.cat\/wp-content\/uploads\/2023\/03\/epitrocleitis-fisioterapia-1024x683.jpeg 1024w, https:\/\/www.fisiobalance.cat\/wp-content\/uploads\/2023\/03\/epitrocleitis-fisioterapia-768x513.jpeg 768w, https:\/\/www.fisiobalance.cat\/wp-content\/uploads\/2023\/03\/epitrocleitis-fisioterapia-1536x1025.jpeg 1536w, https:\/\/www.fisiobalance.cat\/wp-content\/uploads\/2023\/03\/epitrocleitis-fisioterapia-2048x1367.jpeg 2048w, https:\/\/www.fisiobalance.cat\/wp-content\/uploads\/2023\/03\/epitrocleitis-fisioterapia-700x467.jpeg 700w, https:\/\/www.fisiobalance.cat\/wp-content\/uploads\/2023\/03\/epitrocleitis-fisioterapia-600x400.jpeg 600w\" sizes=\"auto, (max-width: 300px) 100vw, 300px\" \/><\/p>\n<h2>DIAGN\u00d2STIC<\/h2>\n<p>El diagn\u00f2stic es basa en la <strong>cl\u00ednica del pacient<\/strong><strong>. <\/strong>I moltes vegades el doctor sol sol\u00b7licitar <strong>proves d&#8217;imatge<\/strong> com per exemple una <strong>ecografia<\/strong> per a comprovar l&#8217;estat muscular, dels tendons i si hi ha inflamaci\u00f3.<\/p>\n<p>TRACTAMENT<\/p>\n<p>El tractament indicat sol ser <strong>conservador<\/strong> i la simptomatologia remet amb sessions de fisioter\u00e0pia. Aix\u00ed doncs, les t\u00e8cniques i indicacions de fisioter\u00e0pia tenen com a finalitat baixar el dolor i realitzar una reinserci\u00f3 a les activitats esportives de manera progressiva i segura.<\/p>\n<h2>Qu\u00e8 esperar en una sessi\u00f3 de fisioter\u00e0pia:<\/h2>\n<ol>\n<li>Tractament manual com massatge i estiraments amb la finalitat de disminuir el dolor.<\/li>\n<li>Treball de mobilitat articular per a mantenir el rang articular malgrat el dolor.<\/li>\n<li>Estirament muscular per a relaxar les estructures musculars circumdants.<\/li>\n<li>Exercici terap\u00e8utic una vegada hagi redu\u00eft la intensitat del dolor, perqu\u00e8 tant tendons com musculatura pugui tornar a adaptar-se a la c\u00e0rregues que ha de suportar aquesta articulaci\u00f3 en el dia a dia.<\/li>\n<li>Tractament de punts gallets actius a trav\u00e9s de la Punci\u00f3 Seca<\/li>\n<li>Crioterapia: \u00c9s recomanable aplicar gel diverses vegades al dia sobretot post exercici durant 10 minuts, descansar i repetir aplicaci\u00f3 2\/3 vegades m\u00e9s.<\/li>\n<li>Acompanyament\/assessorament a la reinserci\u00f3 esportiva.<\/li>\n<\/ol>\n<p><img loading=\"lazy\" decoding=\"async\" class=\"size-medium wp-image-3556\" src=\"https:\/\/www.fisiobalance.cat\/wp-content\/uploads\/2023\/03\/dolor-codo-hielo-epicondilitis-300x200.jpeg\" alt=\"\" width=\"300\" height=\"200\" srcset=\"https:\/\/www.fisiobalance.cat\/wp-content\/uploads\/2023\/03\/dolor-codo-hielo-epicondilitis-300x200.jpeg 300w, https:\/\/www.fisiobalance.cat\/wp-content\/uploads\/2023\/03\/dolor-codo-hielo-epicondilitis-1024x683.jpeg 1024w, https:\/\/www.fisiobalance.cat\/wp-content\/uploads\/2023\/03\/dolor-codo-hielo-epicondilitis-768x513.jpeg 768w, https:\/\/www.fisiobalance.cat\/wp-content\/uploads\/2023\/03\/dolor-codo-hielo-epicondilitis-1536x1025.jpeg 1536w, https:\/\/www.fisiobalance.cat\/wp-content\/uploads\/2023\/03\/dolor-codo-hielo-epicondilitis-2048x1367.jpeg 2048w, https:\/\/www.fisiobalance.cat\/wp-content\/uploads\/2023\/03\/dolor-codo-hielo-epicondilitis-700x467.jpeg 700w, https:\/\/www.fisiobalance.cat\/wp-content\/uploads\/2023\/03\/dolor-codo-hielo-epicondilitis-600x400.jpeg 600w\" sizes=\"auto, (max-width: 300px) 100vw, 300px\" \/><\/p>\n","protected":false},"excerpt":{"rendered":"<p>L&#8217;epicondilitis, tamb\u00e9 coneguda com a colze de tennista, \u00e9s una afecci\u00f3 que es manifesta amb dolor en la cara externa del colze quan realitzes activitats que involucren moviments de colze, nina o m\u00e0. ANATOMIA: els m\u00fasculs sobresol\u00b7licitats La musculatura extensora de nina i m\u00e0 \u00e9s&#8230;<\/p>\n","protected":false},"author":3,"featured_media":3910,"comment_status":"open","ping_status":"open","sticky":false,"template":"","format":"standard","meta":{"footnotes":""},"categories":[247],"tags":[150,151,152,153],"class_list":["post-3727","post","type-post","status-publish","format-standard","has-post-thumbnail","hentry","category-fisioterapia-ca","tag-colze-de-tennista","tag-dolor-colze","tag-epicondilitis-ca","tag-fisioterapia-dolor-colze"],"yoast_head":"<!-- This site is optimized with the Yoast SEO plugin v26.3 - https:\/\/yoast.com\/wordpress\/plugins\/seo\/ -->\n<title>EPICONDILITIS - Fisiobalance<\/title>\n<meta name=\"description\" content=\"La epicondilitis, tambi\u00e9n conocida como codo de tenista, es una afecci\u00f3n que se manifiesta con dolor en la cara externa del codo al realizar diferentes actividades que involucren movimientos de codo, mu\u00f1eca o mano.\" \/>\n<meta name=\"robots\" content=\"index, follow, max-snippet:-1, max-image-preview:large, max-video-preview:-1\" \/>\n<link rel=\"canonical\" href=\"https:\/\/www.fisiobalance.cat\/ca\/epicondilitis\/\" \/>\n<meta property=\"og:locale\" content=\"ca_ES\" \/>\n<meta property=\"og:type\" content=\"article\" \/>\n<meta property=\"og:title\" content=\"EPICONDILITIS - Fisiobalance\" \/>\n<meta property=\"og:description\" content=\"La epicondilitis, tambi\u00e9n conocida como codo de tenista, es una afecci\u00f3n que se manifiesta con dolor en la cara externa del codo al realizar diferentes actividades que involucren movimientos de codo, mu\u00f1eca o mano.\" \/>\n<meta property=\"og:url\" content=\"https:\/\/www.fisiobalance.cat\/ca\/epicondilitis\/\" \/>\n<meta property=\"og:site_name\" content=\"Fisiobalance\" \/>\n<meta property=\"article:published_time\" content=\"2023-03-11T18:41:17+00:00\" \/>\n<meta property=\"article:modified_time\" content=\"2023-10-04T13:59:31+00:00\" \/>\n<meta property=\"og:image\" content=\"https:\/\/www.fisiobalance.cat\/wp-content\/uploads\/2023\/03\/epicondilitis.jpg\" \/>\n\t<meta property=\"og:image:width\" content=\"2048\" \/>\n\t<meta property=\"og:image:height\" content=\"1365\" \/>\n\t<meta property=\"og:image:type\" content=\"image\/jpeg\" \/>\n<meta name=\"author\" content=\"fisiobalance\" \/>\n<meta name=\"twitter:card\" content=\"summary_large_image\" \/>\n<meta name=\"twitter:label1\" content=\"Escrit per\" \/>\n\t<meta name=\"twitter:data1\" content=\"fisiobalance\" \/>\n\t<meta name=\"twitter:label2\" content=\"Temps estimat de lectura\" \/>\n\t<meta name=\"twitter:data2\" content=\"4 minuts\" \/>\n<script type=\"application\/ld+json\" class=\"yoast-schema-graph\">{\"@context\":\"https:\/\/schema.org\",\"@graph\":[{\"@type\":\"Article\",\"@id\":\"https:\/\/www.fisiobalance.cat\/ca\/epicondilitis\/#article\",\"isPartOf\":{\"@id\":\"https:\/\/www.fisiobalance.cat\/ca\/epicondilitis\/\"},\"author\":{\"name\":\"fisiobalance\",\"@id\":\"https:\/\/www.fisiobalance.cat\/#\/schema\/person\/ff8a94c5457314fcae1821bb17fb59f9\"},\"headline\":\"EPICONDILITIS\",\"datePublished\":\"2023-03-11T18:41:17+00:00\",\"dateModified\":\"2023-10-04T13:59:31+00:00\",\"mainEntityOfPage\":{\"@id\":\"https:\/\/www.fisiobalance.cat\/ca\/epicondilitis\/\"},\"wordCount\":591,\"commentCount\":0,\"publisher\":{\"@id\":\"https:\/\/www.fisiobalance.cat\/#organization\"},\"image\":{\"@id\":\"https:\/\/www.fisiobalance.cat\/ca\/epicondilitis\/#primaryimage\"},\"thumbnailUrl\":\"https:\/\/www.fisiobalance.cat\/wp-content\/uploads\/2023\/03\/epicondilitis.jpg\",\"keywords\":[\"colze de tennista\",\"dolor colze\",\"epicondilitis\",\"fisioterapia dolor colze\"],\"articleSection\":[\"fisioter\u00e0pia\"],\"inLanguage\":\"ca\",\"potentialAction\":[{\"@type\":\"CommentAction\",\"name\":\"Comment\",\"target\":[\"https:\/\/www.fisiobalance.cat\/ca\/epicondilitis\/#respond\"]}]},{\"@type\":\"WebPage\",\"@id\":\"https:\/\/www.fisiobalance.cat\/ca\/epicondilitis\/\",\"url\":\"https:\/\/www.fisiobalance.cat\/ca\/epicondilitis\/\",\"name\":\"EPICONDILITIS - Fisiobalance\",\"isPartOf\":{\"@id\":\"https:\/\/www.fisiobalance.cat\/#website\"},\"primaryImageOfPage\":{\"@id\":\"https:\/\/www.fisiobalance.cat\/ca\/epicondilitis\/#primaryimage\"},\"image\":{\"@id\":\"https:\/\/www.fisiobalance.cat\/ca\/epicondilitis\/#primaryimage\"},\"thumbnailUrl\":\"https:\/\/www.fisiobalance.cat\/wp-content\/uploads\/2023\/03\/epicondilitis.jpg\",\"datePublished\":\"2023-03-11T18:41:17+00:00\",\"dateModified\":\"2023-10-04T13:59:31+00:00\",\"description\":\"La epicondilitis, tambi\u00e9n conocida como codo de tenista, es una afecci\u00f3n que se manifiesta con dolor en la cara externa del codo al realizar diferentes actividades que involucren movimientos de codo, mu\u00f1eca o mano.\",\"breadcrumb\":{\"@id\":\"https:\/\/www.fisiobalance.cat\/ca\/epicondilitis\/#breadcrumb\"},\"inLanguage\":\"ca\",\"potentialAction\":[{\"@type\":\"ReadAction\",\"target\":[\"https:\/\/www.fisiobalance.cat\/ca\/epicondilitis\/\"]}]},{\"@type\":\"ImageObject\",\"inLanguage\":\"ca\",\"@id\":\"https:\/\/www.fisiobalance.cat\/ca\/epicondilitis\/#primaryimage\",\"url\":\"https:\/\/www.fisiobalance.cat\/wp-content\/uploads\/2023\/03\/epicondilitis.jpg\",\"contentUrl\":\"https:\/\/www.fisiobalance.cat\/wp-content\/uploads\/2023\/03\/epicondilitis.jpg\",\"width\":2048,\"height\":1365},{\"@type\":\"BreadcrumbList\",\"@id\":\"https:\/\/www.fisiobalance.cat\/ca\/epicondilitis\/#breadcrumb\",\"itemListElement\":[{\"@type\":\"ListItem\",\"position\":1,\"name\":\"Portada\",\"item\":\"https:\/\/www.fisiobalance.cat\/ca\/\"},{\"@type\":\"ListItem\",\"position\":2,\"name\":\"EPICONDILITIS\"}]},{\"@type\":\"WebSite\",\"@id\":\"https:\/\/www.fisiobalance.cat\/#website\",\"url\":\"https:\/\/www.fisiobalance.cat\/\",\"name\":\"Fisiobalance\",\"description\":\"\",\"publisher\":{\"@id\":\"https:\/\/www.fisiobalance.cat\/#organization\"},\"potentialAction\":[{\"@type\":\"SearchAction\",\"target\":{\"@type\":\"EntryPoint\",\"urlTemplate\":\"https:\/\/www.fisiobalance.cat\/?s={search_term_string}\"},\"query-input\":{\"@type\":\"PropertyValueSpecification\",\"valueRequired\":true,\"valueName\":\"search_term_string\"}}],\"inLanguage\":\"ca\"},{\"@type\":\"Organization\",\"@id\":\"https:\/\/www.fisiobalance.cat\/#organization\",\"name\":\"Fisiobalance\",\"url\":\"https:\/\/www.fisiobalance.cat\/\",\"logo\":{\"@type\":\"ImageObject\",\"inLanguage\":\"ca\",\"@id\":\"https:\/\/www.fisiobalance.cat\/#\/schema\/logo\/image\/\",\"url\":\"https:\/\/www.fisiobalance.cat\/wp-content\/uploads\/2018\/06\/fisiobalance_logo.png\",\"contentUrl\":\"https:\/\/www.fisiobalance.cat\/wp-content\/uploads\/2018\/06\/fisiobalance_logo.png\",\"width\":369,\"height\":53,\"caption\":\"Fisiobalance\"},\"image\":{\"@id\":\"https:\/\/www.fisiobalance.cat\/#\/schema\/logo\/image\/\"}},{\"@type\":\"Person\",\"@id\":\"https:\/\/www.fisiobalance.cat\/#\/schema\/person\/ff8a94c5457314fcae1821bb17fb59f9\",\"name\":\"fisiobalance\",\"image\":{\"@type\":\"ImageObject\",\"inLanguage\":\"ca\",\"@id\":\"https:\/\/www.fisiobalance.cat\/#\/schema\/person\/image\/\",\"url\":\"https:\/\/secure.gravatar.com\/avatar\/d01b67c6ec8f361b22fadb8cde3b40303b5f70548e5bd5bab7a5dcd8a26cc786?s=96&d=mm&r=g\",\"contentUrl\":\"https:\/\/secure.gravatar.com\/avatar\/d01b67c6ec8f361b22fadb8cde3b40303b5f70548e5bd5bab7a5dcd8a26cc786?s=96&d=mm&r=g\",\"caption\":\"fisiobalance\"},\"url\":\"https:\/\/www.fisiobalance.cat\/ca\/author\/fisiobalance\/\"}]}<\/script>\n<!-- \/ Yoast SEO plugin. -->","yoast_head_json":{"title":"EPICONDILITIS - Fisiobalance","description":"La epicondilitis, tambi\u00e9n conocida como codo de tenista, es una afecci\u00f3n que se manifiesta con dolor en la cara externa del codo al realizar diferentes actividades que involucren movimientos de codo, mu\u00f1eca o mano.","robots":{"index":"index","follow":"follow","max-snippet":"max-snippet:-1","max-image-preview":"max-image-preview:large","max-video-preview":"max-video-preview:-1"},"canonical":"https:\/\/www.fisiobalance.cat\/ca\/epicondilitis\/","og_locale":"ca_ES","og_type":"article","og_title":"EPICONDILITIS - Fisiobalance","og_description":"La epicondilitis, tambi\u00e9n conocida como codo de tenista, es una afecci\u00f3n que se manifiesta con dolor en la cara externa del codo al realizar diferentes actividades que involucren movimientos de codo, mu\u00f1eca o mano.","og_url":"https:\/\/www.fisiobalance.cat\/ca\/epicondilitis\/","og_site_name":"Fisiobalance","article_published_time":"2023-03-11T18:41:17+00:00","article_modified_time":"2023-10-04T13:59:31+00:00","og_image":[{"width":2048,"height":1365,"url":"https:\/\/www.fisiobalance.cat\/wp-content\/uploads\/2023\/03\/epicondilitis.jpg","type":"image\/jpeg"}],"author":"fisiobalance","twitter_card":"summary_large_image","twitter_misc":{"Escrit per":"fisiobalance","Temps estimat de lectura":"4 minuts"},"schema":{"@context":"https:\/\/schema.org","@graph":[{"@type":"Article","@id":"https:\/\/www.fisiobalance.cat\/ca\/epicondilitis\/#article","isPartOf":{"@id":"https:\/\/www.fisiobalance.cat\/ca\/epicondilitis\/"},"author":{"name":"fisiobalance","@id":"https:\/\/www.fisiobalance.cat\/#\/schema\/person\/ff8a94c5457314fcae1821bb17fb59f9"},"headline":"EPICONDILITIS","datePublished":"2023-03-11T18:41:17+00:00","dateModified":"2023-10-04T13:59:31+00:00","mainEntityOfPage":{"@id":"https:\/\/www.fisiobalance.cat\/ca\/epicondilitis\/"},"wordCount":591,"commentCount":0,"publisher":{"@id":"https:\/\/www.fisiobalance.cat\/#organization"},"image":{"@id":"https:\/\/www.fisiobalance.cat\/ca\/epicondilitis\/#primaryimage"},"thumbnailUrl":"https:\/\/www.fisiobalance.cat\/wp-content\/uploads\/2023\/03\/epicondilitis.jpg","keywords":["colze de tennista","dolor colze","epicondilitis","fisioterapia dolor colze"],"articleSection":["fisioter\u00e0pia"],"inLanguage":"ca","potentialAction":[{"@type":"CommentAction","name":"Comment","target":["https:\/\/www.fisiobalance.cat\/ca\/epicondilitis\/#respond"]}]},{"@type":"WebPage","@id":"https:\/\/www.fisiobalance.cat\/ca\/epicondilitis\/","url":"https:\/\/www.fisiobalance.cat\/ca\/epicondilitis\/","name":"EPICONDILITIS - Fisiobalance","isPartOf":{"@id":"https:\/\/www.fisiobalance.cat\/#website"},"primaryImageOfPage":{"@id":"https:\/\/www.fisiobalance.cat\/ca\/epicondilitis\/#primaryimage"},"image":{"@id":"https:\/\/www.fisiobalance.cat\/ca\/epicondilitis\/#primaryimage"},"thumbnailUrl":"https:\/\/www.fisiobalance.cat\/wp-content\/uploads\/2023\/03\/epicondilitis.jpg","datePublished":"2023-03-11T18:41:17+00:00","dateModified":"2023-10-04T13:59:31+00:00","description":"La epicondilitis, tambi\u00e9n conocida como codo de tenista, es una afecci\u00f3n que se manifiesta con dolor en la cara externa del codo al realizar diferentes actividades que involucren movimientos de codo, mu\u00f1eca o mano.","breadcrumb":{"@id":"https:\/\/www.fisiobalance.cat\/ca\/epicondilitis\/#breadcrumb"},"inLanguage":"ca","potentialAction":[{"@type":"ReadAction","target":["https:\/\/www.fisiobalance.cat\/ca\/epicondilitis\/"]}]},{"@type":"ImageObject","inLanguage":"ca","@id":"https:\/\/www.fisiobalance.cat\/ca\/epicondilitis\/#primaryimage","url":"https:\/\/www.fisiobalance.cat\/wp-content\/uploads\/2023\/03\/epicondilitis.jpg","contentUrl":"https:\/\/www.fisiobalance.cat\/wp-content\/uploads\/2023\/03\/epicondilitis.jpg","width":2048,"height":1365},{"@type":"BreadcrumbList","@id":"https:\/\/www.fisiobalance.cat\/ca\/epicondilitis\/#breadcrumb","itemListElement":[{"@type":"ListItem","position":1,"name":"Portada","item":"https:\/\/www.fisiobalance.cat\/ca\/"},{"@type":"ListItem","position":2,"name":"EPICONDILITIS"}]},{"@type":"WebSite","@id":"https:\/\/www.fisiobalance.cat\/#website","url":"https:\/\/www.fisiobalance.cat\/","name":"Fisiobalance","description":"","publisher":{"@id":"https:\/\/www.fisiobalance.cat\/#organization"},"potentialAction":[{"@type":"SearchAction","target":{"@type":"EntryPoint","urlTemplate":"https:\/\/www.fisiobalance.cat\/?s={search_term_string}"},"query-input":{"@type":"PropertyValueSpecification","valueRequired":true,"valueName":"search_term_string"}}],"inLanguage":"ca"},{"@type":"Organization","@id":"https:\/\/www.fisiobalance.cat\/#organization","name":"Fisiobalance","url":"https:\/\/www.fisiobalance.cat\/","logo":{"@type":"ImageObject","inLanguage":"ca","@id":"https:\/\/www.fisiobalance.cat\/#\/schema\/logo\/image\/","url":"https:\/\/www.fisiobalance.cat\/wp-content\/uploads\/2018\/06\/fisiobalance_logo.png","contentUrl":"https:\/\/www.fisiobalance.cat\/wp-content\/uploads\/2018\/06\/fisiobalance_logo.png","width":369,"height":53,"caption":"Fisiobalance"},"image":{"@id":"https:\/\/www.fisiobalance.cat\/#\/schema\/logo\/image\/"}},{"@type":"Person","@id":"https:\/\/www.fisiobalance.cat\/#\/schema\/person\/ff8a94c5457314fcae1821bb17fb59f9","name":"fisiobalance","image":{"@type":"ImageObject","inLanguage":"ca","@id":"https:\/\/www.fisiobalance.cat\/#\/schema\/person\/image\/","url":"https:\/\/secure.gravatar.com\/avatar\/d01b67c6ec8f361b22fadb8cde3b40303b5f70548e5bd5bab7a5dcd8a26cc786?s=96&d=mm&r=g","contentUrl":"https:\/\/secure.gravatar.com\/avatar\/d01b67c6ec8f361b22fadb8cde3b40303b5f70548e5bd5bab7a5dcd8a26cc786?s=96&d=mm&r=g","caption":"fisiobalance"},"url":"https:\/\/www.fisiobalance.cat\/ca\/author\/fisiobalance\/"}]}},"_links":{"self":[{"href":"https:\/\/www.fisiobalance.cat\/ca\/wp-json\/wp\/v2\/posts\/3727","targetHints":{"allow":["GET"]}}],"collection":[{"href":"https:\/\/www.fisiobalance.cat\/ca\/wp-json\/wp\/v2\/posts"}],"about":[{"href":"https:\/\/www.fisiobalance.cat\/ca\/wp-json\/wp\/v2\/types\/post"}],"author":[{"embeddable":true,"href":"https:\/\/www.fisiobalance.cat\/ca\/wp-json\/wp\/v2\/users\/3"}],"replies":[{"embeddable":true,"href":"https:\/\/www.fisiobalance.cat\/ca\/wp-json\/wp\/v2\/comments?post=3727"}],"version-history":[{"count":3,"href":"https:\/\/www.fisiobalance.cat\/ca\/wp-json\/wp\/v2\/posts\/3727\/revisions"}],"predecessor-version":[{"id":3730,"href":"https:\/\/www.fisiobalance.cat\/ca\/wp-json\/wp\/v2\/posts\/3727\/revisions\/3730"}],"wp:featuredmedia":[{"embeddable":true,"href":"https:\/\/www.fisiobalance.cat\/ca\/wp-json\/wp\/v2\/media\/3910"}],"wp:attachment":[{"href":"https:\/\/www.fisiobalance.cat\/ca\/wp-json\/wp\/v2\/media?parent=3727"}],"wp:term":[{"taxonomy":"category","embeddable":true,"href":"https:\/\/www.fisiobalance.cat\/ca\/wp-json\/wp\/v2\/categories?post=3727"},{"taxonomy":"post_tag","embeddable":true,"href":"https:\/\/www.fisiobalance.cat\/ca\/wp-json\/wp\/v2\/tags?post=3727"}],"curies":[{"name":"wp","href":"https:\/\/api.w.org\/{rel}","templated":true}]}}