{"id":3732,"date":"2023-02-16T22:41:47","date_gmt":"2023-02-16T21:41:47","guid":{"rendered":"https:\/\/www.fisiobalance.cat\/dolor-orofacial-y-disfunciones-temporomandibulares\/"},"modified":"2023-10-04T15:59:40","modified_gmt":"2023-10-04T13:59:40","slug":"dolor-orofacial-i-disfuncio-temporomandibular","status":"publish","type":"post","link":"https:\/\/www.fisiobalance.cat\/ca\/dolor-orofacial-i-disfuncio-temporomandibular\/","title":{"rendered":"DOLOR OROFACIAL I DISFUNCI\u00d3 TEMPOROMANDIBULAR"},"content":{"rendered":"<p>El <strong>dolor orofacial<\/strong> estudia les entitats cl\u00edniques que cursen amb dolor a l&#8217;\u00e0rea de la boca, cara, cap i coll.<\/p>\n<p>El dolor \u00e9s una <strong>experi\u00e8ncia subjectiva<\/strong> que dep\u00e8n de molts factors. No hi ha dues persones amb la mateixa afectaci\u00f3 que pateixin el mateix dolor. I dins del <em>dolor orofacial,<\/em> trobem les <strong>disfuncions temporomandibulars.<\/strong><\/p>\n<p><img loading=\"lazy\" decoding=\"async\" class=\"alignnone size-medium wp-image-3532 aligncenter\" src=\"https:\/\/www.fisiobalance.cat\/wp-content\/uploads\/2023\/02\/dolor-mandibula-300x190.jpeg\" alt=\"\" width=\"300\" height=\"190\" srcset=\"https:\/\/www.fisiobalance.cat\/wp-content\/uploads\/2023\/02\/dolor-mandibula-300x190.jpeg 300w, https:\/\/www.fisiobalance.cat\/wp-content\/uploads\/2023\/02\/dolor-mandibula-1024x647.jpeg 1024w, https:\/\/www.fisiobalance.cat\/wp-content\/uploads\/2023\/02\/dolor-mandibula-768x485.jpeg 768w, https:\/\/www.fisiobalance.cat\/wp-content\/uploads\/2023\/02\/dolor-mandibula-1536x971.jpeg 1536w, https:\/\/www.fisiobalance.cat\/wp-content\/uploads\/2023\/02\/dolor-mandibula-2048x1295.jpeg 2048w, https:\/\/www.fisiobalance.cat\/wp-content\/uploads\/2023\/02\/dolor-mandibula-700x442.jpeg 700w, https:\/\/www.fisiobalance.cat\/wp-content\/uploads\/2023\/02\/dolor-mandibula-600x379.jpeg 600w\" sizes=\"auto, (max-width: 300px) 100vw, 300px\" \/><\/p>\n<h2>Disfuncions temporomandibulars<\/h2>\n<p>La disfunci\u00f3 temporomandibular \u00e9s un terme general que inclou entitats cl\u00edniques que involucren la musculatura masticat\u00f2ria, l&#8217;articulaci\u00f3 temporomandibular i les estructures relacionades. Les diferents entitats poden apar\u00e8ixer de manera a\u00efllada o combinada.<br \/>\nMoltes vegades el <strong>dolor cervicodorsal i fins i tot lumbar<\/strong> pot ser un factor de risc per patir dolor temporomandibular. El 59% dels individus amb dolor temporomandibular tamb\u00e9 presenten dolor cervicodorsal o lumbar.<\/p>\n<h2>Anatomia<\/h2>\n<p>Per comprendre en qu\u00e8 consisteixen les <strong>disfuncions temporomandibulars,<\/strong> primer hem de con\u00e8ixer l&#8217;anatomia i la funci\u00f3 de l&#8217;articulaci\u00f3 temporomandibular (ATM).<br \/>\n<strong>ATM<\/strong> \u00e9s l&#8217;articulaci\u00f3 que conformen l&#8217;os temporal (que forma part del crani) amb l&#8217;os mandibular.<\/p>\n<p><img loading=\"lazy\" decoding=\"async\" class=\"wp-image-3528 aligncenter\" src=\"https:\/\/www.fisiobalance.cat\/wp-content\/uploads\/2023\/02\/masetero-temporal-300x197.jpeg\" alt=\"\" width=\"344\" height=\"226\" srcset=\"https:\/\/www.fisiobalance.cat\/wp-content\/uploads\/2023\/02\/masetero-temporal-300x197.jpeg 300w, https:\/\/www.fisiobalance.cat\/wp-content\/uploads\/2023\/02\/masetero-temporal-1024x674.jpeg 1024w, https:\/\/www.fisiobalance.cat\/wp-content\/uploads\/2023\/02\/masetero-temporal-768x505.jpeg 768w, https:\/\/www.fisiobalance.cat\/wp-content\/uploads\/2023\/02\/masetero-temporal-1536x1010.jpeg 1536w, https:\/\/www.fisiobalance.cat\/wp-content\/uploads\/2023\/02\/masetero-temporal-2048x1347.jpeg 2048w, https:\/\/www.fisiobalance.cat\/wp-content\/uploads\/2023\/02\/masetero-temporal-700x460.jpeg 700w, https:\/\/www.fisiobalance.cat\/wp-content\/uploads\/2023\/02\/masetero-temporal-600x395.jpeg 600w\" sizes=\"auto, (max-width: 344px) 100vw, 344px\" \/><\/p>\n<p>Tenim una a cada costat de la cara, i \u00e9s l&#8217;articulaci\u00f3 que mitjan\u00e7ant el moviment de la mand\u00edbula permet <strong>parlar, mastegar i respirar.<\/strong><\/p>\n<p>Dins aquesta curiosa articulaci\u00f3, a banda dels ossos que la conformen, trobarem un <strong>disc intrararticular<\/strong>, un <strong>sistema lligament\u00f3s i la c\u00e0psula articular.<\/strong> Totes estructures i la musculatura que l&#8217;envolta han d&#8217;estar en perfectes condicions per al moviment de la mand\u00edbula.<\/p>\n<p><img loading=\"lazy\" decoding=\"async\" class=\"size-medium wp-image-3522 aligncenter\" src=\"https:\/\/www.fisiobalance.cat\/wp-content\/uploads\/2023\/02\/Temporal-y-masndibula-300x300.jpeg\" alt=\"\" width=\"300\" height=\"300\" srcset=\"https:\/\/www.fisiobalance.cat\/wp-content\/uploads\/2023\/02\/Temporal-y-masndibula-300x300.jpeg 300w, https:\/\/www.fisiobalance.cat\/wp-content\/uploads\/2023\/02\/Temporal-y-masndibula-1024x1024.jpeg 1024w, https:\/\/www.fisiobalance.cat\/wp-content\/uploads\/2023\/02\/Temporal-y-masndibula-150x150.jpeg 150w, https:\/\/www.fisiobalance.cat\/wp-content\/uploads\/2023\/02\/Temporal-y-masndibula-768x768.jpeg 768w, https:\/\/www.fisiobalance.cat\/wp-content\/uploads\/2023\/02\/Temporal-y-masndibula-1536x1536.jpeg 1536w, https:\/\/www.fisiobalance.cat\/wp-content\/uploads\/2023\/02\/Temporal-y-masndibula-2048x2048.jpeg 2048w, https:\/\/www.fisiobalance.cat\/wp-content\/uploads\/2023\/02\/Temporal-y-masndibula-570x570.jpeg 570w, https:\/\/www.fisiobalance.cat\/wp-content\/uploads\/2023\/02\/Temporal-y-masndibula-500x500.jpeg 500w, https:\/\/www.fisiobalance.cat\/wp-content\/uploads\/2023\/02\/Temporal-y-masndibula-1000x1000.jpeg 1000w, https:\/\/www.fisiobalance.cat\/wp-content\/uploads\/2023\/02\/Temporal-y-masndibula-700x700.jpeg 700w, https:\/\/www.fisiobalance.cat\/wp-content\/uploads\/2023\/02\/Temporal-y-masndibula-600x600.jpeg 600w, https:\/\/www.fisiobalance.cat\/wp-content\/uploads\/2023\/02\/Temporal-y-masndibula-100x100.jpeg 100w\" sizes=\"auto, (max-width: 300px) 100vw, 300px\" \/><\/p>\n<h2>Moviments de l&#8217;articulaci\u00f3 temporomandibular<\/h2>\n<p>L\u00b4ATM permet els moviments d\u00b4obertura, tancament, protusiva, retrusiva i diducci\u00f3 dreta i esquerra.<\/p>\n<ul>\n<li>L<strong>&#8216;obertura<\/strong> i el tancament ens permeten obrir i tancar la boca.<\/li>\n<li>La <strong>protusiva<\/strong> permet fer un despla\u00e7ament de la mand\u00edbula cap a anterior respecte el crani, i la <strong>retrusiva<\/strong> cap enrere.<\/li>\n<li>La <strong>diducci\u00f3<\/strong> permet fer un despla\u00e7ament lateral de la mand\u00edbula, ho podem fer cap a la dreta o l&#8217;esquerra.<\/li>\n<\/ul>\n<p>&nbsp;<\/p>\n<h2>Desordres o disfuncions de l&#8217;articulaci\u00f3 temporomandibular<\/h2>\n<p>Els desordres de l&#8217;ATM es classifiquen en 3 grups: <strong>trastorns musculars, despla\u00e7ament del disc articular i altres condicions articulars.<\/strong><\/p>\n<p>El despla\u00e7ament del disc articular \u00e9s el m\u00e9s freq\u00fcent dins de l&#8217;ATM i es pot cursar amb diferents nivells. El despla\u00e7ament del disc sol ser cap a <strong>anterior, anteromedial o anterolateral.<\/strong><\/p>\n<p>&nbsp;<\/p>\n<h2>Quins s\u00edmptomes he de presentar en cas de despla\u00e7ament discal?<\/h2>\n<ol>\n<li>Pres\u00e8ncia de sorolls articulars en obertura.<\/li>\n<li>Possible limitaci\u00f3 a l&#8217;obertura bucal.<\/li>\n<li>Dolor accentuat amb el moviment articular.<\/li>\n<li>Dolor en tocar l&#8217;articulaci\u00f3.<\/li>\n<\/ol>\n<p>&nbsp;<\/p>\n<h2>Aleshores\u2026 Quin paper t\u00e9 la musculatura en tot aix\u00f2?<\/h2>\n<blockquote><p>La musculatura pot estar afectada per <strong>factors locals:<\/strong><\/p>\n<ul>\n<li>fractura dental<\/li>\n<li>implant<\/li>\n<li>masticaci\u00f3 de xiclet<\/li>\n<li>traumatisme maxil\u00b7lar<\/li>\n<li>injecci\u00f3 oral\u2026<\/li>\n<\/ul>\n<p>o b\u00e9 per <strong>factors sist\u00e8mics:<\/strong><\/p>\n<ul>\n<li>afectacions autoimmunes<\/li>\n<li>afectacions v\u00edriques<\/li>\n<\/ul>\n<p>La primera resposta a aquestes afectacions \u00e9s la cocontracci\u00f3 protectora o fixaci\u00f3 muscular.<\/p>\n<p>En resum, l&#8217;activitat muscular normalment queda alterada <strong>augmentant el to muscular<\/strong> per protegir l&#8217;estructura amena\u00e7ada d&#8217;una lesi\u00f3 m\u00e9s gran.<\/p><\/blockquote>\n<p>&nbsp;<\/p>\n<h2>Sintomatologia de l&#8217;alteraci\u00f3 muscular:<\/h2>\n<ol>\n<li>Dolor a la palpaci\u00f3 muscular.<\/li>\n<li>Dolor en les activitats b\u00e0siques (parlar, respirar o mastegar).<\/li>\n<li>Dificultat en lobertura de la boca.<\/li>\n<\/ol>\n<p><img loading=\"lazy\" decoding=\"async\" class=\"size-medium wp-image-3525 aligncenter\" src=\"https:\/\/www.fisiobalance.cat\/wp-content\/uploads\/2023\/02\/tratamiento-de-fisioterapia-300x200.jpeg\" alt=\"\" width=\"300\" height=\"200\" srcset=\"https:\/\/www.fisiobalance.cat\/wp-content\/uploads\/2023\/02\/tratamiento-de-fisioterapia-300x200.jpeg 300w, https:\/\/www.fisiobalance.cat\/wp-content\/uploads\/2023\/02\/tratamiento-de-fisioterapia-1024x681.jpeg 1024w, https:\/\/www.fisiobalance.cat\/wp-content\/uploads\/2023\/02\/tratamiento-de-fisioterapia-768x511.jpeg 768w, https:\/\/www.fisiobalance.cat\/wp-content\/uploads\/2023\/02\/tratamiento-de-fisioterapia-1536x1022.jpeg 1536w, https:\/\/www.fisiobalance.cat\/wp-content\/uploads\/2023\/02\/tratamiento-de-fisioterapia-2048x1363.jpeg 2048w, https:\/\/www.fisiobalance.cat\/wp-content\/uploads\/2023\/02\/tratamiento-de-fisioterapia-700x466.jpeg 700w, https:\/\/www.fisiobalance.cat\/wp-content\/uploads\/2023\/02\/tratamiento-de-fisioterapia-600x399.jpeg 600w\" sizes=\"auto, (max-width: 300px) 100vw, 300px\" \/><\/p>\n<h2>Tractament de fisioter\u00e0pia especialista en trastorns temporomandibualres<\/h2>\n<p>El <a href=\"https:\/\/www.instagram.com\/reel\/CofzLikgZoH\/?igshid=YmMyMTA2M2Y=\"><strong>tractament en fisioter\u00e0pia<\/strong><\/a> dels desordres de l&#8217;ATM tindr\u00e0 com a objectiu <strong>reduir el dolor i millorar la funcionalitat.<\/strong><br \/>\nPer aconseguir els nostres objectius utilitzarem diferents t\u00e8cniques:<\/p>\n<ol>\n<li><strong>Mobilitzacions articulars<\/strong> per recuperar la mobilitat.<\/li>\n<li>Ter\u00e0pia manual, tractament de <strong>punts gallet, massatge i t\u00e8cniques miofascials<\/strong> amb la finalitat de relaxar tota aquesta musculatura que t\u00e9 un exc\u00e9s de tensi\u00f3.<\/li>\n<li><strong>Estirament muscular<\/strong> per relaxar la musculatura.<\/li>\n<li><strong>Exercici terap\u00e8utic<\/strong> per remodelar i readaptar estructures a noves condicions.<\/li>\n<li>Treball de correcci\u00f3 postural. L&#8217;articulaci\u00f3 temporomandibular est\u00e0 \u00edntimament relacionada amb les cervicals superiors, per aix\u00f2 una postura incorrecta de cap i coll pot ser una perpetuant d&#8217;una disfunci\u00f3 temporomandibular.<\/li>\n<li>T\u00e8cniques de <strong>respiraci\u00f3<\/strong>. Ja que hi ha patrons aix\u00ed com linguals com a respiratoris que poden agreujar els s\u00edmptomes.<\/li>\n<li><a href=\"https:\/\/www.fisiobalance.cat\/recomendaciones-para-disminuir-las-molestias-producida-por-trastornos-de-atm\/\">Recomanacions per disminuir els s\u00edmptomes.<\/a><\/li>\n<\/ol>\n<p><img loading=\"lazy\" decoding=\"async\" class=\"size-medium wp-image-2037 aligncenter\" src=\"https:\/\/www.fisiobalance.cat\/wp-content\/uploads\/2022\/03\/bruxismo-300x200.jpg\" alt=\"\" width=\"300\" height=\"200\" srcset=\"https:\/\/www.fisiobalance.cat\/wp-content\/uploads\/2022\/03\/bruxismo-300x200.jpg 300w, https:\/\/www.fisiobalance.cat\/wp-content\/uploads\/2022\/03\/bruxismo.jpg 500w\" sizes=\"auto, (max-width: 300px) 100vw, 300px\" \/><\/p>\n","protected":false},"excerpt":{"rendered":"<p>El dolor orofacial estudia les entitats cl\u00edniques que cursen amb dolor a l&#8217;\u00e0rea de la boca, cara, cap i coll. El dolor \u00e9s una experi\u00e8ncia subjectiva que dep\u00e8n de molts factors. No hi ha dues persones amb la mateixa afectaci\u00f3 que pateixin el mateix dolor&#8230;.<\/p>\n","protected":false},"author":3,"featured_media":3907,"comment_status":"open","ping_status":"open","sticky":false,"template":"","format":"standard","meta":{"footnotes":""},"categories":[247],"tags":[],"class_list":["post-3732","post","type-post","status-publish","format-standard","has-post-thumbnail","hentry","category-fisioterapia-ca"],"yoast_head":"<!-- This site is optimized with the Yoast SEO plugin v26.3 - https:\/\/yoast.com\/wordpress\/plugins\/seo\/ -->\n<title>dolor orofacial y trastornos y\/o disfunciones mandibulares. fisioterapia<\/title>\n<meta name=\"description\" content=\"EL dolor orofacial cursa con dolor en el \u00e1rea de la boca, cara, cabeza y\/o cuello. Dentro del dolor orofacial encontramos las disfunciones temporomandibulares que pueden ser de origen muscular o articular. La fisioterapia dispone de diferentes t\u00e9cnicas para mejorar la sintomatolog\u00eda a trav\u00e9s de movilizaciones articulares, tratameinto de PGM, estiramientos, ejercicios espec\u00edficos entre otros. %\" \/>\n<meta name=\"robots\" content=\"index, follow, max-snippet:-1, max-image-preview:large, max-video-preview:-1\" \/>\n<link rel=\"canonical\" href=\"https:\/\/www.fisiobalance.cat\/ca\/dolor-orofacial-i-disfuncio-temporomandibular\/\" \/>\n<meta property=\"og:locale\" content=\"ca_ES\" \/>\n<meta property=\"og:type\" content=\"article\" \/>\n<meta property=\"og:title\" content=\"Dolor orofacial y disfunci\u00f3n temporomandibular. S\u00edntomatologia y tratamiento de fisioterapia\" \/>\n<meta property=\"og:description\" content=\"EL dolor orofacial cursa con dolor en el \u00e1rea de la boca, cara, cabeza y\/o cuello. Dentro del dolor orofacial encontramos las disfunciones temporomandibulares que pueden ser de origen muscular o articular. La fisioterapia dispone de diferentes t\u00e9cnicas para mejorar la sintomatolog\u00eda a trav\u00e9s de movilizaciones articulares, tratameinto de PGM, estiramientos, ejercicios espec\u00edficos entre otros. %\" \/>\n<meta property=\"og:url\" content=\"https:\/\/www.fisiobalance.cat\/ca\/dolor-orofacial-i-disfuncio-temporomandibular\/\" \/>\n<meta property=\"og:site_name\" content=\"Fisiobalance\" \/>\n<meta property=\"article:published_time\" content=\"2023-02-16T21:41:47+00:00\" \/>\n<meta property=\"article:modified_time\" content=\"2023-10-04T13:59:40+00:00\" \/>\n<meta property=\"og:image\" content=\"https:\/\/www.fisiobalance.cat\/wp-content\/uploads\/2022\/03\/bruxismo.jpg\" \/>\n\t<meta property=\"og:image:width\" content=\"500\" \/>\n\t<meta property=\"og:image:height\" content=\"333\" \/>\n\t<meta property=\"og:image:type\" content=\"image\/jpeg\" \/>\n<meta name=\"author\" content=\"fisiobalance\" \/>\n<meta name=\"twitter:card\" content=\"summary_large_image\" \/>\n<meta name=\"twitter:label1\" content=\"Escrit per\" \/>\n\t<meta name=\"twitter:data1\" content=\"fisiobalance\" \/>\n\t<meta name=\"twitter:label2\" content=\"Temps estimat de lectura\" \/>\n\t<meta name=\"twitter:data2\" content=\"4 minuts\" \/>\n<script type=\"application\/ld+json\" class=\"yoast-schema-graph\">{\"@context\":\"https:\/\/schema.org\",\"@graph\":[{\"@type\":\"Article\",\"@id\":\"https:\/\/www.fisiobalance.cat\/ca\/dolor-orofacial-i-disfuncio-temporomandibular\/#article\",\"isPartOf\":{\"@id\":\"https:\/\/www.fisiobalance.cat\/ca\/dolor-orofacial-i-disfuncio-temporomandibular\/\"},\"author\":{\"name\":\"fisiobalance\",\"@id\":\"https:\/\/www.fisiobalance.cat\/#\/schema\/person\/ff8a94c5457314fcae1821bb17fb59f9\"},\"headline\":\"DOLOR OROFACIAL I DISFUNCI\u00d3 TEMPOROMANDIBULAR\",\"datePublished\":\"2023-02-16T21:41:47+00:00\",\"dateModified\":\"2023-10-04T13:59:40+00:00\",\"mainEntityOfPage\":{\"@id\":\"https:\/\/www.fisiobalance.cat\/ca\/dolor-orofacial-i-disfuncio-temporomandibular\/\"},\"wordCount\":674,\"commentCount\":0,\"publisher\":{\"@id\":\"https:\/\/www.fisiobalance.cat\/#organization\"},\"image\":{\"@id\":\"https:\/\/www.fisiobalance.cat\/ca\/dolor-orofacial-i-disfuncio-temporomandibular\/#primaryimage\"},\"thumbnailUrl\":\"https:\/\/www.fisiobalance.cat\/wp-content\/uploads\/2023\/02\/orofacial.jpg\",\"articleSection\":[\"fisioter\u00e0pia\"],\"inLanguage\":\"ca\",\"potentialAction\":[{\"@type\":\"CommentAction\",\"name\":\"Comment\",\"target\":[\"https:\/\/www.fisiobalance.cat\/ca\/dolor-orofacial-i-disfuncio-temporomandibular\/#respond\"]}]},{\"@type\":\"WebPage\",\"@id\":\"https:\/\/www.fisiobalance.cat\/ca\/dolor-orofacial-i-disfuncio-temporomandibular\/\",\"url\":\"https:\/\/www.fisiobalance.cat\/ca\/dolor-orofacial-i-disfuncio-temporomandibular\/\",\"name\":\"dolor orofacial y trastornos y\/o disfunciones mandibulares. fisioterapia\",\"isPartOf\":{\"@id\":\"https:\/\/www.fisiobalance.cat\/#website\"},\"primaryImageOfPage\":{\"@id\":\"https:\/\/www.fisiobalance.cat\/ca\/dolor-orofacial-i-disfuncio-temporomandibular\/#primaryimage\"},\"image\":{\"@id\":\"https:\/\/www.fisiobalance.cat\/ca\/dolor-orofacial-i-disfuncio-temporomandibular\/#primaryimage\"},\"thumbnailUrl\":\"https:\/\/www.fisiobalance.cat\/wp-content\/uploads\/2023\/02\/orofacial.jpg\",\"datePublished\":\"2023-02-16T21:41:47+00:00\",\"dateModified\":\"2023-10-04T13:59:40+00:00\",\"description\":\"EL dolor orofacial cursa con dolor en el \u00e1rea de la boca, cara, cabeza y\/o cuello. Dentro del dolor orofacial encontramos las disfunciones temporomandibulares que pueden ser de origen muscular o articular. La fisioterapia dispone de diferentes t\u00e9cnicas para mejorar la sintomatolog\u00eda a trav\u00e9s de movilizaciones articulares, tratameinto de PGM, estiramientos, ejercicios espec\u00edficos entre otros. %\",\"breadcrumb\":{\"@id\":\"https:\/\/www.fisiobalance.cat\/ca\/dolor-orofacial-i-disfuncio-temporomandibular\/#breadcrumb\"},\"inLanguage\":\"ca\",\"potentialAction\":[{\"@type\":\"ReadAction\",\"target\":[\"https:\/\/www.fisiobalance.cat\/ca\/dolor-orofacial-i-disfuncio-temporomandibular\/\"]}]},{\"@type\":\"ImageObject\",\"inLanguage\":\"ca\",\"@id\":\"https:\/\/www.fisiobalance.cat\/ca\/dolor-orofacial-i-disfuncio-temporomandibular\/#primaryimage\",\"url\":\"https:\/\/www.fisiobalance.cat\/wp-content\/uploads\/2023\/02\/orofacial.jpg\",\"contentUrl\":\"https:\/\/www.fisiobalance.cat\/wp-content\/uploads\/2023\/02\/orofacial.jpg\",\"width\":2048,\"height\":1365},{\"@type\":\"BreadcrumbList\",\"@id\":\"https:\/\/www.fisiobalance.cat\/ca\/dolor-orofacial-i-disfuncio-temporomandibular\/#breadcrumb\",\"itemListElement\":[{\"@type\":\"ListItem\",\"position\":1,\"name\":\"Portada\",\"item\":\"https:\/\/www.fisiobalance.cat\/ca\/\"},{\"@type\":\"ListItem\",\"position\":2,\"name\":\"DOLOR OROFACIAL I DISFUNCI\u00d3 TEMPOROMANDIBULAR\"}]},{\"@type\":\"WebSite\",\"@id\":\"https:\/\/www.fisiobalance.cat\/#website\",\"url\":\"https:\/\/www.fisiobalance.cat\/\",\"name\":\"Fisiobalance\",\"description\":\"\",\"publisher\":{\"@id\":\"https:\/\/www.fisiobalance.cat\/#organization\"},\"potentialAction\":[{\"@type\":\"SearchAction\",\"target\":{\"@type\":\"EntryPoint\",\"urlTemplate\":\"https:\/\/www.fisiobalance.cat\/?s={search_term_string}\"},\"query-input\":{\"@type\":\"PropertyValueSpecification\",\"valueRequired\":true,\"valueName\":\"search_term_string\"}}],\"inLanguage\":\"ca\"},{\"@type\":\"Organization\",\"@id\":\"https:\/\/www.fisiobalance.cat\/#organization\",\"name\":\"Fisiobalance\",\"url\":\"https:\/\/www.fisiobalance.cat\/\",\"logo\":{\"@type\":\"ImageObject\",\"inLanguage\":\"ca\",\"@id\":\"https:\/\/www.fisiobalance.cat\/#\/schema\/logo\/image\/\",\"url\":\"https:\/\/www.fisiobalance.cat\/wp-content\/uploads\/2018\/06\/fisiobalance_logo.png\",\"contentUrl\":\"https:\/\/www.fisiobalance.cat\/wp-content\/uploads\/2018\/06\/fisiobalance_logo.png\",\"width\":369,\"height\":53,\"caption\":\"Fisiobalance\"},\"image\":{\"@id\":\"https:\/\/www.fisiobalance.cat\/#\/schema\/logo\/image\/\"}},{\"@type\":\"Person\",\"@id\":\"https:\/\/www.fisiobalance.cat\/#\/schema\/person\/ff8a94c5457314fcae1821bb17fb59f9\",\"name\":\"fisiobalance\",\"image\":{\"@type\":\"ImageObject\",\"inLanguage\":\"ca\",\"@id\":\"https:\/\/www.fisiobalance.cat\/#\/schema\/person\/image\/\",\"url\":\"https:\/\/secure.gravatar.com\/avatar\/d01b67c6ec8f361b22fadb8cde3b40303b5f70548e5bd5bab7a5dcd8a26cc786?s=96&d=mm&r=g\",\"contentUrl\":\"https:\/\/secure.gravatar.com\/avatar\/d01b67c6ec8f361b22fadb8cde3b40303b5f70548e5bd5bab7a5dcd8a26cc786?s=96&d=mm&r=g\",\"caption\":\"fisiobalance\"},\"url\":\"https:\/\/www.fisiobalance.cat\/ca\/author\/fisiobalance\/\"}]}<\/script>\n<!-- \/ Yoast SEO plugin. -->","yoast_head_json":{"title":"dolor orofacial y trastornos y\/o disfunciones mandibulares. fisioterapia","description":"EL dolor orofacial cursa con dolor en el \u00e1rea de la boca, cara, cabeza y\/o cuello. Dentro del dolor orofacial encontramos las disfunciones temporomandibulares que pueden ser de origen muscular o articular. La fisioterapia dispone de diferentes t\u00e9cnicas para mejorar la sintomatolog\u00eda a trav\u00e9s de movilizaciones articulares, tratameinto de PGM, estiramientos, ejercicios espec\u00edficos entre otros. %","robots":{"index":"index","follow":"follow","max-snippet":"max-snippet:-1","max-image-preview":"max-image-preview:large","max-video-preview":"max-video-preview:-1"},"canonical":"https:\/\/www.fisiobalance.cat\/ca\/dolor-orofacial-i-disfuncio-temporomandibular\/","og_locale":"ca_ES","og_type":"article","og_title":"Dolor orofacial y disfunci\u00f3n temporomandibular. S\u00edntomatologia y tratamiento de fisioterapia","og_description":"EL dolor orofacial cursa con dolor en el \u00e1rea de la boca, cara, cabeza y\/o cuello. Dentro del dolor orofacial encontramos las disfunciones temporomandibulares que pueden ser de origen muscular o articular. La fisioterapia dispone de diferentes t\u00e9cnicas para mejorar la sintomatolog\u00eda a trav\u00e9s de movilizaciones articulares, tratameinto de PGM, estiramientos, ejercicios espec\u00edficos entre otros. %","og_url":"https:\/\/www.fisiobalance.cat\/ca\/dolor-orofacial-i-disfuncio-temporomandibular\/","og_site_name":"Fisiobalance","article_published_time":"2023-02-16T21:41:47+00:00","article_modified_time":"2023-10-04T13:59:40+00:00","og_image":[{"width":500,"height":333,"url":"https:\/\/www.fisiobalance.cat\/wp-content\/uploads\/2022\/03\/bruxismo.jpg","type":"image\/jpeg"}],"author":"fisiobalance","twitter_card":"summary_large_image","twitter_misc":{"Escrit per":"fisiobalance","Temps estimat de lectura":"4 minuts"},"schema":{"@context":"https:\/\/schema.org","@graph":[{"@type":"Article","@id":"https:\/\/www.fisiobalance.cat\/ca\/dolor-orofacial-i-disfuncio-temporomandibular\/#article","isPartOf":{"@id":"https:\/\/www.fisiobalance.cat\/ca\/dolor-orofacial-i-disfuncio-temporomandibular\/"},"author":{"name":"fisiobalance","@id":"https:\/\/www.fisiobalance.cat\/#\/schema\/person\/ff8a94c5457314fcae1821bb17fb59f9"},"headline":"DOLOR OROFACIAL I DISFUNCI\u00d3 TEMPOROMANDIBULAR","datePublished":"2023-02-16T21:41:47+00:00","dateModified":"2023-10-04T13:59:40+00:00","mainEntityOfPage":{"@id":"https:\/\/www.fisiobalance.cat\/ca\/dolor-orofacial-i-disfuncio-temporomandibular\/"},"wordCount":674,"commentCount":0,"publisher":{"@id":"https:\/\/www.fisiobalance.cat\/#organization"},"image":{"@id":"https:\/\/www.fisiobalance.cat\/ca\/dolor-orofacial-i-disfuncio-temporomandibular\/#primaryimage"},"thumbnailUrl":"https:\/\/www.fisiobalance.cat\/wp-content\/uploads\/2023\/02\/orofacial.jpg","articleSection":["fisioter\u00e0pia"],"inLanguage":"ca","potentialAction":[{"@type":"CommentAction","name":"Comment","target":["https:\/\/www.fisiobalance.cat\/ca\/dolor-orofacial-i-disfuncio-temporomandibular\/#respond"]}]},{"@type":"WebPage","@id":"https:\/\/www.fisiobalance.cat\/ca\/dolor-orofacial-i-disfuncio-temporomandibular\/","url":"https:\/\/www.fisiobalance.cat\/ca\/dolor-orofacial-i-disfuncio-temporomandibular\/","name":"dolor orofacial y trastornos y\/o disfunciones mandibulares. fisioterapia","isPartOf":{"@id":"https:\/\/www.fisiobalance.cat\/#website"},"primaryImageOfPage":{"@id":"https:\/\/www.fisiobalance.cat\/ca\/dolor-orofacial-i-disfuncio-temporomandibular\/#primaryimage"},"image":{"@id":"https:\/\/www.fisiobalance.cat\/ca\/dolor-orofacial-i-disfuncio-temporomandibular\/#primaryimage"},"thumbnailUrl":"https:\/\/www.fisiobalance.cat\/wp-content\/uploads\/2023\/02\/orofacial.jpg","datePublished":"2023-02-16T21:41:47+00:00","dateModified":"2023-10-04T13:59:40+00:00","description":"EL dolor orofacial cursa con dolor en el \u00e1rea de la boca, cara, cabeza y\/o cuello. Dentro del dolor orofacial encontramos las disfunciones temporomandibulares que pueden ser de origen muscular o articular. La fisioterapia dispone de diferentes t\u00e9cnicas para mejorar la sintomatolog\u00eda a trav\u00e9s de movilizaciones articulares, tratameinto de PGM, estiramientos, ejercicios espec\u00edficos entre otros. %","breadcrumb":{"@id":"https:\/\/www.fisiobalance.cat\/ca\/dolor-orofacial-i-disfuncio-temporomandibular\/#breadcrumb"},"inLanguage":"ca","potentialAction":[{"@type":"ReadAction","target":["https:\/\/www.fisiobalance.cat\/ca\/dolor-orofacial-i-disfuncio-temporomandibular\/"]}]},{"@type":"ImageObject","inLanguage":"ca","@id":"https:\/\/www.fisiobalance.cat\/ca\/dolor-orofacial-i-disfuncio-temporomandibular\/#primaryimage","url":"https:\/\/www.fisiobalance.cat\/wp-content\/uploads\/2023\/02\/orofacial.jpg","contentUrl":"https:\/\/www.fisiobalance.cat\/wp-content\/uploads\/2023\/02\/orofacial.jpg","width":2048,"height":1365},{"@type":"BreadcrumbList","@id":"https:\/\/www.fisiobalance.cat\/ca\/dolor-orofacial-i-disfuncio-temporomandibular\/#breadcrumb","itemListElement":[{"@type":"ListItem","position":1,"name":"Portada","item":"https:\/\/www.fisiobalance.cat\/ca\/"},{"@type":"ListItem","position":2,"name":"DOLOR OROFACIAL I DISFUNCI\u00d3 TEMPOROMANDIBULAR"}]},{"@type":"WebSite","@id":"https:\/\/www.fisiobalance.cat\/#website","url":"https:\/\/www.fisiobalance.cat\/","name":"Fisiobalance","description":"","publisher":{"@id":"https:\/\/www.fisiobalance.cat\/#organization"},"potentialAction":[{"@type":"SearchAction","target":{"@type":"EntryPoint","urlTemplate":"https:\/\/www.fisiobalance.cat\/?s={search_term_string}"},"query-input":{"@type":"PropertyValueSpecification","valueRequired":true,"valueName":"search_term_string"}}],"inLanguage":"ca"},{"@type":"Organization","@id":"https:\/\/www.fisiobalance.cat\/#organization","name":"Fisiobalance","url":"https:\/\/www.fisiobalance.cat\/","logo":{"@type":"ImageObject","inLanguage":"ca","@id":"https:\/\/www.fisiobalance.cat\/#\/schema\/logo\/image\/","url":"https:\/\/www.fisiobalance.cat\/wp-content\/uploads\/2018\/06\/fisiobalance_logo.png","contentUrl":"https:\/\/www.fisiobalance.cat\/wp-content\/uploads\/2018\/06\/fisiobalance_logo.png","width":369,"height":53,"caption":"Fisiobalance"},"image":{"@id":"https:\/\/www.fisiobalance.cat\/#\/schema\/logo\/image\/"}},{"@type":"Person","@id":"https:\/\/www.fisiobalance.cat\/#\/schema\/person\/ff8a94c5457314fcae1821bb17fb59f9","name":"fisiobalance","image":{"@type":"ImageObject","inLanguage":"ca","@id":"https:\/\/www.fisiobalance.cat\/#\/schema\/person\/image\/","url":"https:\/\/secure.gravatar.com\/avatar\/d01b67c6ec8f361b22fadb8cde3b40303b5f70548e5bd5bab7a5dcd8a26cc786?s=96&d=mm&r=g","contentUrl":"https:\/\/secure.gravatar.com\/avatar\/d01b67c6ec8f361b22fadb8cde3b40303b5f70548e5bd5bab7a5dcd8a26cc786?s=96&d=mm&r=g","caption":"fisiobalance"},"url":"https:\/\/www.fisiobalance.cat\/ca\/author\/fisiobalance\/"}]}},"_links":{"self":[{"href":"https:\/\/www.fisiobalance.cat\/ca\/wp-json\/wp\/v2\/posts\/3732","targetHints":{"allow":["GET"]}}],"collection":[{"href":"https:\/\/www.fisiobalance.cat\/ca\/wp-json\/wp\/v2\/posts"}],"about":[{"href":"https:\/\/www.fisiobalance.cat\/ca\/wp-json\/wp\/v2\/types\/post"}],"author":[{"embeddable":true,"href":"https:\/\/www.fisiobalance.cat\/ca\/wp-json\/wp\/v2\/users\/3"}],"replies":[{"embeddable":true,"href":"https:\/\/www.fisiobalance.cat\/ca\/wp-json\/wp\/v2\/comments?post=3732"}],"version-history":[{"count":7,"href":"https:\/\/www.fisiobalance.cat\/ca\/wp-json\/wp\/v2\/posts\/3732\/revisions"}],"predecessor-version":[{"id":3733,"href":"https:\/\/www.fisiobalance.cat\/ca\/wp-json\/wp\/v2\/posts\/3732\/revisions\/3733"}],"wp:featuredmedia":[{"embeddable":true,"href":"https:\/\/www.fisiobalance.cat\/ca\/wp-json\/wp\/v2\/media\/3907"}],"wp:attachment":[{"href":"https:\/\/www.fisiobalance.cat\/ca\/wp-json\/wp\/v2\/media?parent=3732"}],"wp:term":[{"taxonomy":"category","embeddable":true,"href":"https:\/\/www.fisiobalance.cat\/ca\/wp-json\/wp\/v2\/categories?post=3732"},{"taxonomy":"post_tag","embeddable":true,"href":"https:\/\/www.fisiobalance.cat\/ca\/wp-json\/wp\/v2\/tags?post=3732"}],"curies":[{"name":"wp","href":"https:\/\/api.w.org\/{rel}","templated":true}]}}