{"id":3960,"date":"2021-09-18T21:51:34","date_gmt":"2021-09-18T19:51:34","guid":{"rendered":"https:\/\/www.fisiobalance.cat\/sindrome-del-trocanter-mayor\/"},"modified":"2023-10-04T16:17:15","modified_gmt":"2023-10-04T14:17:15","slug":"sindrome-del-trocanter-major","status":"publish","type":"post","link":"https:\/\/www.fisiobalance.cat\/ca\/sindrome-del-trocanter-major\/","title":{"rendered":"S\u00cdNDROME DEL TROCANTER MAJOR"},"content":{"rendered":"<p>Aquesta s\u00edndrome es caracteritza per dolor a la zona lateral del maluc i pot ser produ\u00efda per diversos trastorns:<\/p>\n<ol>\n<li><strong>Tendinopaties als m\u00fasculs glutis mig i menor.<\/strong><\/li>\n<li><strong>Bursitis trocant\u00e8rica.<\/strong><\/li>\n<li><strong>S\u00edndrome del maluc en ressort.<\/strong><\/li>\n<\/ol>\n<p>&nbsp;<\/p>\n<p><img loading=\"lazy\" decoding=\"async\" class=\"size-medium wp-image-1752 aligncenter\" src=\"https:\/\/www.fisiobalance.cat\/wp-content\/uploads\/2021\/09\/running-cadera-200x300.jpeg\" alt=\"\" width=\"200\" height=\"300\" srcset=\"https:\/\/www.fisiobalance.cat\/wp-content\/uploads\/2021\/09\/running-cadera-200x300.jpeg 200w, https:\/\/www.fisiobalance.cat\/wp-content\/uploads\/2021\/09\/running-cadera-683x1024.jpeg 683w, https:\/\/www.fisiobalance.cat\/wp-content\/uploads\/2021\/09\/running-cadera-768x1152.jpeg 768w, https:\/\/www.fisiobalance.cat\/wp-content\/uploads\/2021\/09\/running-cadera-1024x1536.jpeg 1024w, https:\/\/www.fisiobalance.cat\/wp-content\/uploads\/2021\/09\/running-cadera-1365x2048.jpeg 1365w, https:\/\/www.fisiobalance.cat\/wp-content\/uploads\/2021\/09\/running-cadera-700x1050.jpeg 700w, https:\/\/www.fisiobalance.cat\/wp-content\/uploads\/2021\/09\/running-cadera-300x450.jpeg 300w, https:\/\/www.fisiobalance.cat\/wp-content\/uploads\/2021\/09\/running-cadera-600x900.jpeg 600w, https:\/\/www.fisiobalance.cat\/wp-content\/uploads\/2021\/09\/running-cadera-scaled.jpeg 1707w\" sizes=\"auto, (max-width: 200px) 100vw, 200px\" \/><\/p>\n<p>El troc\u00e0nter major \u00e9s el punt d&#8217;ancoratge dels tendons de cinc m\u00fasculs: <strong>gluti mitj\u00e0, el gluti menor, piramidal i els obturators extern i intern.<\/strong><\/p>\n<p>Com sol passar a l&#8217;espatlla, a causa del sobre\u00fas es poden produir un deteriorament i lesi\u00f3 d&#8217;aquestes estructures (maneguet rotador del maluc) i es pot produir <strong>bursistis, tendinitis, una tendinosi i possibles esquin\u00e7aments.<\/strong><\/p>\n<p>Aquest proc\u00e9s es produeix amb m\u00e9s freq\u00fc\u00e8ncia al <strong>gluti mitj\u00e0.<\/strong><\/p>\n<p><img loading=\"lazy\" decoding=\"async\" class=\"size-medium wp-image-1754 aligncenter\" src=\"https:\/\/www.fisiobalance.cat\/wp-content\/uploads\/2021\/09\/gluteo-medio--300x300.jpeg\" alt=\"\" width=\"300\" height=\"300\" srcset=\"https:\/\/www.fisiobalance.cat\/wp-content\/uploads\/2021\/09\/gluteo-medio--300x300.jpeg 300w, https:\/\/www.fisiobalance.cat\/wp-content\/uploads\/2021\/09\/gluteo-medio--1024x1024.jpeg 1024w, https:\/\/www.fisiobalance.cat\/wp-content\/uploads\/2021\/09\/gluteo-medio--150x150.jpeg 150w, https:\/\/www.fisiobalance.cat\/wp-content\/uploads\/2021\/09\/gluteo-medio--768x768.jpeg 768w, https:\/\/www.fisiobalance.cat\/wp-content\/uploads\/2021\/09\/gluteo-medio--1536x1536.jpeg 1536w, https:\/\/www.fisiobalance.cat\/wp-content\/uploads\/2021\/09\/gluteo-medio--2048x2048.jpeg 2048w, https:\/\/www.fisiobalance.cat\/wp-content\/uploads\/2021\/09\/gluteo-medio--570x570.jpeg 570w, https:\/\/www.fisiobalance.cat\/wp-content\/uploads\/2021\/09\/gluteo-medio--500x500.jpeg 500w, https:\/\/www.fisiobalance.cat\/wp-content\/uploads\/2021\/09\/gluteo-medio--1000x1000.jpeg 1000w, https:\/\/www.fisiobalance.cat\/wp-content\/uploads\/2021\/09\/gluteo-medio--700x700.jpeg 700w, https:\/\/www.fisiobalance.cat\/wp-content\/uploads\/2021\/09\/gluteo-medio--600x600.jpeg 600w, https:\/\/www.fisiobalance.cat\/wp-content\/uploads\/2021\/09\/gluteo-medio--100x100.jpeg 100w\" sizes=\"auto, (max-width: 300px) 100vw, 300px\" \/><\/p>\n<h2>S\u00edmptomes:<\/h2>\n<ul>\n<li>Pres\u00e8ncia de dolor en <strong>estirar-se de costat sobre el costat<\/strong> afectat.<\/li>\n<li>Dolor en asseure&#8217;s amb les <strong>cames creuades.<\/strong><\/li>\n<li>Dolor durant la <strong>marxa i la cursa<\/strong><\/li>\n<li>Dolor a la <strong>abducci\u00f3 de maluc<\/strong> resistida.<\/li>\n<li>Dolor al <strong>suport monopodal<\/strong> durant molt de temps i\/o amb c\u00e0rrega.<\/li>\n<li>P\u00e8rdua dels rangs de moviment del maluc.<\/li>\n<li>Disminuci\u00f3 de la for\u00e7a d&#8217;abducci\u00f3 (separaci\u00f3) del maluc quan hi ha <strong>esquin\u00e7aments dels tendons glutis.<\/strong><\/li>\n<\/ul>\n<h2><\/h2>\n<h2>Causes<\/h2>\n<p>Aquest dolor al troc\u00e0nter major del f\u00e8mur pot estar provocat per diverses causes, com ara desequilibris muculars o punts gallets actius.<\/p>\n<h2>Desequilibri muscular<\/h2>\n<p>Aix\u00f2 significa que, moltes vegades a causa d&#8217;una atr\u00f2fia de gluti mitj\u00e0 sobresol\u00b7licitant al TFL es produeix excessiva tensi\u00f3 a la cintilla iliotibial.<\/p>\n<p>Per aquesta ra\u00f3, el tractament ha d&#8217;estar enfocat a augmentar la for\u00e7a dels abductors, \u00e9s a dir, els musculors que s&#8217;insereixen en el trocanter (gluti mitj\u00e0 i menor), perqu\u00e8 d&#8217;aquesta manera es requerir\u00e0 menys la contracci\u00f3 dels abductors que tensen la cintilla iliotibial.<\/p>\n<p><span style=\"color: #33cccc;\"><strong><a style=\"color: #33cccc;\" href=\"https:\/\/www.instagram.com\/p\/B_A0CQEK9Af\/?utm_medium=copy_link\">Exercicis per tonificar el gluti mitj\u00e0<\/a>:<\/strong><\/span><\/p>\n<p><img loading=\"lazy\" decoding=\"async\" class=\"size-medium wp-image-1756 aligncenter\" src=\"https:\/\/www.fisiobalance.cat\/wp-content\/uploads\/2021\/09\/tonificar-gluteo-medio-200x300.jpeg\" alt=\"\" width=\"200\" height=\"300\" srcset=\"https:\/\/www.fisiobalance.cat\/wp-content\/uploads\/2021\/09\/tonificar-gluteo-medio-200x300.jpeg 200w, https:\/\/www.fisiobalance.cat\/wp-content\/uploads\/2021\/09\/tonificar-gluteo-medio-683x1024.jpeg 683w, https:\/\/www.fisiobalance.cat\/wp-content\/uploads\/2021\/09\/tonificar-gluteo-medio-768x1152.jpeg 768w, https:\/\/www.fisiobalance.cat\/wp-content\/uploads\/2021\/09\/tonificar-gluteo-medio-1024x1536.jpeg 1024w, https:\/\/www.fisiobalance.cat\/wp-content\/uploads\/2021\/09\/tonificar-gluteo-medio-1365x2048.jpeg 1365w, https:\/\/www.fisiobalance.cat\/wp-content\/uploads\/2021\/09\/tonificar-gluteo-medio-700x1050.jpeg 700w, https:\/\/www.fisiobalance.cat\/wp-content\/uploads\/2021\/09\/tonificar-gluteo-medio-300x450.jpeg 300w, https:\/\/www.fisiobalance.cat\/wp-content\/uploads\/2021\/09\/tonificar-gluteo-medio-600x900.jpeg 600w, https:\/\/www.fisiobalance.cat\/wp-content\/uploads\/2021\/09\/tonificar-gluteo-medio-scaled.jpeg 1707w\" sizes=\"auto, (max-width: 200px) 100vw, 200px\" \/><\/p>\n<p>&nbsp;<\/p>\n<h2>Punts gallets miofascials actius<\/h2>\n<p>Podria estar causat per diferents <a href=\"https:\/\/www.fisiobalance.cat\/ca\/la-puncio-seca-per-al-dolor-muscular\/\"><strong><span style=\"color: #33cccc;\">punts gallet miofascials (PG)<\/span><\/strong><\/a> actius en alguns m\u00fasculs, com el gluti major, el gluti mitj\u00e0, el gluti menor, el piramidal, el tensor de la f\u00e0scia llauna o el vast extern del qu\u00e0driceps segons els mapes de dolor referit i les relacions anat\u00f2miques d&#8217;aquestes estructures.<\/p>\n<p><img loading=\"lazy\" decoding=\"async\" class=\"alignnone size-medium wp-image-3021 aligncenter\" src=\"https:\/\/www.fisiobalance.cat\/wp-content\/uploads\/2021\/09\/CLAUSEN-112-300x200.jpg\" alt=\"\" width=\"300\" height=\"200\" srcset=\"https:\/\/www.fisiobalance.cat\/wp-content\/uploads\/2021\/09\/CLAUSEN-112-300x200.jpg 300w, https:\/\/www.fisiobalance.cat\/wp-content\/uploads\/2021\/09\/CLAUSEN-112-1024x683.jpg 1024w, https:\/\/www.fisiobalance.cat\/wp-content\/uploads\/2021\/09\/CLAUSEN-112-768x512.jpg 768w, https:\/\/www.fisiobalance.cat\/wp-content\/uploads\/2021\/09\/CLAUSEN-112-1536x1024.jpg 1536w, https:\/\/www.fisiobalance.cat\/wp-content\/uploads\/2021\/09\/CLAUSEN-112-2048x1365.jpg 2048w, https:\/\/www.fisiobalance.cat\/wp-content\/uploads\/2021\/09\/CLAUSEN-112-700x467.jpg 700w, https:\/\/www.fisiobalance.cat\/wp-content\/uploads\/2021\/09\/CLAUSEN-112-600x400.jpg 600w\" sizes=\"auto, (max-width: 300px) 100vw, 300px\" \/><\/p>\n<p>&nbsp;<\/p>\n<p>&nbsp;<\/p>\n","protected":false},"excerpt":{"rendered":"<p>Aquesta s\u00edndrome es caracteritza per dolor a la zona lateral del maluc i pot ser produ\u00efda per diversos trastorns: Tendinopaties als m\u00fasculs glutis mig i menor. Bursitis trocant\u00e8rica. S\u00edndrome del maluc en ressort. &nbsp; El troc\u00e0nter major \u00e9s el punt d&#8217;ancoratge dels tendons de cinc&#8230;<\/p>\n","protected":false},"author":3,"featured_media":1893,"comment_status":"open","ping_status":"open","sticky":false,"template":"","format":"standard","meta":{"footnotes":""},"categories":[247],"tags":[186,187],"class_list":["post-3960","post","type-post","status-publish","format-standard","has-post-thumbnail","hentry","category-fisioterapia-ca","tag-sindrome-de-la-cintilla-iliotibial-ca","tag-sindrome-trocanter-major-castelldefels-ca"],"yoast_head":"<!-- This site is optimized with the Yoast SEO plugin v26.3 - https:\/\/yoast.com\/wordpress\/plugins\/seo\/ -->\n<title>S\u00cdNDROME DEL TROCANTER MAJOR - Fisiobalance<\/title>\n<meta name=\"description\" content=\"El s\u00edndrome del troc\u00e1nter mayor: dolor en la zona lateral de la cadera debido a tendinopat\u00edas en los m\u00fasculos gl\u00fateos medio y menor.\" \/>\n<meta name=\"robots\" content=\"index, follow, max-snippet:-1, max-image-preview:large, max-video-preview:-1\" \/>\n<link rel=\"canonical\" href=\"https:\/\/www.fisiobalance.cat\/ca\/sindrome-del-trocanter-major\/\" \/>\n<meta property=\"og:locale\" content=\"ca_ES\" \/>\n<meta property=\"og:type\" content=\"article\" \/>\n<meta property=\"og:title\" content=\"S\u00cdNDROME DEL TROCANTER MAJOR - Fisiobalance\" \/>\n<meta property=\"og:description\" content=\"El s\u00edndrome del troc\u00e1nter mayor: dolor en la zona lateral de la cadera debido a tendinopat\u00edas en los m\u00fasculos gl\u00fateos medio y menor.\" \/>\n<meta property=\"og:url\" content=\"https:\/\/www.fisiobalance.cat\/ca\/sindrome-del-trocanter-major\/\" \/>\n<meta property=\"og:site_name\" content=\"Fisiobalance\" \/>\n<meta property=\"article:published_time\" content=\"2021-09-18T19:51:34+00:00\" \/>\n<meta property=\"article:modified_time\" content=\"2023-10-04T14:17:15+00:00\" \/>\n<meta property=\"og:image\" content=\"https:\/\/www.fisiobalance.cat\/wp-content\/uploads\/2021\/09\/running-cadera.jpg\" \/>\n\t<meta property=\"og:image:width\" content=\"1500\" \/>\n\t<meta property=\"og:image:height\" content=\"1000\" \/>\n\t<meta property=\"og:image:type\" content=\"image\/jpeg\" \/>\n<meta name=\"author\" content=\"fisiobalance\" \/>\n<meta name=\"twitter:card\" content=\"summary_large_image\" \/>\n<meta name=\"twitter:label1\" content=\"Escrit per\" \/>\n\t<meta name=\"twitter:data1\" content=\"fisiobalance\" \/>\n\t<meta name=\"twitter:label2\" content=\"Temps estimat de lectura\" \/>\n\t<meta name=\"twitter:data2\" content=\"2 minuts\" \/>\n<script type=\"application\/ld+json\" class=\"yoast-schema-graph\">{\"@context\":\"https:\/\/schema.org\",\"@graph\":[{\"@type\":\"Article\",\"@id\":\"https:\/\/www.fisiobalance.cat\/ca\/sindrome-del-trocanter-major\/#article\",\"isPartOf\":{\"@id\":\"https:\/\/www.fisiobalance.cat\/ca\/sindrome-del-trocanter-major\/\"},\"author\":{\"name\":\"fisiobalance\",\"@id\":\"https:\/\/www.fisiobalance.cat\/#\/schema\/person\/ff8a94c5457314fcae1821bb17fb59f9\"},\"headline\":\"S\u00cdNDROME DEL TROCANTER MAJOR\",\"datePublished\":\"2021-09-18T19:51:34+00:00\",\"dateModified\":\"2023-10-04T14:17:15+00:00\",\"mainEntityOfPage\":{\"@id\":\"https:\/\/www.fisiobalance.cat\/ca\/sindrome-del-trocanter-major\/\"},\"wordCount\":362,\"commentCount\":0,\"publisher\":{\"@id\":\"https:\/\/www.fisiobalance.cat\/#organization\"},\"image\":{\"@id\":\"https:\/\/www.fisiobalance.cat\/ca\/sindrome-del-trocanter-major\/#primaryimage\"},\"thumbnailUrl\":\"https:\/\/www.fisiobalance.cat\/wp-content\/uploads\/2021\/09\/running-cadera.jpg\",\"keywords\":[\"s\u00edndrome de la cintilla iliotibial\",\"sindrome trocanter major castelldefels\"],\"articleSection\":[\"fisioter\u00e0pia\"],\"inLanguage\":\"ca\",\"potentialAction\":[{\"@type\":\"CommentAction\",\"name\":\"Comment\",\"target\":[\"https:\/\/www.fisiobalance.cat\/ca\/sindrome-del-trocanter-major\/#respond\"]}]},{\"@type\":\"WebPage\",\"@id\":\"https:\/\/www.fisiobalance.cat\/ca\/sindrome-del-trocanter-major\/\",\"url\":\"https:\/\/www.fisiobalance.cat\/ca\/sindrome-del-trocanter-major\/\",\"name\":\"S\u00cdNDROME DEL TROCANTER MAJOR - Fisiobalance\",\"isPartOf\":{\"@id\":\"https:\/\/www.fisiobalance.cat\/#website\"},\"primaryImageOfPage\":{\"@id\":\"https:\/\/www.fisiobalance.cat\/ca\/sindrome-del-trocanter-major\/#primaryimage\"},\"image\":{\"@id\":\"https:\/\/www.fisiobalance.cat\/ca\/sindrome-del-trocanter-major\/#primaryimage\"},\"thumbnailUrl\":\"https:\/\/www.fisiobalance.cat\/wp-content\/uploads\/2021\/09\/running-cadera.jpg\",\"datePublished\":\"2021-09-18T19:51:34+00:00\",\"dateModified\":\"2023-10-04T14:17:15+00:00\",\"description\":\"El s\u00edndrome del troc\u00e1nter mayor: dolor en la zona lateral de la cadera debido a tendinopat\u00edas en los m\u00fasculos gl\u00fateos medio y menor.\",\"breadcrumb\":{\"@id\":\"https:\/\/www.fisiobalance.cat\/ca\/sindrome-del-trocanter-major\/#breadcrumb\"},\"inLanguage\":\"ca\",\"potentialAction\":[{\"@type\":\"ReadAction\",\"target\":[\"https:\/\/www.fisiobalance.cat\/ca\/sindrome-del-trocanter-major\/\"]}]},{\"@type\":\"ImageObject\",\"inLanguage\":\"ca\",\"@id\":\"https:\/\/www.fisiobalance.cat\/ca\/sindrome-del-trocanter-major\/#primaryimage\",\"url\":\"https:\/\/www.fisiobalance.cat\/wp-content\/uploads\/2021\/09\/running-cadera.jpg\",\"contentUrl\":\"https:\/\/www.fisiobalance.cat\/wp-content\/uploads\/2021\/09\/running-cadera.jpg\",\"width\":1500,\"height\":1000},{\"@type\":\"BreadcrumbList\",\"@id\":\"https:\/\/www.fisiobalance.cat\/ca\/sindrome-del-trocanter-major\/#breadcrumb\",\"itemListElement\":[{\"@type\":\"ListItem\",\"position\":1,\"name\":\"Portada\",\"item\":\"https:\/\/www.fisiobalance.cat\/ca\/\"},{\"@type\":\"ListItem\",\"position\":2,\"name\":\"S\u00cdNDROME DEL TROCANTER MAJOR\"}]},{\"@type\":\"WebSite\",\"@id\":\"https:\/\/www.fisiobalance.cat\/#website\",\"url\":\"https:\/\/www.fisiobalance.cat\/\",\"name\":\"Fisiobalance\",\"description\":\"\",\"publisher\":{\"@id\":\"https:\/\/www.fisiobalance.cat\/#organization\"},\"potentialAction\":[{\"@type\":\"SearchAction\",\"target\":{\"@type\":\"EntryPoint\",\"urlTemplate\":\"https:\/\/www.fisiobalance.cat\/?s={search_term_string}\"},\"query-input\":{\"@type\":\"PropertyValueSpecification\",\"valueRequired\":true,\"valueName\":\"search_term_string\"}}],\"inLanguage\":\"ca\"},{\"@type\":\"Organization\",\"@id\":\"https:\/\/www.fisiobalance.cat\/#organization\",\"name\":\"Fisiobalance\",\"url\":\"https:\/\/www.fisiobalance.cat\/\",\"logo\":{\"@type\":\"ImageObject\",\"inLanguage\":\"ca\",\"@id\":\"https:\/\/www.fisiobalance.cat\/#\/schema\/logo\/image\/\",\"url\":\"https:\/\/www.fisiobalance.cat\/wp-content\/uploads\/2018\/06\/fisiobalance_logo.png\",\"contentUrl\":\"https:\/\/www.fisiobalance.cat\/wp-content\/uploads\/2018\/06\/fisiobalance_logo.png\",\"width\":369,\"height\":53,\"caption\":\"Fisiobalance\"},\"image\":{\"@id\":\"https:\/\/www.fisiobalance.cat\/#\/schema\/logo\/image\/\"}},{\"@type\":\"Person\",\"@id\":\"https:\/\/www.fisiobalance.cat\/#\/schema\/person\/ff8a94c5457314fcae1821bb17fb59f9\",\"name\":\"fisiobalance\",\"image\":{\"@type\":\"ImageObject\",\"inLanguage\":\"ca\",\"@id\":\"https:\/\/www.fisiobalance.cat\/#\/schema\/person\/image\/\",\"url\":\"https:\/\/secure.gravatar.com\/avatar\/d01b67c6ec8f361b22fadb8cde3b40303b5f70548e5bd5bab7a5dcd8a26cc786?s=96&d=mm&r=g\",\"contentUrl\":\"https:\/\/secure.gravatar.com\/avatar\/d01b67c6ec8f361b22fadb8cde3b40303b5f70548e5bd5bab7a5dcd8a26cc786?s=96&d=mm&r=g\",\"caption\":\"fisiobalance\"},\"url\":\"https:\/\/www.fisiobalance.cat\/ca\/author\/fisiobalance\/\"}]}<\/script>\n<!-- \/ Yoast SEO plugin. -->","yoast_head_json":{"title":"S\u00cdNDROME DEL TROCANTER MAJOR - Fisiobalance","description":"El s\u00edndrome del troc\u00e1nter mayor: dolor en la zona lateral de la cadera debido a tendinopat\u00edas en los m\u00fasculos gl\u00fateos medio y menor.","robots":{"index":"index","follow":"follow","max-snippet":"max-snippet:-1","max-image-preview":"max-image-preview:large","max-video-preview":"max-video-preview:-1"},"canonical":"https:\/\/www.fisiobalance.cat\/ca\/sindrome-del-trocanter-major\/","og_locale":"ca_ES","og_type":"article","og_title":"S\u00cdNDROME DEL TROCANTER MAJOR - Fisiobalance","og_description":"El s\u00edndrome del troc\u00e1nter mayor: dolor en la zona lateral de la cadera debido a tendinopat\u00edas en los m\u00fasculos gl\u00fateos medio y menor.","og_url":"https:\/\/www.fisiobalance.cat\/ca\/sindrome-del-trocanter-major\/","og_site_name":"Fisiobalance","article_published_time":"2021-09-18T19:51:34+00:00","article_modified_time":"2023-10-04T14:17:15+00:00","og_image":[{"width":1500,"height":1000,"url":"https:\/\/www.fisiobalance.cat\/wp-content\/uploads\/2021\/09\/running-cadera.jpg","type":"image\/jpeg"}],"author":"fisiobalance","twitter_card":"summary_large_image","twitter_misc":{"Escrit per":"fisiobalance","Temps estimat de lectura":"2 minuts"},"schema":{"@context":"https:\/\/schema.org","@graph":[{"@type":"Article","@id":"https:\/\/www.fisiobalance.cat\/ca\/sindrome-del-trocanter-major\/#article","isPartOf":{"@id":"https:\/\/www.fisiobalance.cat\/ca\/sindrome-del-trocanter-major\/"},"author":{"name":"fisiobalance","@id":"https:\/\/www.fisiobalance.cat\/#\/schema\/person\/ff8a94c5457314fcae1821bb17fb59f9"},"headline":"S\u00cdNDROME DEL TROCANTER MAJOR","datePublished":"2021-09-18T19:51:34+00:00","dateModified":"2023-10-04T14:17:15+00:00","mainEntityOfPage":{"@id":"https:\/\/www.fisiobalance.cat\/ca\/sindrome-del-trocanter-major\/"},"wordCount":362,"commentCount":0,"publisher":{"@id":"https:\/\/www.fisiobalance.cat\/#organization"},"image":{"@id":"https:\/\/www.fisiobalance.cat\/ca\/sindrome-del-trocanter-major\/#primaryimage"},"thumbnailUrl":"https:\/\/www.fisiobalance.cat\/wp-content\/uploads\/2021\/09\/running-cadera.jpg","keywords":["s\u00edndrome de la cintilla iliotibial","sindrome trocanter major castelldefels"],"articleSection":["fisioter\u00e0pia"],"inLanguage":"ca","potentialAction":[{"@type":"CommentAction","name":"Comment","target":["https:\/\/www.fisiobalance.cat\/ca\/sindrome-del-trocanter-major\/#respond"]}]},{"@type":"WebPage","@id":"https:\/\/www.fisiobalance.cat\/ca\/sindrome-del-trocanter-major\/","url":"https:\/\/www.fisiobalance.cat\/ca\/sindrome-del-trocanter-major\/","name":"S\u00cdNDROME DEL TROCANTER MAJOR - Fisiobalance","isPartOf":{"@id":"https:\/\/www.fisiobalance.cat\/#website"},"primaryImageOfPage":{"@id":"https:\/\/www.fisiobalance.cat\/ca\/sindrome-del-trocanter-major\/#primaryimage"},"image":{"@id":"https:\/\/www.fisiobalance.cat\/ca\/sindrome-del-trocanter-major\/#primaryimage"},"thumbnailUrl":"https:\/\/www.fisiobalance.cat\/wp-content\/uploads\/2021\/09\/running-cadera.jpg","datePublished":"2021-09-18T19:51:34+00:00","dateModified":"2023-10-04T14:17:15+00:00","description":"El s\u00edndrome del troc\u00e1nter mayor: dolor en la zona lateral de la cadera debido a tendinopat\u00edas en los m\u00fasculos gl\u00fateos medio y menor.","breadcrumb":{"@id":"https:\/\/www.fisiobalance.cat\/ca\/sindrome-del-trocanter-major\/#breadcrumb"},"inLanguage":"ca","potentialAction":[{"@type":"ReadAction","target":["https:\/\/www.fisiobalance.cat\/ca\/sindrome-del-trocanter-major\/"]}]},{"@type":"ImageObject","inLanguage":"ca","@id":"https:\/\/www.fisiobalance.cat\/ca\/sindrome-del-trocanter-major\/#primaryimage","url":"https:\/\/www.fisiobalance.cat\/wp-content\/uploads\/2021\/09\/running-cadera.jpg","contentUrl":"https:\/\/www.fisiobalance.cat\/wp-content\/uploads\/2021\/09\/running-cadera.jpg","width":1500,"height":1000},{"@type":"BreadcrumbList","@id":"https:\/\/www.fisiobalance.cat\/ca\/sindrome-del-trocanter-major\/#breadcrumb","itemListElement":[{"@type":"ListItem","position":1,"name":"Portada","item":"https:\/\/www.fisiobalance.cat\/ca\/"},{"@type":"ListItem","position":2,"name":"S\u00cdNDROME DEL TROCANTER MAJOR"}]},{"@type":"WebSite","@id":"https:\/\/www.fisiobalance.cat\/#website","url":"https:\/\/www.fisiobalance.cat\/","name":"Fisiobalance","description":"","publisher":{"@id":"https:\/\/www.fisiobalance.cat\/#organization"},"potentialAction":[{"@type":"SearchAction","target":{"@type":"EntryPoint","urlTemplate":"https:\/\/www.fisiobalance.cat\/?s={search_term_string}"},"query-input":{"@type":"PropertyValueSpecification","valueRequired":true,"valueName":"search_term_string"}}],"inLanguage":"ca"},{"@type":"Organization","@id":"https:\/\/www.fisiobalance.cat\/#organization","name":"Fisiobalance","url":"https:\/\/www.fisiobalance.cat\/","logo":{"@type":"ImageObject","inLanguage":"ca","@id":"https:\/\/www.fisiobalance.cat\/#\/schema\/logo\/image\/","url":"https:\/\/www.fisiobalance.cat\/wp-content\/uploads\/2018\/06\/fisiobalance_logo.png","contentUrl":"https:\/\/www.fisiobalance.cat\/wp-content\/uploads\/2018\/06\/fisiobalance_logo.png","width":369,"height":53,"caption":"Fisiobalance"},"image":{"@id":"https:\/\/www.fisiobalance.cat\/#\/schema\/logo\/image\/"}},{"@type":"Person","@id":"https:\/\/www.fisiobalance.cat\/#\/schema\/person\/ff8a94c5457314fcae1821bb17fb59f9","name":"fisiobalance","image":{"@type":"ImageObject","inLanguage":"ca","@id":"https:\/\/www.fisiobalance.cat\/#\/schema\/person\/image\/","url":"https:\/\/secure.gravatar.com\/avatar\/d01b67c6ec8f361b22fadb8cde3b40303b5f70548e5bd5bab7a5dcd8a26cc786?s=96&d=mm&r=g","contentUrl":"https:\/\/secure.gravatar.com\/avatar\/d01b67c6ec8f361b22fadb8cde3b40303b5f70548e5bd5bab7a5dcd8a26cc786?s=96&d=mm&r=g","caption":"fisiobalance"},"url":"https:\/\/www.fisiobalance.cat\/ca\/author\/fisiobalance\/"}]}},"_links":{"self":[{"href":"https:\/\/www.fisiobalance.cat\/ca\/wp-json\/wp\/v2\/posts\/3960","targetHints":{"allow":["GET"]}}],"collection":[{"href":"https:\/\/www.fisiobalance.cat\/ca\/wp-json\/wp\/v2\/posts"}],"about":[{"href":"https:\/\/www.fisiobalance.cat\/ca\/wp-json\/wp\/v2\/types\/post"}],"author":[{"embeddable":true,"href":"https:\/\/www.fisiobalance.cat\/ca\/wp-json\/wp\/v2\/users\/3"}],"replies":[{"embeddable":true,"href":"https:\/\/www.fisiobalance.cat\/ca\/wp-json\/wp\/v2\/comments?post=3960"}],"version-history":[{"count":4,"href":"https:\/\/www.fisiobalance.cat\/ca\/wp-json\/wp\/v2\/posts\/3960\/revisions"}],"predecessor-version":[{"id":4156,"href":"https:\/\/www.fisiobalance.cat\/ca\/wp-json\/wp\/v2\/posts\/3960\/revisions\/4156"}],"wp:featuredmedia":[{"embeddable":true,"href":"https:\/\/www.fisiobalance.cat\/ca\/wp-json\/wp\/v2\/media\/1893"}],"wp:attachment":[{"href":"https:\/\/www.fisiobalance.cat\/ca\/wp-json\/wp\/v2\/media?parent=3960"}],"wp:term":[{"taxonomy":"category","embeddable":true,"href":"https:\/\/www.fisiobalance.cat\/ca\/wp-json\/wp\/v2\/categories?post=3960"},{"taxonomy":"post_tag","embeddable":true,"href":"https:\/\/www.fisiobalance.cat\/ca\/wp-json\/wp\/v2\/tags?post=3960"}],"curies":[{"name":"wp","href":"https:\/\/api.w.org\/{rel}","templated":true}]}}