{"id":3973,"date":"2021-05-30T10:25:45","date_gmt":"2021-05-30T08:25:45","guid":{"rendered":"https:\/\/www.fisiobalance.cat\/fascitis-plantar-en-castelldefels\/"},"modified":"2023-10-04T16:01:08","modified_gmt":"2023-10-04T14:01:08","slug":"fascitis-plantar-en-castelldefels","status":"publish","type":"post","link":"https:\/\/www.fisiobalance.cat\/ca\/fascitis-plantar-en-castelldefels\/","title":{"rendered":"FASCITIS PLANTAR"},"content":{"rendered":"<h4><strong>Qu\u00e8 \u00e9s la fascitis plantar?<\/strong><\/h4>\n<div>La <strong>f\u00e0scia<\/strong> <strong>plantar<\/strong> \u00e9s un teixit conjuntiu situat al llarg de la planta del peu, des del calcani (el tal\u00f3) fins a la base dels metatarsos (just a sota dels dits). Aquest teixit \u00e9s l&#8217;encarregat de <strong>esmorteir els impactes<\/strong> i t\u00e9 com a funci\u00f3 biomec\u00e0nica l&#8217;estabilitat del cos en totes les fases de la marxa, la cursa i diferents activitats com ara el salt.<\/div>\n<div>\n<p>La <strong>fascitis plantar<\/strong> \u00e9s la inflamaci\u00f3 d&#8217;aquest teixit fibr\u00f3s principalment a la zona d&#8217;inserci\u00f3 al calcani.<\/p>\n<p><img loading=\"lazy\" decoding=\"async\" class=\"aligncenter wp-image-1658 size-medium\" src=\"https:\/\/www.fisiobalance.cat\/wp-content\/uploads\/2021\/05\/fascitis-2-300x300.jpeg\" alt=\"Fascitis plantar\" width=\"300\" height=\"300\" srcset=\"https:\/\/www.fisiobalance.cat\/wp-content\/uploads\/2021\/05\/fascitis-2-300x300.jpeg 300w, https:\/\/www.fisiobalance.cat\/wp-content\/uploads\/2021\/05\/fascitis-2-1024x1024.jpeg 1024w, https:\/\/www.fisiobalance.cat\/wp-content\/uploads\/2021\/05\/fascitis-2-150x150.jpeg 150w, https:\/\/www.fisiobalance.cat\/wp-content\/uploads\/2021\/05\/fascitis-2-768x768.jpeg 768w, https:\/\/www.fisiobalance.cat\/wp-content\/uploads\/2021\/05\/fascitis-2-1536x1536.jpeg 1536w, https:\/\/www.fisiobalance.cat\/wp-content\/uploads\/2021\/05\/fascitis-2-2048x2048.jpeg 2048w, https:\/\/www.fisiobalance.cat\/wp-content\/uploads\/2021\/05\/fascitis-2-570x570.jpeg 570w, https:\/\/www.fisiobalance.cat\/wp-content\/uploads\/2021\/05\/fascitis-2-500x500.jpeg 500w, https:\/\/www.fisiobalance.cat\/wp-content\/uploads\/2021\/05\/fascitis-2-1000x1000.jpeg 1000w, https:\/\/www.fisiobalance.cat\/wp-content\/uploads\/2021\/05\/fascitis-2-700x700.jpeg 700w, https:\/\/www.fisiobalance.cat\/wp-content\/uploads\/2021\/05\/fascitis-2-600x600.jpeg 600w, https:\/\/www.fisiobalance.cat\/wp-content\/uploads\/2021\/05\/fascitis-2-100x100.jpeg 100w\" sizes=\"auto, (max-width: 300px) 100vw, 300px\" \/><\/p>\n<\/div>\n<div><\/div>\n<p>&nbsp;<\/p>\n<h4><strong>Quins s\u00edmptomes he de tenir si pateixo una fascitis plantar?<\/strong><\/h4>\n<div>El s\u00edmptoma principal \u00e9s un <strong>dolor agut al tal\u00f3<\/strong> a la part medial del tal\u00f3 que \u00e9s on t\u00e9 inserci\u00f3 la f\u00e0scia plantar.<\/div>\n<div>Aquest dolor sol ser m\u00e9s intens quan fem <strong>els primers passos en aixecar-nos<\/strong> per al dem\u00e0, despr\u00e9s del rep\u00f2s.<\/div>\n<div>La f\u00e0scia plantar a la nit es relaxa i s&#8217;escur\u00e7a i la musculatura, en fred despr\u00e9s del rep\u00f2s, sol fer m\u00e9s mal. Aquesta mol\u00e8stia cedeix a mesura que augmentem l&#8217;activitat i els m\u00fasculs entren en calor.<\/div>\n<div>Cal considerar que en apar\u00e8ixer els primers s\u00edmptomes hem de prendre mesures ja que aquesta lesi\u00f3 pot anar a m\u00e9s fins a produir una incapacitat en les activitats esportives i en la vida di\u00e0ria.<\/div>\n<blockquote>\n<div><\/div>\n<div><em>Dolor despr\u00e9s del rep\u00f2s: sol apar\u00e8ixer quan comencem a caminar.<\/em><em>caminar.<\/em><\/div>\n<div><em>Dolor en posar-se de puntetes.<\/em><\/div>\n<\/blockquote>\n<h4><\/h4>\n<h4><strong>Quina difer\u00e8ncia hi ha entre la fascitis plantar i l&#8217;esper\u00f3 calcant?<\/strong><\/h4>\n<div>Moltes vegades es pot confondre la <strong>fascitis plantar<\/strong> amb el <strong>esper\u00f3 calcani<\/strong>. No \u00e9s el mateix, per\u00f2 s\u00ed que hi tenen molt a veure, ja que l&#8217;esper\u00f3 calcani \u00e9s la conseq\u00fc\u00e8ncia m\u00e9s comuna de fascitis plantar cr\u00f2nica.Quan a la <strong>radiografia<\/strong> s&#8217;observa una calcificaci\u00f3 del tubercle posterior-intern del calcani parlem de <strong>esper\u00f3 calcani<\/strong> si no apareix ser\u00e0 una <strong> fascitis plantar.<\/strong><\/div>\n<div><\/div>\n<div><img loading=\"lazy\" decoding=\"async\" class=\"aligncenter wp-image-1679 size-medium\" src=\"https:\/\/www.fisiobalance.cat\/wp-content\/uploads\/2021\/05\/calnaneus-spur-215x300.jpeg\" alt=\"fascitis plantar o espolon clacaneo\" width=\"215\" height=\"300\" srcset=\"https:\/\/www.fisiobalance.cat\/wp-content\/uploads\/2021\/05\/calnaneus-spur-215x300.jpeg 215w, https:\/\/www.fisiobalance.cat\/wp-content\/uploads\/2021\/05\/calnaneus-spur-733x1024.jpeg 733w, https:\/\/www.fisiobalance.cat\/wp-content\/uploads\/2021\/05\/calnaneus-spur-768x1073.jpeg 768w, https:\/\/www.fisiobalance.cat\/wp-content\/uploads\/2021\/05\/calnaneus-spur-1099x1536.jpeg 1099w, https:\/\/www.fisiobalance.cat\/wp-content\/uploads\/2021\/05\/calnaneus-spur-1466x2048.jpeg 1466w, https:\/\/www.fisiobalance.cat\/wp-content\/uploads\/2021\/05\/calnaneus-spur-700x978.jpeg 700w, https:\/\/www.fisiobalance.cat\/wp-content\/uploads\/2021\/05\/calnaneus-spur-300x419.jpeg 300w, https:\/\/www.fisiobalance.cat\/wp-content\/uploads\/2021\/05\/calnaneus-spur-600x838.jpeg 600w, https:\/\/www.fisiobalance.cat\/wp-content\/uploads\/2021\/05\/calnaneus-spur-scaled.jpeg 1832w\" sizes=\"auto, (max-width: 215px) 100vw, 215px\" \/><\/div>\n<div>\n<p>L&#8217;esper\u00f3 \u00e9s una protuber\u00e0ncia \u00f2ssia que t\u00e9 forma de punxo situada a l&#8217;espina calc\u00e0nia interna que apareix per un exc\u00e9s de tracci\u00f3 de la f\u00e0scia plantar.<\/p>\n<p><img loading=\"lazy\" decoding=\"async\" class=\"size-medium wp-image-1662 aligncenter\" src=\"https:\/\/www.fisiobalance.cat\/wp-content\/uploads\/2021\/05\/espolon-calcaneo-286x300.jpeg\" alt=\"\" width=\"286\" height=\"300\" srcset=\"https:\/\/www.fisiobalance.cat\/wp-content\/uploads\/2021\/05\/espolon-calcaneo-286x300.jpeg 286w, https:\/\/www.fisiobalance.cat\/wp-content\/uploads\/2021\/05\/espolon-calcaneo-976x1024.jpeg 976w, https:\/\/www.fisiobalance.cat\/wp-content\/uploads\/2021\/05\/espolon-calcaneo-768x806.jpeg 768w, https:\/\/www.fisiobalance.cat\/wp-content\/uploads\/2021\/05\/espolon-calcaneo-1464x1536.jpeg 1464w, https:\/\/www.fisiobalance.cat\/wp-content\/uploads\/2021\/05\/espolon-calcaneo-1952x2048.jpeg 1952w, https:\/\/www.fisiobalance.cat\/wp-content\/uploads\/2021\/05\/espolon-calcaneo-700x734.jpeg 700w, https:\/\/www.fisiobalance.cat\/wp-content\/uploads\/2021\/05\/espolon-calcaneo-300x315.jpeg 300w, https:\/\/www.fisiobalance.cat\/wp-content\/uploads\/2021\/05\/espolon-calcaneo-600x629.jpeg 600w\" sizes=\"auto, (max-width: 286px) 100vw, 286px\" \/><\/p>\n<\/div>\n<div>En realitat els s\u00edmptomes i el tractament de les fascitis plantar i l&#8217;esper\u00f3 calcaneu s\u00f3n molt similars.<\/div>\n<p>&nbsp;<\/p>\n<h4><strong>Quines s\u00f3n les causes de la fascitis plantar?<\/strong><\/h4>\n<div>El tipus de peu que pateix freq\u00fcentment fascitis plantar s\u00f3n els <strong>peus cavos<\/strong> (l&#8217;arc intern del peu m\u00e9s elevat) que condicionar\u00e0 la petjada.<\/div>\n<div>Sense cap dubte portar un <strong>cal\u00e7at inadequat<\/strong> condiciona a patir fascitis plantar. Sobretot a l&#8217;estiu que passem de portar un cal\u00e7at que ens agafa el peu a dur les t\u00edpiques xancletes de l&#8217;estiu.<\/div>\n<div>Tamb\u00e9 \u00e9s molt com\u00fa que aparegui fascitis plantar per l&#8217;\u00fas prolongat de <strong>tacons.<\/strong><\/div>\n<div>\n<p><img loading=\"lazy\" decoding=\"async\" class=\"alignnone wp-image-1675 size-medium\" src=\"https:\/\/www.fisiobalance.cat\/wp-content\/uploads\/2021\/05\/tacones-fascitis-300x200.jpeg\" alt=\"fascitis plantar\" width=\"300\" height=\"200\" srcset=\"https:\/\/www.fisiobalance.cat\/wp-content\/uploads\/2021\/05\/tacones-fascitis-300x200.jpeg 300w, https:\/\/www.fisiobalance.cat\/wp-content\/uploads\/2021\/05\/tacones-fascitis-1024x683.jpeg 1024w, https:\/\/www.fisiobalance.cat\/wp-content\/uploads\/2021\/05\/tacones-fascitis-768x512.jpeg 768w, https:\/\/www.fisiobalance.cat\/wp-content\/uploads\/2021\/05\/tacones-fascitis-1536x1024.jpeg 1536w, https:\/\/www.fisiobalance.cat\/wp-content\/uploads\/2021\/05\/tacones-fascitis-2048x1365.jpeg 2048w, https:\/\/www.fisiobalance.cat\/wp-content\/uploads\/2021\/05\/tacones-fascitis-700x467.jpeg 700w, https:\/\/www.fisiobalance.cat\/wp-content\/uploads\/2021\/05\/tacones-fascitis-600x400.jpeg 600w\" sizes=\"auto, (max-width: 300px) 100vw, 300px\" \/><\/p>\n<\/div>\n<div>\n<p>Influeix en gran mesura el risc de patir fascitis plantar la<strong>intensitat d&#8217;activitat f\u00edsica<\/strong> i incrementar bruscament les teves rutines sobretot les activitats d&#8217;impacte: <strong>Running, llargues caminades i salts.<\/strong><\/p>\n<p>&nbsp;<\/p>\n<\/div>\n<h4><\/h4>\n<h4><strong>Quin \u00e9s el millor tractament?<\/strong><\/h4>\n<div>El m\u00e9s important en aquests casos \u00e9s saber la causa de la lesi\u00f3 i tenir un bon <strong>diagn\u00f2stic cl\u00ednic.<\/strong> En aquest cas \u00e9s imprescindible mirar el tipus de peu que tinguem (cavo, pronat, pla) per el tipus de tractament.<\/div>\n<div>D&#8217;aquesta manera \u00e9s interessant el <strong>treball multidisciplinari<\/strong> entre un <strong>fisioterapeuta i un pod\u00f2leg.<\/strong><\/div>\n<div>Com a fisioterapeutes treballem:<\/div>\n<ol>\n<li>La postura global.<\/li>\n<li>Mobilitat del peu i extremitats inferiors.<\/li>\n<li>Les contractures i tensions del peu i Extremitat inferior.<\/li>\n<li>Estiraments.<\/li>\n<li><span style=\"color: #008080;\"><strong><a style=\"color: #008080;\" href=\"https:\/\/www.instagram.com\/reel\/Chk4o54gt0-\/?igshid=MDJmNzVkMjY=\">Exercicis terap\u00e8utics.<\/a><\/strong><\/span><\/li>\n<li><a href=\"https:\/\/www.fisiobalance.cat\/puncion-seca\/\"><span style=\"color: #008080;\"><strong>Punci\u00f3 seca.<\/strong><\/span> <\/a><\/li>\n<li><strong><span style=\"color: #008080;\"><a style=\"color: #008080;\" href=\"https:\/\/www.instagram.com\/reel\/Chk4o54gt0-\/?igshid=MDJmNzVkMjY=\">Embenatge funcional<\/a><\/span><\/strong><\/li>\n<\/ol>\n<p>Us mostrem com fer un <strong>embenat<\/strong> per alleujar els s\u00edmptomes de la fascitis plantar.<\/p>\n<h4><strong>Qu\u00e8 podem fer a casa?<\/strong><\/h4>\n<div>Podem evitar la fascitis portant una vida equilibrada i saludable, cuidant els nostres peus i cos. Abans de fer un tractament \u00e9s important tenir un <strong>correcte diagn\u00f2stic.<\/strong><\/div>\n<div>\n<p><img loading=\"lazy\" decoding=\"async\" class=\"alignnone wp-image-1677 size-medium\" src=\"https:\/\/www.fisiobalance.cat\/wp-content\/uploads\/2021\/05\/fascitis-6-300x194.jpeg\" alt=\"fascitis plantar\" width=\"300\" height=\"194\" srcset=\"https:\/\/www.fisiobalance.cat\/wp-content\/uploads\/2021\/05\/fascitis-6-300x194.jpeg 300w, https:\/\/www.fisiobalance.cat\/wp-content\/uploads\/2021\/05\/fascitis-6-1024x661.jpeg 1024w, https:\/\/www.fisiobalance.cat\/wp-content\/uploads\/2021\/05\/fascitis-6-768x496.jpeg 768w, https:\/\/www.fisiobalance.cat\/wp-content\/uploads\/2021\/05\/fascitis-6-1536x992.jpeg 1536w, https:\/\/www.fisiobalance.cat\/wp-content\/uploads\/2021\/05\/fascitis-6-2048x1322.jpeg 2048w, https:\/\/www.fisiobalance.cat\/wp-content\/uploads\/2021\/05\/fascitis-6-400x260.jpeg 400w, https:\/\/www.fisiobalance.cat\/wp-content\/uploads\/2021\/05\/fascitis-6-700x452.jpeg 700w, https:\/\/www.fisiobalance.cat\/wp-content\/uploads\/2021\/05\/fascitis-6-600x387.jpeg 600w\" sizes=\"auto, (max-width: 300px) 100vw, 300px\" \/><\/p>\n<\/div>\n<p>&nbsp;<\/p>\n<h4><strong>Consells a seguir per evitar la fascitis plantar:<\/strong><\/h4>\n<ul>\n<li>Portar <strong>cal\u00e7at c\u00f2mode<\/strong>, ni molt alt ni molt pla sense amortiment.<\/li>\n<li>Quan canviem de cal\u00e7at que sigui de <strong>forma lenta i progressiva.<\/strong><\/li>\n<li>Cuidar-nos i mantenir-nos en un pes correcte <strong>.<\/strong><\/li>\n<li>En comen\u00e7ar un esport que sigui de manera progressiva i guiada per un especialista.<\/li>\n<li>Acudir a un professional que faci una valoraci\u00f3 de la nostra petjada i la postura.<\/li>\n<\/ul>\n<p>&nbsp;<\/p>\n<h4><strong>Quin \u00e9s el tractament per a la fascitis plantar?<\/strong><\/h4>\n<ul>\n<li style=\"list-style-type: none;\">\n<ul>\n<li><strong>Moure el peu i fer massatges al tal\u00f3 <\/strong> (amb les nostres mans agafem el nostre peu i comencem a moure&#8217;l cap a totes les direccions possibles, fent estiraments suaus i flexibilitzant-lo).<\/li>\n<li><strong>Crioter\u00e0pia<\/strong>: posar els peus a sobre d&#8217;ampolla d&#8217;aigua congelada i moure&#8217;l cap endavant.<\/li>\n<li><strong>Automassatge la musculatura del peu<\/strong>: col\u00b7loquem el nostre peu damunt d&#8217;una pilota de tennis i realitzem cercles damunt la pilota \u201cpodem recolzar-nos del tot, per\u00f2 si \u00e9s molt dolor\u00f3s no recolzar-se del tot\u201d<\/li>\n<\/ul>\n<\/li>\n<li style=\"list-style-type: none;\"><img loading=\"lazy\" decoding=\"async\" class=\"aligncenter wp-image-1664 size-medium\" src=\"https:\/\/www.fisiobalance.cat\/wp-content\/uploads\/2021\/05\/fascitis-5-300x200.jpeg\" alt=\"automasaje fascia plantar\" width=\"300\" height=\"200\" srcset=\"https:\/\/www.fisiobalance.cat\/wp-content\/uploads\/2021\/05\/fascitis-5-300x200.jpeg 300w, https:\/\/www.fisiobalance.cat\/wp-content\/uploads\/2021\/05\/fascitis-5-1024x684.jpeg 1024w, https:\/\/www.fisiobalance.cat\/wp-content\/uploads\/2021\/05\/fascitis-5-768x513.jpeg 768w, https:\/\/www.fisiobalance.cat\/wp-content\/uploads\/2021\/05\/fascitis-5-1536x1025.jpeg 1536w, https:\/\/www.fisiobalance.cat\/wp-content\/uploads\/2021\/05\/fascitis-5-2048x1367.jpeg 2048w, https:\/\/www.fisiobalance.cat\/wp-content\/uploads\/2021\/05\/fascitis-5-700x467.jpeg 700w, https:\/\/www.fisiobalance.cat\/wp-content\/uploads\/2021\/05\/fascitis-5-600x401.jpeg 600w\" sizes=\"auto, (max-width: 300px) 100vw, 300px\" \/>\n<ul>\n<li><strong>Massatge miofascial amb forma roler del tr\u00edceps sural<\/strong> (bessons i assolellament): fem un automassatge amb foam roler en bessons.<\/li>\n<\/ul>\n<\/li>\n<\/ul>\n<div>Aqu\u00ed us deixem una s\u00e8rie de <a href=\"https:\/\/www.instagram.com\/reel\/Chk4o54gt0-\/?igshid=MDJmNzVkMjY=\"><span style=\"color: #33cccc;\"><strong>exercicis<\/strong> <\/span><\/a>que us ajudaran. Fes clic a l&#8217;enlla\u00e7.<\/div>\n<div><\/div>\n","protected":false},"excerpt":{"rendered":"<p>Qu\u00e8 \u00e9s la fascitis plantar? La f\u00e0scia plantar \u00e9s un teixit conjuntiu situat al llarg de la planta del peu, des del calcani (el tal\u00f3) fins a la base dels metatarsos (just a sota dels dits). Aquest teixit \u00e9s l&#8217;encarregat de esmorteir els impactes i&#8230;<\/p>\n","protected":false},"author":3,"featured_media":1899,"comment_status":"open","ping_status":"open","sticky":false,"template":"","format":"standard","meta":{"footnotes":""},"categories":[201],"tags":[202,203,204,205,206],"class_list":["post-3973","post","type-post","status-publish","format-standard","has-post-thumbnail","hentry","category-fascitis-plantar-ca","tag-castelldefels-ca","tag-dolor-talo-ca","tag-espero-calcaneig-ca","tag-fascitis-plantar-ca","tag-fisioterapia-ca"],"yoast_head":"<!-- This site is optimized with the Yoast SEO plugin v26.3 - https:\/\/yoast.com\/wordpress\/plugins\/seo\/ -->\n<title>FASCITIS PLANTAR - Fisiobalance<\/title>\n<meta name=\"description\" content=\"La fascitis plantar es la inflamaci\u00f3n de este tejido fibroso principalmente en la zona de inserci\u00f3n en el calc\u00e1neo.\" \/>\n<meta name=\"robots\" content=\"index, follow, max-snippet:-1, max-image-preview:large, max-video-preview:-1\" \/>\n<link rel=\"canonical\" href=\"https:\/\/www.fisiobalance.cat\/ca\/fascitis-plantar-en-castelldefels\/\" \/>\n<meta property=\"og:locale\" content=\"ca_ES\" \/>\n<meta property=\"og:type\" content=\"article\" \/>\n<meta property=\"og:title\" content=\"FASCITIS PLANTAR - Fisiobalance\" \/>\n<meta property=\"og:description\" content=\"La fascitis plantar es la inflamaci\u00f3n de este tejido fibroso principalmente en la zona de inserci\u00f3n en el calc\u00e1neo.\" \/>\n<meta property=\"og:url\" content=\"https:\/\/www.fisiobalance.cat\/ca\/fascitis-plantar-en-castelldefels\/\" \/>\n<meta property=\"og:site_name\" content=\"Fisiobalance\" \/>\n<meta property=\"article:published_time\" content=\"2021-05-30T08:25:45+00:00\" \/>\n<meta property=\"article:modified_time\" content=\"2023-10-04T14:01:08+00:00\" \/>\n<meta property=\"og:image\" content=\"https:\/\/www.fisiobalance.cat\/wp-content\/uploads\/2021\/05\/fascitis-plantar.jpg\" \/>\n\t<meta property=\"og:image:width\" content=\"1500\" \/>\n\t<meta property=\"og:image:height\" content=\"1000\" \/>\n\t<meta property=\"og:image:type\" content=\"image\/jpeg\" \/>\n<meta name=\"author\" content=\"fisiobalance\" \/>\n<meta name=\"twitter:card\" content=\"summary_large_image\" \/>\n<meta name=\"twitter:label1\" content=\"Escrit per\" \/>\n\t<meta name=\"twitter:data1\" content=\"fisiobalance\" \/>\n\t<meta name=\"twitter:label2\" content=\"Temps estimat de lectura\" \/>\n\t<meta name=\"twitter:data2\" content=\"5 minuts\" \/>\n<script type=\"application\/ld+json\" class=\"yoast-schema-graph\">{\"@context\":\"https:\/\/schema.org\",\"@graph\":[{\"@type\":\"Article\",\"@id\":\"https:\/\/www.fisiobalance.cat\/ca\/fascitis-plantar-en-castelldefels\/#article\",\"isPartOf\":{\"@id\":\"https:\/\/www.fisiobalance.cat\/ca\/fascitis-plantar-en-castelldefels\/\"},\"author\":{\"name\":\"fisiobalance\",\"@id\":\"https:\/\/www.fisiobalance.cat\/#\/schema\/person\/ff8a94c5457314fcae1821bb17fb59f9\"},\"headline\":\"FASCITIS PLANTAR\",\"datePublished\":\"2021-05-30T08:25:45+00:00\",\"dateModified\":\"2023-10-04T14:01:08+00:00\",\"mainEntityOfPage\":{\"@id\":\"https:\/\/www.fisiobalance.cat\/ca\/fascitis-plantar-en-castelldefels\/\"},\"wordCount\":848,\"commentCount\":0,\"publisher\":{\"@id\":\"https:\/\/www.fisiobalance.cat\/#organization\"},\"image\":{\"@id\":\"https:\/\/www.fisiobalance.cat\/ca\/fascitis-plantar-en-castelldefels\/#primaryimage\"},\"thumbnailUrl\":\"https:\/\/www.fisiobalance.cat\/wp-content\/uploads\/2021\/05\/fascitis-plantar.jpg\",\"keywords\":[\"castelldefels\",\"dolor tal\u00f3\",\"esper\u00f3 calcaneig\",\"fascitis plantar\",\"fisioterapia\"],\"articleSection\":[\"fascitis plantar\"],\"inLanguage\":\"ca\",\"potentialAction\":[{\"@type\":\"CommentAction\",\"name\":\"Comment\",\"target\":[\"https:\/\/www.fisiobalance.cat\/ca\/fascitis-plantar-en-castelldefels\/#respond\"]}]},{\"@type\":\"WebPage\",\"@id\":\"https:\/\/www.fisiobalance.cat\/ca\/fascitis-plantar-en-castelldefels\/\",\"url\":\"https:\/\/www.fisiobalance.cat\/ca\/fascitis-plantar-en-castelldefels\/\",\"name\":\"FASCITIS PLANTAR - Fisiobalance\",\"isPartOf\":{\"@id\":\"https:\/\/www.fisiobalance.cat\/#website\"},\"primaryImageOfPage\":{\"@id\":\"https:\/\/www.fisiobalance.cat\/ca\/fascitis-plantar-en-castelldefels\/#primaryimage\"},\"image\":{\"@id\":\"https:\/\/www.fisiobalance.cat\/ca\/fascitis-plantar-en-castelldefels\/#primaryimage\"},\"thumbnailUrl\":\"https:\/\/www.fisiobalance.cat\/wp-content\/uploads\/2021\/05\/fascitis-plantar.jpg\",\"datePublished\":\"2021-05-30T08:25:45+00:00\",\"dateModified\":\"2023-10-04T14:01:08+00:00\",\"description\":\"La fascitis plantar es la inflamaci\u00f3n de este tejido fibroso principalmente en la zona de inserci\u00f3n en el calc\u00e1neo.\",\"breadcrumb\":{\"@id\":\"https:\/\/www.fisiobalance.cat\/ca\/fascitis-plantar-en-castelldefels\/#breadcrumb\"},\"inLanguage\":\"ca\",\"potentialAction\":[{\"@type\":\"ReadAction\",\"target\":[\"https:\/\/www.fisiobalance.cat\/ca\/fascitis-plantar-en-castelldefels\/\"]}]},{\"@type\":\"ImageObject\",\"inLanguage\":\"ca\",\"@id\":\"https:\/\/www.fisiobalance.cat\/ca\/fascitis-plantar-en-castelldefels\/#primaryimage\",\"url\":\"https:\/\/www.fisiobalance.cat\/wp-content\/uploads\/2021\/05\/fascitis-plantar.jpg\",\"contentUrl\":\"https:\/\/www.fisiobalance.cat\/wp-content\/uploads\/2021\/05\/fascitis-plantar.jpg\",\"width\":1500,\"height\":1000},{\"@type\":\"BreadcrumbList\",\"@id\":\"https:\/\/www.fisiobalance.cat\/ca\/fascitis-plantar-en-castelldefels\/#breadcrumb\",\"itemListElement\":[{\"@type\":\"ListItem\",\"position\":1,\"name\":\"Portada\",\"item\":\"https:\/\/www.fisiobalance.cat\/ca\/\"},{\"@type\":\"ListItem\",\"position\":2,\"name\":\"FASCITIS PLANTAR\"}]},{\"@type\":\"WebSite\",\"@id\":\"https:\/\/www.fisiobalance.cat\/#website\",\"url\":\"https:\/\/www.fisiobalance.cat\/\",\"name\":\"Fisiobalance\",\"description\":\"\",\"publisher\":{\"@id\":\"https:\/\/www.fisiobalance.cat\/#organization\"},\"potentialAction\":[{\"@type\":\"SearchAction\",\"target\":{\"@type\":\"EntryPoint\",\"urlTemplate\":\"https:\/\/www.fisiobalance.cat\/?s={search_term_string}\"},\"query-input\":{\"@type\":\"PropertyValueSpecification\",\"valueRequired\":true,\"valueName\":\"search_term_string\"}}],\"inLanguage\":\"ca\"},{\"@type\":\"Organization\",\"@id\":\"https:\/\/www.fisiobalance.cat\/#organization\",\"name\":\"Fisiobalance\",\"url\":\"https:\/\/www.fisiobalance.cat\/\",\"logo\":{\"@type\":\"ImageObject\",\"inLanguage\":\"ca\",\"@id\":\"https:\/\/www.fisiobalance.cat\/#\/schema\/logo\/image\/\",\"url\":\"https:\/\/www.fisiobalance.cat\/wp-content\/uploads\/2018\/06\/fisiobalance_logo.png\",\"contentUrl\":\"https:\/\/www.fisiobalance.cat\/wp-content\/uploads\/2018\/06\/fisiobalance_logo.png\",\"width\":369,\"height\":53,\"caption\":\"Fisiobalance\"},\"image\":{\"@id\":\"https:\/\/www.fisiobalance.cat\/#\/schema\/logo\/image\/\"}},{\"@type\":\"Person\",\"@id\":\"https:\/\/www.fisiobalance.cat\/#\/schema\/person\/ff8a94c5457314fcae1821bb17fb59f9\",\"name\":\"fisiobalance\",\"image\":{\"@type\":\"ImageObject\",\"inLanguage\":\"ca\",\"@id\":\"https:\/\/www.fisiobalance.cat\/#\/schema\/person\/image\/\",\"url\":\"https:\/\/secure.gravatar.com\/avatar\/d01b67c6ec8f361b22fadb8cde3b40303b5f70548e5bd5bab7a5dcd8a26cc786?s=96&d=mm&r=g\",\"contentUrl\":\"https:\/\/secure.gravatar.com\/avatar\/d01b67c6ec8f361b22fadb8cde3b40303b5f70548e5bd5bab7a5dcd8a26cc786?s=96&d=mm&r=g\",\"caption\":\"fisiobalance\"},\"url\":\"https:\/\/www.fisiobalance.cat\/ca\/author\/fisiobalance\/\"}]}<\/script>\n<!-- \/ Yoast SEO plugin. -->","yoast_head_json":{"title":"FASCITIS PLANTAR - Fisiobalance","description":"La fascitis plantar es la inflamaci\u00f3n de este tejido fibroso principalmente en la zona de inserci\u00f3n en el calc\u00e1neo.","robots":{"index":"index","follow":"follow","max-snippet":"max-snippet:-1","max-image-preview":"max-image-preview:large","max-video-preview":"max-video-preview:-1"},"canonical":"https:\/\/www.fisiobalance.cat\/ca\/fascitis-plantar-en-castelldefels\/","og_locale":"ca_ES","og_type":"article","og_title":"FASCITIS PLANTAR - Fisiobalance","og_description":"La fascitis plantar es la inflamaci\u00f3n de este tejido fibroso principalmente en la zona de inserci\u00f3n en el calc\u00e1neo.","og_url":"https:\/\/www.fisiobalance.cat\/ca\/fascitis-plantar-en-castelldefels\/","og_site_name":"Fisiobalance","article_published_time":"2021-05-30T08:25:45+00:00","article_modified_time":"2023-10-04T14:01:08+00:00","og_image":[{"width":1500,"height":1000,"url":"https:\/\/www.fisiobalance.cat\/wp-content\/uploads\/2021\/05\/fascitis-plantar.jpg","type":"image\/jpeg"}],"author":"fisiobalance","twitter_card":"summary_large_image","twitter_misc":{"Escrit per":"fisiobalance","Temps estimat de lectura":"5 minuts"},"schema":{"@context":"https:\/\/schema.org","@graph":[{"@type":"Article","@id":"https:\/\/www.fisiobalance.cat\/ca\/fascitis-plantar-en-castelldefels\/#article","isPartOf":{"@id":"https:\/\/www.fisiobalance.cat\/ca\/fascitis-plantar-en-castelldefels\/"},"author":{"name":"fisiobalance","@id":"https:\/\/www.fisiobalance.cat\/#\/schema\/person\/ff8a94c5457314fcae1821bb17fb59f9"},"headline":"FASCITIS PLANTAR","datePublished":"2021-05-30T08:25:45+00:00","dateModified":"2023-10-04T14:01:08+00:00","mainEntityOfPage":{"@id":"https:\/\/www.fisiobalance.cat\/ca\/fascitis-plantar-en-castelldefels\/"},"wordCount":848,"commentCount":0,"publisher":{"@id":"https:\/\/www.fisiobalance.cat\/#organization"},"image":{"@id":"https:\/\/www.fisiobalance.cat\/ca\/fascitis-plantar-en-castelldefels\/#primaryimage"},"thumbnailUrl":"https:\/\/www.fisiobalance.cat\/wp-content\/uploads\/2021\/05\/fascitis-plantar.jpg","keywords":["castelldefels","dolor tal\u00f3","esper\u00f3 calcaneig","fascitis plantar","fisioterapia"],"articleSection":["fascitis plantar"],"inLanguage":"ca","potentialAction":[{"@type":"CommentAction","name":"Comment","target":["https:\/\/www.fisiobalance.cat\/ca\/fascitis-plantar-en-castelldefels\/#respond"]}]},{"@type":"WebPage","@id":"https:\/\/www.fisiobalance.cat\/ca\/fascitis-plantar-en-castelldefels\/","url":"https:\/\/www.fisiobalance.cat\/ca\/fascitis-plantar-en-castelldefels\/","name":"FASCITIS PLANTAR - Fisiobalance","isPartOf":{"@id":"https:\/\/www.fisiobalance.cat\/#website"},"primaryImageOfPage":{"@id":"https:\/\/www.fisiobalance.cat\/ca\/fascitis-plantar-en-castelldefels\/#primaryimage"},"image":{"@id":"https:\/\/www.fisiobalance.cat\/ca\/fascitis-plantar-en-castelldefels\/#primaryimage"},"thumbnailUrl":"https:\/\/www.fisiobalance.cat\/wp-content\/uploads\/2021\/05\/fascitis-plantar.jpg","datePublished":"2021-05-30T08:25:45+00:00","dateModified":"2023-10-04T14:01:08+00:00","description":"La fascitis plantar es la inflamaci\u00f3n de este tejido fibroso principalmente en la zona de inserci\u00f3n en el calc\u00e1neo.","breadcrumb":{"@id":"https:\/\/www.fisiobalance.cat\/ca\/fascitis-plantar-en-castelldefels\/#breadcrumb"},"inLanguage":"ca","potentialAction":[{"@type":"ReadAction","target":["https:\/\/www.fisiobalance.cat\/ca\/fascitis-plantar-en-castelldefels\/"]}]},{"@type":"ImageObject","inLanguage":"ca","@id":"https:\/\/www.fisiobalance.cat\/ca\/fascitis-plantar-en-castelldefels\/#primaryimage","url":"https:\/\/www.fisiobalance.cat\/wp-content\/uploads\/2021\/05\/fascitis-plantar.jpg","contentUrl":"https:\/\/www.fisiobalance.cat\/wp-content\/uploads\/2021\/05\/fascitis-plantar.jpg","width":1500,"height":1000},{"@type":"BreadcrumbList","@id":"https:\/\/www.fisiobalance.cat\/ca\/fascitis-plantar-en-castelldefels\/#breadcrumb","itemListElement":[{"@type":"ListItem","position":1,"name":"Portada","item":"https:\/\/www.fisiobalance.cat\/ca\/"},{"@type":"ListItem","position":2,"name":"FASCITIS PLANTAR"}]},{"@type":"WebSite","@id":"https:\/\/www.fisiobalance.cat\/#website","url":"https:\/\/www.fisiobalance.cat\/","name":"Fisiobalance","description":"","publisher":{"@id":"https:\/\/www.fisiobalance.cat\/#organization"},"potentialAction":[{"@type":"SearchAction","target":{"@type":"EntryPoint","urlTemplate":"https:\/\/www.fisiobalance.cat\/?s={search_term_string}"},"query-input":{"@type":"PropertyValueSpecification","valueRequired":true,"valueName":"search_term_string"}}],"inLanguage":"ca"},{"@type":"Organization","@id":"https:\/\/www.fisiobalance.cat\/#organization","name":"Fisiobalance","url":"https:\/\/www.fisiobalance.cat\/","logo":{"@type":"ImageObject","inLanguage":"ca","@id":"https:\/\/www.fisiobalance.cat\/#\/schema\/logo\/image\/","url":"https:\/\/www.fisiobalance.cat\/wp-content\/uploads\/2018\/06\/fisiobalance_logo.png","contentUrl":"https:\/\/www.fisiobalance.cat\/wp-content\/uploads\/2018\/06\/fisiobalance_logo.png","width":369,"height":53,"caption":"Fisiobalance"},"image":{"@id":"https:\/\/www.fisiobalance.cat\/#\/schema\/logo\/image\/"}},{"@type":"Person","@id":"https:\/\/www.fisiobalance.cat\/#\/schema\/person\/ff8a94c5457314fcae1821bb17fb59f9","name":"fisiobalance","image":{"@type":"ImageObject","inLanguage":"ca","@id":"https:\/\/www.fisiobalance.cat\/#\/schema\/person\/image\/","url":"https:\/\/secure.gravatar.com\/avatar\/d01b67c6ec8f361b22fadb8cde3b40303b5f70548e5bd5bab7a5dcd8a26cc786?s=96&d=mm&r=g","contentUrl":"https:\/\/secure.gravatar.com\/avatar\/d01b67c6ec8f361b22fadb8cde3b40303b5f70548e5bd5bab7a5dcd8a26cc786?s=96&d=mm&r=g","caption":"fisiobalance"},"url":"https:\/\/www.fisiobalance.cat\/ca\/author\/fisiobalance\/"}]}},"_links":{"self":[{"href":"https:\/\/www.fisiobalance.cat\/ca\/wp-json\/wp\/v2\/posts\/3973","targetHints":{"allow":["GET"]}}],"collection":[{"href":"https:\/\/www.fisiobalance.cat\/ca\/wp-json\/wp\/v2\/posts"}],"about":[{"href":"https:\/\/www.fisiobalance.cat\/ca\/wp-json\/wp\/v2\/types\/post"}],"author":[{"embeddable":true,"href":"https:\/\/www.fisiobalance.cat\/ca\/wp-json\/wp\/v2\/users\/3"}],"replies":[{"embeddable":true,"href":"https:\/\/www.fisiobalance.cat\/ca\/wp-json\/wp\/v2\/comments?post=3973"}],"version-history":[{"count":6,"href":"https:\/\/www.fisiobalance.cat\/ca\/wp-json\/wp\/v2\/posts\/3973\/revisions"}],"predecessor-version":[{"id":3979,"href":"https:\/\/www.fisiobalance.cat\/ca\/wp-json\/wp\/v2\/posts\/3973\/revisions\/3979"}],"wp:featuredmedia":[{"embeddable":true,"href":"https:\/\/www.fisiobalance.cat\/ca\/wp-json\/wp\/v2\/media\/1899"}],"wp:attachment":[{"href":"https:\/\/www.fisiobalance.cat\/ca\/wp-json\/wp\/v2\/media?parent=3973"}],"wp:term":[{"taxonomy":"category","embeddable":true,"href":"https:\/\/www.fisiobalance.cat\/ca\/wp-json\/wp\/v2\/categories?post=3973"},{"taxonomy":"post_tag","embeddable":true,"href":"https:\/\/www.fisiobalance.cat\/ca\/wp-json\/wp\/v2\/tags?post=3973"}],"curies":[{"name":"wp","href":"https:\/\/api.w.org\/{rel}","templated":true}]}}