{"id":4127,"date":"2019-04-14T19:45:50","date_gmt":"2019-04-14T17:45:50","guid":{"rendered":"https:\/\/www.fisiobalance.cat\/vertigo-o-mareo-existe-tratamiento\/"},"modified":"2023-10-03T16:47:04","modified_gmt":"2023-10-03T14:47:04","slug":"vertigen-o-mareig-tractament-eficac","status":"publish","type":"post","link":"https:\/\/www.fisiobalance.cat\/ca\/vertigen-o-mareig-tractament-eficac\/","title":{"rendered":"VERTIGEN O MAREIG? TRACTAMENT EFICA\u00c7"},"content":{"rendered":"<p>Encara que de vegades es fan servir com a sin\u00f2nims, el vertigen i el mareig s\u00f3n dos estats diferents.<\/p>\n<p>El <strong>mareig<\/strong> \u00e9s una sensaci\u00f3 com la que tenim quan anem amb cotxe, ens sentim atordits, amb el cap \u201cembotat\u201d o com si camin\u00e9ssim sobre els n\u00favols. Aix\u00f2 \u00e9s degut a una alteraci\u00f3 puntual de la circulaci\u00f3 sangu\u00ednia.<br \/>\nEn canvi, el <strong>vertigen<\/strong> \u00e9s la sensaci\u00f3 que per exemple l&#8217;habitaci\u00f3 on aquestes, o tu mateix, doneu voltes durant uns segons. El vertigen es pot associar a n\u00e0usees, suor, nistagme (moviment involuntari dels ulls), etc.<\/p>\n<p>El <strong>vertigen perif\u00e8ric<\/strong> (VPPB vertigen posicional parox\u00edstic benigne) \u00e9s el m\u00e9s freq\u00fcent i sempre prov\u00e9 d&#8217;una alteraci\u00f3 del sistema vestibular.<\/p>\n<h2>Qu\u00e8 \u00e9s el sistema vestibular?<\/h2>\n<p>El <strong>sistema vestibular<\/strong> se situa a l&#8217;orella interna i la seva funci\u00f3 \u00e9s controlar l&#8217;equilibri del cos.<br \/>\nPer controlar la nostra postura a part del sistema vestibular, el cervell t\u00e9 altres eines sensorials com s\u00f3n el <strong>sistema visual, propioceptiu, esteroceptiu, estomatogn\u00e0tic, renal i vascular.<\/strong><\/p>\n<h2>Per qu\u00e8 es produeix el vertigen?<\/h2>\n<p>Uns vidres molt petits anomenats <strong>otolitos<\/strong> situats en un \u00f2rgan vestibular cauen per accident dins un conducte circular amb l\u00edquid dins l&#8217;orella interna. Quan movem el cap, aquests vidres que han caigut al conducte es mouen i en aturar el cap, en comptes d&#8217;aturar-se, segueixen movent-se pel conducte, cosa que fa que tinguem la <strong>sensaci\u00f3 que tot fa voltes.<\/strong><\/p>\n<p><img loading=\"lazy\" decoding=\"async\" class=\"alignnone wp-image-3081\" src=\"https:\/\/www.fisiobalance.cat\/wp-content\/uploads\/2019\/04\/vertigo-paroxistico-benigno-300x157.jpeg\" alt=\"\" width=\"367\" height=\"192\" srcset=\"https:\/\/www.fisiobalance.cat\/wp-content\/uploads\/2019\/04\/vertigo-paroxistico-benigno-300x157.jpeg 300w, https:\/\/www.fisiobalance.cat\/wp-content\/uploads\/2019\/04\/vertigo-paroxistico-benigno-1024x535.jpeg 1024w, https:\/\/www.fisiobalance.cat\/wp-content\/uploads\/2019\/04\/vertigo-paroxistico-benigno-768x401.jpeg 768w, https:\/\/www.fisiobalance.cat\/wp-content\/uploads\/2019\/04\/vertigo-paroxistico-benigno-1536x803.jpeg 1536w, https:\/\/www.fisiobalance.cat\/wp-content\/uploads\/2019\/04\/vertigo-paroxistico-benigno-2048x1070.jpeg 2048w, https:\/\/www.fisiobalance.cat\/wp-content\/uploads\/2019\/04\/vertigo-paroxistico-benigno-700x366.jpeg 700w, https:\/\/www.fisiobalance.cat\/wp-content\/uploads\/2019\/04\/vertigo-paroxistico-benigno-600x314.jpeg 600w\" sizes=\"auto, (max-width: 367px) 100vw, 367px\" \/><\/p>\n<h2>En qu\u00e8 consisteix el tractament de fisioter\u00e0pia?<\/h2>\n<p>El tractament de fisioter\u00e0pia per al vertigen perif\u00e8ric consisteix en una <strong>maniobra de diagn\u00f2stic i una maniobra de tractament<\/strong> molt senzilles de realitzar anomenada MANIOBRA D&#8217;EPLEY.<\/p>\n<p>En acabar la sessi\u00f3, el fisioterapeuta donar\u00e0 unes pautes i recomanacions al pacient per evitar la reaparici\u00f3 del vertigen.<\/p>\n<p>&nbsp;<\/p>\n<h2>En quant de temps em desapareixer\u00e0 el vertigen?<\/h2>\n<p>El tractament de fisioter\u00e0pia per al vertigen \u00e9s <strong>efectiu en el 85%<\/strong> dels casos en una \u00fanica sessi\u00f3 i en el 90% dels casos entre 1 i 3 sessions. Despr\u00e9s del vertigen no es produeixen seq\u00fceles de cap tipus, encara que hi ha una taxa de recurr\u00e8ncia del 50% en els propers 5 anys.<\/p>\n","protected":false},"excerpt":{"rendered":"<p>Encara que de vegades es fan servir com a sin\u00f2nims, el vertigen i el mareig s\u00f3n dos estats diferents. El mareig \u00e9s una sensaci\u00f3 com la que tenim quan anem amb cotxe, ens sentim atordits, amb el cap \u201cembotat\u201d o com si camin\u00e9ssim sobre els&#8230;<\/p>\n","protected":false},"author":3,"featured_media":2382,"comment_status":"open","ping_status":"open","sticky":false,"template":"","format":"standard","meta":{"footnotes":""},"categories":[230],"tags":[231,232,233,234],"class_list":["post-4127","post","type-post","status-publish","format-standard","has-post-thumbnail","hentry","category-vertigen-ca","tag-fisioterapial-ca","tag-test-de-epley-ca","tag-vertigen-ca","tag-vertigen-paroxistic-benigne-ca"],"yoast_head":"<!-- This site is optimized with the Yoast SEO plugin v26.3 - https:\/\/yoast.com\/wordpress\/plugins\/seo\/ -->\n<title>VERTIGEN O MAREIG? TRACTAMENT EFICA\u00c7 - Fisiobalance<\/title>\n<meta name=\"description\" content=\"El v\u00e9rtigo perif\u00e9rico (VPPB v\u00e9rtigo posicional parox\u00edstico benigno) es el m\u00e1s siempre proviene de una alteraci\u00f3n del sistema vestibular.\" \/>\n<meta name=\"robots\" content=\"index, follow, max-snippet:-1, max-image-preview:large, max-video-preview:-1\" \/>\n<link rel=\"canonical\" href=\"https:\/\/www.fisiobalance.cat\/ca\/vertigen-o-mareig-tractament-eficac\/\" \/>\n<meta property=\"og:locale\" content=\"ca_ES\" \/>\n<meta property=\"og:type\" content=\"article\" \/>\n<meta property=\"og:title\" content=\"VERTIGEN O MAREIG? TRACTAMENT EFICA\u00c7 - Fisiobalance\" \/>\n<meta property=\"og:description\" content=\"El v\u00e9rtigo perif\u00e9rico (VPPB v\u00e9rtigo posicional parox\u00edstico benigno) es el m\u00e1s siempre proviene de una alteraci\u00f3n del sistema vestibular.\" \/>\n<meta property=\"og:url\" content=\"https:\/\/www.fisiobalance.cat\/ca\/vertigen-o-mareig-tractament-eficac\/\" \/>\n<meta property=\"og:site_name\" content=\"Fisiobalance\" \/>\n<meta property=\"article:published_time\" content=\"2019-04-14T17:45:50+00:00\" \/>\n<meta property=\"article:modified_time\" content=\"2023-10-03T14:47:04+00:00\" \/>\n<meta property=\"og:image\" content=\"https:\/\/www.fisiobalance.cat\/wp-content\/uploads\/2019\/04\/mareo-o-vertigo-scaled.jpeg\" \/>\n\t<meta property=\"og:image:width\" content=\"2560\" \/>\n\t<meta property=\"og:image:height\" content=\"1707\" \/>\n\t<meta property=\"og:image:type\" content=\"image\/jpeg\" \/>\n<meta name=\"author\" content=\"fisiobalance\" \/>\n<meta name=\"twitter:card\" content=\"summary_large_image\" \/>\n<meta name=\"twitter:label1\" content=\"Escrit per\" \/>\n\t<meta name=\"twitter:data1\" content=\"fisiobalance\" \/>\n\t<meta name=\"twitter:label2\" content=\"Temps estimat de lectura\" \/>\n\t<meta name=\"twitter:data2\" content=\"2 minuts\" \/>\n<script type=\"application\/ld+json\" class=\"yoast-schema-graph\">{\"@context\":\"https:\/\/schema.org\",\"@graph\":[{\"@type\":\"Article\",\"@id\":\"https:\/\/www.fisiobalance.cat\/ca\/vertigen-o-mareig-tractament-eficac\/#article\",\"isPartOf\":{\"@id\":\"https:\/\/www.fisiobalance.cat\/ca\/vertigen-o-mareig-tractament-eficac\/\"},\"author\":{\"name\":\"fisiobalance\",\"@id\":\"https:\/\/www.fisiobalance.cat\/#\/schema\/person\/ff8a94c5457314fcae1821bb17fb59f9\"},\"headline\":\"VERTIGEN O MAREIG? TRACTAMENT EFICA\u00c7\",\"datePublished\":\"2019-04-14T17:45:50+00:00\",\"dateModified\":\"2023-10-03T14:47:04+00:00\",\"mainEntityOfPage\":{\"@id\":\"https:\/\/www.fisiobalance.cat\/ca\/vertigen-o-mareig-tractament-eficac\/\"},\"wordCount\":368,\"commentCount\":0,\"publisher\":{\"@id\":\"https:\/\/www.fisiobalance.cat\/#organization\"},\"image\":{\"@id\":\"https:\/\/www.fisiobalance.cat\/ca\/vertigen-o-mareig-tractament-eficac\/#primaryimage\"},\"thumbnailUrl\":\"https:\/\/www.fisiobalance.cat\/wp-content\/uploads\/2019\/04\/mareo-o-vertigo-scaled.jpeg\",\"keywords\":[\"fisioterapial\",\"test de epley\",\"vertigen\",\"vertigen parox\u00edstic benigne\"],\"articleSection\":[\"vertigen\"],\"inLanguage\":\"ca\",\"potentialAction\":[{\"@type\":\"CommentAction\",\"name\":\"Comment\",\"target\":[\"https:\/\/www.fisiobalance.cat\/ca\/vertigen-o-mareig-tractament-eficac\/#respond\"]}]},{\"@type\":\"WebPage\",\"@id\":\"https:\/\/www.fisiobalance.cat\/ca\/vertigen-o-mareig-tractament-eficac\/\",\"url\":\"https:\/\/www.fisiobalance.cat\/ca\/vertigen-o-mareig-tractament-eficac\/\",\"name\":\"VERTIGEN O MAREIG? TRACTAMENT EFICA\u00c7 - Fisiobalance\",\"isPartOf\":{\"@id\":\"https:\/\/www.fisiobalance.cat\/#website\"},\"primaryImageOfPage\":{\"@id\":\"https:\/\/www.fisiobalance.cat\/ca\/vertigen-o-mareig-tractament-eficac\/#primaryimage\"},\"image\":{\"@id\":\"https:\/\/www.fisiobalance.cat\/ca\/vertigen-o-mareig-tractament-eficac\/#primaryimage\"},\"thumbnailUrl\":\"https:\/\/www.fisiobalance.cat\/wp-content\/uploads\/2019\/04\/mareo-o-vertigo-scaled.jpeg\",\"datePublished\":\"2019-04-14T17:45:50+00:00\",\"dateModified\":\"2023-10-03T14:47:04+00:00\",\"description\":\"El v\u00e9rtigo perif\u00e9rico (VPPB v\u00e9rtigo posicional parox\u00edstico benigno) es el m\u00e1s siempre proviene de una alteraci\u00f3n del sistema vestibular.\",\"breadcrumb\":{\"@id\":\"https:\/\/www.fisiobalance.cat\/ca\/vertigen-o-mareig-tractament-eficac\/#breadcrumb\"},\"inLanguage\":\"ca\",\"potentialAction\":[{\"@type\":\"ReadAction\",\"target\":[\"https:\/\/www.fisiobalance.cat\/ca\/vertigen-o-mareig-tractament-eficac\/\"]}]},{\"@type\":\"ImageObject\",\"inLanguage\":\"ca\",\"@id\":\"https:\/\/www.fisiobalance.cat\/ca\/vertigen-o-mareig-tractament-eficac\/#primaryimage\",\"url\":\"https:\/\/www.fisiobalance.cat\/wp-content\/uploads\/2019\/04\/mareo-o-vertigo-scaled.jpeg\",\"contentUrl\":\"https:\/\/www.fisiobalance.cat\/wp-content\/uploads\/2019\/04\/mareo-o-vertigo-scaled.jpeg\",\"width\":2560,\"height\":1707,\"caption\":\"dynamic view of \\\"la coubre\\\" lighthouse high staircase, france\"},{\"@type\":\"BreadcrumbList\",\"@id\":\"https:\/\/www.fisiobalance.cat\/ca\/vertigen-o-mareig-tractament-eficac\/#breadcrumb\",\"itemListElement\":[{\"@type\":\"ListItem\",\"position\":1,\"name\":\"Portada\",\"item\":\"https:\/\/www.fisiobalance.cat\/ca\/\"},{\"@type\":\"ListItem\",\"position\":2,\"name\":\"VERTIGEN O MAREIG? TRACTAMENT EFICA\u00c7\"}]},{\"@type\":\"WebSite\",\"@id\":\"https:\/\/www.fisiobalance.cat\/#website\",\"url\":\"https:\/\/www.fisiobalance.cat\/\",\"name\":\"Fisiobalance\",\"description\":\"\",\"publisher\":{\"@id\":\"https:\/\/www.fisiobalance.cat\/#organization\"},\"potentialAction\":[{\"@type\":\"SearchAction\",\"target\":{\"@type\":\"EntryPoint\",\"urlTemplate\":\"https:\/\/www.fisiobalance.cat\/?s={search_term_string}\"},\"query-input\":{\"@type\":\"PropertyValueSpecification\",\"valueRequired\":true,\"valueName\":\"search_term_string\"}}],\"inLanguage\":\"ca\"},{\"@type\":\"Organization\",\"@id\":\"https:\/\/www.fisiobalance.cat\/#organization\",\"name\":\"Fisiobalance\",\"url\":\"https:\/\/www.fisiobalance.cat\/\",\"logo\":{\"@type\":\"ImageObject\",\"inLanguage\":\"ca\",\"@id\":\"https:\/\/www.fisiobalance.cat\/#\/schema\/logo\/image\/\",\"url\":\"https:\/\/www.fisiobalance.cat\/wp-content\/uploads\/2018\/06\/fisiobalance_logo.png\",\"contentUrl\":\"https:\/\/www.fisiobalance.cat\/wp-content\/uploads\/2018\/06\/fisiobalance_logo.png\",\"width\":369,\"height\":53,\"caption\":\"Fisiobalance\"},\"image\":{\"@id\":\"https:\/\/www.fisiobalance.cat\/#\/schema\/logo\/image\/\"}},{\"@type\":\"Person\",\"@id\":\"https:\/\/www.fisiobalance.cat\/#\/schema\/person\/ff8a94c5457314fcae1821bb17fb59f9\",\"name\":\"fisiobalance\",\"image\":{\"@type\":\"ImageObject\",\"inLanguage\":\"ca\",\"@id\":\"https:\/\/www.fisiobalance.cat\/#\/schema\/person\/image\/\",\"url\":\"https:\/\/secure.gravatar.com\/avatar\/d01b67c6ec8f361b22fadb8cde3b40303b5f70548e5bd5bab7a5dcd8a26cc786?s=96&d=mm&r=g\",\"contentUrl\":\"https:\/\/secure.gravatar.com\/avatar\/d01b67c6ec8f361b22fadb8cde3b40303b5f70548e5bd5bab7a5dcd8a26cc786?s=96&d=mm&r=g\",\"caption\":\"fisiobalance\"},\"url\":\"https:\/\/www.fisiobalance.cat\/ca\/author\/fisiobalance\/\"}]}<\/script>\n<!-- \/ Yoast SEO plugin. -->","yoast_head_json":{"title":"VERTIGEN O MAREIG? TRACTAMENT EFICA\u00c7 - Fisiobalance","description":"El v\u00e9rtigo perif\u00e9rico (VPPB v\u00e9rtigo posicional parox\u00edstico benigno) es el m\u00e1s siempre proviene de una alteraci\u00f3n del sistema vestibular.","robots":{"index":"index","follow":"follow","max-snippet":"max-snippet:-1","max-image-preview":"max-image-preview:large","max-video-preview":"max-video-preview:-1"},"canonical":"https:\/\/www.fisiobalance.cat\/ca\/vertigen-o-mareig-tractament-eficac\/","og_locale":"ca_ES","og_type":"article","og_title":"VERTIGEN O MAREIG? TRACTAMENT EFICA\u00c7 - Fisiobalance","og_description":"El v\u00e9rtigo perif\u00e9rico (VPPB v\u00e9rtigo posicional parox\u00edstico benigno) es el m\u00e1s siempre proviene de una alteraci\u00f3n del sistema vestibular.","og_url":"https:\/\/www.fisiobalance.cat\/ca\/vertigen-o-mareig-tractament-eficac\/","og_site_name":"Fisiobalance","article_published_time":"2019-04-14T17:45:50+00:00","article_modified_time":"2023-10-03T14:47:04+00:00","og_image":[{"width":2560,"height":1707,"url":"https:\/\/www.fisiobalance.cat\/wp-content\/uploads\/2019\/04\/mareo-o-vertigo-scaled.jpeg","type":"image\/jpeg"}],"author":"fisiobalance","twitter_card":"summary_large_image","twitter_misc":{"Escrit per":"fisiobalance","Temps estimat de lectura":"2 minuts"},"schema":{"@context":"https:\/\/schema.org","@graph":[{"@type":"Article","@id":"https:\/\/www.fisiobalance.cat\/ca\/vertigen-o-mareig-tractament-eficac\/#article","isPartOf":{"@id":"https:\/\/www.fisiobalance.cat\/ca\/vertigen-o-mareig-tractament-eficac\/"},"author":{"name":"fisiobalance","@id":"https:\/\/www.fisiobalance.cat\/#\/schema\/person\/ff8a94c5457314fcae1821bb17fb59f9"},"headline":"VERTIGEN O MAREIG? TRACTAMENT EFICA\u00c7","datePublished":"2019-04-14T17:45:50+00:00","dateModified":"2023-10-03T14:47:04+00:00","mainEntityOfPage":{"@id":"https:\/\/www.fisiobalance.cat\/ca\/vertigen-o-mareig-tractament-eficac\/"},"wordCount":368,"commentCount":0,"publisher":{"@id":"https:\/\/www.fisiobalance.cat\/#organization"},"image":{"@id":"https:\/\/www.fisiobalance.cat\/ca\/vertigen-o-mareig-tractament-eficac\/#primaryimage"},"thumbnailUrl":"https:\/\/www.fisiobalance.cat\/wp-content\/uploads\/2019\/04\/mareo-o-vertigo-scaled.jpeg","keywords":["fisioterapial","test de epley","vertigen","vertigen parox\u00edstic benigne"],"articleSection":["vertigen"],"inLanguage":"ca","potentialAction":[{"@type":"CommentAction","name":"Comment","target":["https:\/\/www.fisiobalance.cat\/ca\/vertigen-o-mareig-tractament-eficac\/#respond"]}]},{"@type":"WebPage","@id":"https:\/\/www.fisiobalance.cat\/ca\/vertigen-o-mareig-tractament-eficac\/","url":"https:\/\/www.fisiobalance.cat\/ca\/vertigen-o-mareig-tractament-eficac\/","name":"VERTIGEN O MAREIG? TRACTAMENT EFICA\u00c7 - Fisiobalance","isPartOf":{"@id":"https:\/\/www.fisiobalance.cat\/#website"},"primaryImageOfPage":{"@id":"https:\/\/www.fisiobalance.cat\/ca\/vertigen-o-mareig-tractament-eficac\/#primaryimage"},"image":{"@id":"https:\/\/www.fisiobalance.cat\/ca\/vertigen-o-mareig-tractament-eficac\/#primaryimage"},"thumbnailUrl":"https:\/\/www.fisiobalance.cat\/wp-content\/uploads\/2019\/04\/mareo-o-vertigo-scaled.jpeg","datePublished":"2019-04-14T17:45:50+00:00","dateModified":"2023-10-03T14:47:04+00:00","description":"El v\u00e9rtigo perif\u00e9rico (VPPB v\u00e9rtigo posicional parox\u00edstico benigno) es el m\u00e1s siempre proviene de una alteraci\u00f3n del sistema vestibular.","breadcrumb":{"@id":"https:\/\/www.fisiobalance.cat\/ca\/vertigen-o-mareig-tractament-eficac\/#breadcrumb"},"inLanguage":"ca","potentialAction":[{"@type":"ReadAction","target":["https:\/\/www.fisiobalance.cat\/ca\/vertigen-o-mareig-tractament-eficac\/"]}]},{"@type":"ImageObject","inLanguage":"ca","@id":"https:\/\/www.fisiobalance.cat\/ca\/vertigen-o-mareig-tractament-eficac\/#primaryimage","url":"https:\/\/www.fisiobalance.cat\/wp-content\/uploads\/2019\/04\/mareo-o-vertigo-scaled.jpeg","contentUrl":"https:\/\/www.fisiobalance.cat\/wp-content\/uploads\/2019\/04\/mareo-o-vertigo-scaled.jpeg","width":2560,"height":1707,"caption":"dynamic view of \"la coubre\" lighthouse high staircase, france"},{"@type":"BreadcrumbList","@id":"https:\/\/www.fisiobalance.cat\/ca\/vertigen-o-mareig-tractament-eficac\/#breadcrumb","itemListElement":[{"@type":"ListItem","position":1,"name":"Portada","item":"https:\/\/www.fisiobalance.cat\/ca\/"},{"@type":"ListItem","position":2,"name":"VERTIGEN O MAREIG? TRACTAMENT EFICA\u00c7"}]},{"@type":"WebSite","@id":"https:\/\/www.fisiobalance.cat\/#website","url":"https:\/\/www.fisiobalance.cat\/","name":"Fisiobalance","description":"","publisher":{"@id":"https:\/\/www.fisiobalance.cat\/#organization"},"potentialAction":[{"@type":"SearchAction","target":{"@type":"EntryPoint","urlTemplate":"https:\/\/www.fisiobalance.cat\/?s={search_term_string}"},"query-input":{"@type":"PropertyValueSpecification","valueRequired":true,"valueName":"search_term_string"}}],"inLanguage":"ca"},{"@type":"Organization","@id":"https:\/\/www.fisiobalance.cat\/#organization","name":"Fisiobalance","url":"https:\/\/www.fisiobalance.cat\/","logo":{"@type":"ImageObject","inLanguage":"ca","@id":"https:\/\/www.fisiobalance.cat\/#\/schema\/logo\/image\/","url":"https:\/\/www.fisiobalance.cat\/wp-content\/uploads\/2018\/06\/fisiobalance_logo.png","contentUrl":"https:\/\/www.fisiobalance.cat\/wp-content\/uploads\/2018\/06\/fisiobalance_logo.png","width":369,"height":53,"caption":"Fisiobalance"},"image":{"@id":"https:\/\/www.fisiobalance.cat\/#\/schema\/logo\/image\/"}},{"@type":"Person","@id":"https:\/\/www.fisiobalance.cat\/#\/schema\/person\/ff8a94c5457314fcae1821bb17fb59f9","name":"fisiobalance","image":{"@type":"ImageObject","inLanguage":"ca","@id":"https:\/\/www.fisiobalance.cat\/#\/schema\/person\/image\/","url":"https:\/\/secure.gravatar.com\/avatar\/d01b67c6ec8f361b22fadb8cde3b40303b5f70548e5bd5bab7a5dcd8a26cc786?s=96&d=mm&r=g","contentUrl":"https:\/\/secure.gravatar.com\/avatar\/d01b67c6ec8f361b22fadb8cde3b40303b5f70548e5bd5bab7a5dcd8a26cc786?s=96&d=mm&r=g","caption":"fisiobalance"},"url":"https:\/\/www.fisiobalance.cat\/ca\/author\/fisiobalance\/"}]}},"_links":{"self":[{"href":"https:\/\/www.fisiobalance.cat\/ca\/wp-json\/wp\/v2\/posts\/4127","targetHints":{"allow":["GET"]}}],"collection":[{"href":"https:\/\/www.fisiobalance.cat\/ca\/wp-json\/wp\/v2\/posts"}],"about":[{"href":"https:\/\/www.fisiobalance.cat\/ca\/wp-json\/wp\/v2\/types\/post"}],"author":[{"embeddable":true,"href":"https:\/\/www.fisiobalance.cat\/ca\/wp-json\/wp\/v2\/users\/3"}],"replies":[{"embeddable":true,"href":"https:\/\/www.fisiobalance.cat\/ca\/wp-json\/wp\/v2\/comments?post=4127"}],"version-history":[{"count":3,"href":"https:\/\/www.fisiobalance.cat\/ca\/wp-json\/wp\/v2\/posts\/4127\/revisions"}],"predecessor-version":[{"id":4130,"href":"https:\/\/www.fisiobalance.cat\/ca\/wp-json\/wp\/v2\/posts\/4127\/revisions\/4130"}],"wp:featuredmedia":[{"embeddable":true,"href":"https:\/\/www.fisiobalance.cat\/ca\/wp-json\/wp\/v2\/media\/2382"}],"wp:attachment":[{"href":"https:\/\/www.fisiobalance.cat\/ca\/wp-json\/wp\/v2\/media?parent=4127"}],"wp:term":[{"taxonomy":"category","embeddable":true,"href":"https:\/\/www.fisiobalance.cat\/ca\/wp-json\/wp\/v2\/categories?post=4127"},{"taxonomy":"post_tag","embeddable":true,"href":"https:\/\/www.fisiobalance.cat\/ca\/wp-json\/wp\/v2\/tags?post=4127"}],"curies":[{"name":"wp","href":"https:\/\/api.w.org\/{rel}","templated":true}]}}