{"id":5147,"date":"2024-08-31T14:28:13","date_gmt":"2024-08-31T12:28:13","guid":{"rendered":"https:\/\/www.fisiobalance.cat\/fascitis-plantar-causas-tratamiento\/"},"modified":"2025-01-02T14:58:51","modified_gmt":"2025-01-02T13:58:51","slug":"fascitis-plantar-causes-tractament-i-utilitat-de-la-fisioterapia-fisiobalance-castelldefels","status":"publish","type":"post","link":"https:\/\/www.fisiobalance.cat\/ca\/fascitis-plantar-causes-tractament-i-utilitat-de-la-fisioterapia-fisiobalance-castelldefels\/","title":{"rendered":"Fascitis Plantar: Causes, tractament i utilitat de la fisioter\u00e0pia | FisioBalance Castelldefels"},"content":{"rendered":"<p><img loading=\"lazy\" decoding=\"async\" class=\"aligncenter wp-image-4793\" src=\"https:\/\/www.fisiobalance.cat\/wp-content\/uploads\/2024\/08\/fascitis-plantar-300x88.png\" alt=\"\" width=\"1292\" height=\"379\" srcset=\"https:\/\/www.fisiobalance.cat\/wp-content\/uploads\/2024\/08\/fascitis-plantar-300x88.png 300w, https:\/\/www.fisiobalance.cat\/wp-content\/uploads\/2024\/08\/fascitis-plantar-768x226.png 768w, https:\/\/www.fisiobalance.cat\/wp-content\/uploads\/2024\/08\/fascitis-plantar-2048x603.png 2048w, https:\/\/www.fisiobalance.cat\/wp-content\/uploads\/2024\/08\/fascitis-plantar-700x206.png 700w, https:\/\/www.fisiobalance.cat\/wp-content\/uploads\/2024\/08\/fascitis-plantar-600x177.png 600w\" sizes=\"auto, (max-width: 1292px) 100vw, 1292px\" \/><\/p>\n<p>La fascitis plantar \u00e9s una de les causes m\u00e9s comunes de dolor al tal\u00f3 i afecta un gran nombre de persones.\u00a0Aquesta lesi\u00f3 pot ser molt <strong>incapacitant i pot limitar l&#8217;activitat di\u00e0ria i esportiva.<\/strong><\/p>\n<p>A\u00a0<strong>FisioBalance Castelldefels<\/strong>, entenem com n&#8217;\u00e9s d&#8217;important abordar aquesta condici\u00f3 de manera efectiva i personalitzada. En aquest article, parlarem sobre les causes principals de la fascitis plantar, les opcions de tractament disponibles i com et pot ajudar la fisioter\u00e0pia.<\/p>\n<h2>Qu\u00e8 \u00e9s la Fascitis Plantar?<\/h2>\n<div class=\"page\" title=\"Page 4\">\n<div class=\"section\">\n<div class=\"layoutArea\">\n<div class=\"column\">\n<p>La\u00a0fascitis plantar\u00a0\u00e9s una\u00a0<strong>inflamaci\u00f3 de la f\u00e0scia plantar<\/strong>, una banda gruixuda de teixit que recorre la part inferior del peu des del tal\u00f3 fins a la base dels metatarsians. Aquesta f\u00e0scia suporta l&#8217;arc del peu i actua com un amortidor mentre caminem, correm i saltem.<\/p>\n<p>Quan la f\u00e0scia plantar s&#8217;irrita o inflama, <strong>pot causar dolor al tal\u00f3, especialment en els primers passos del mat\u00ed o despr\u00e9s de per\u00edodes prolongats de rep\u00f2s.<\/strong><\/p>\n<h2>Causes principals de la Fascitis Plantar<\/h2>\n<\/div>\n<p>Hi ha diversos factors que poden contribuir al desenvolupament de la fascitis plantar. Identificar i comprendre aquestes causes \u00e9s crucial per implementar un tractament efica\u00e7:<\/p>\n<ol>\n<li><strong>Sobrec\u00e0rrega o desgast excessiu.<\/strong> Especialment en activitats que impliquen c\u00f3rrer, saltar o estar drets per llargs per\u00edodes, pot provocar microtraumatismes a la f\u00e0scia plantar. Els esportistes, en particular els corredors, s\u00f3n susceptibles a aquesta condici\u00f3 a causa de la repetitiva pressi\u00f3 sobre el peu.<\/li>\n<li><strong>Biomec\u00e0nica anormal del peu<\/strong>. L&#8217;estructura anat\u00f2mica del peu pot comportar alteraci\u00f3 de la biomec\u00e0nica, com ara el peu pla (arc intern caigut) o el peu amb arc intern molt alt (peu cavo), poden alterar la distribuci\u00f3 del pes i augmentar el risc de patir fascitis plantar.<\/li>\n<li><strong>Desequilibris al grup muscular posterior de la cama<\/strong>, predominant la contractura o escur\u00e7ament dels bessons i\/o el soli.<\/li>\n<li><strong>Cal\u00e7at inadequat.<\/strong> Fer servir cal\u00e7at que no proporciona un suport adequat per a l&#8217;arc intern o amortiment suficient pot sobrecarregar la f\u00e0scia plantar. Aix\u00ed com els talons alts i el seu \u00fas prolongat, poden augmentar la tensi\u00f3 al peu.<\/li>\n<li><strong>Sobrep\u00e8s.<\/strong> L&#8217;exc\u00e9s de pes afegeix una pressi\u00f3 addicional als peus, especialment a la f\u00e0scia plantar. Aix\u00f2 pot portar a la inflamaci\u00f3 i al dolor cr\u00f2nic al tal\u00f3.<\/li>\n<\/ol>\n<\/div>\n<\/div>\n<\/div>\n<div class=\"page\" title=\"Page 5\">\n<div class=\"section\">\n<div class=\"layoutArea\">\n<div class=\"column\">\n<h2>S\u00edmptomes de la fascitis plantar:<\/h2>\n<p>Un dels <strong>s\u00edmptomes<\/strong> m\u00e9s caracter\u00edstics de la fascitis plantar \u00e9s el<strong> dolor al tal\u00f3<\/strong>, que sovint es descriu com a punxant o agut. Aquest dolor sol ser m\u00e9s intens amb els primers passos despr\u00e9s de despertar-se o despr\u00e9s d&#8217;estar assegut per un temps.<\/p>\n<p>Altres s\u00edmptomes inclouen:<\/p>\n<ul>\n<li><strong>Dolor<\/strong> que <strong>disminueix en caminar<\/strong> una mica per\u00f2 que <strong>pot tornar despr\u00e9s<\/strong> d&#8217;estar dret durant molt de temps.<\/li>\n<li><strong>Sensibilitat al tal\u00f3.<\/strong><\/li>\n<li><strong>Rigidesa a la planta del peu.<\/strong><\/li>\n<\/ul>\n<div class=\"page\" title=\"Page 6\">\n<div class=\"section\">\n<div class=\"layoutArea\">\n<div class=\"column\">\n<h2>Tractament de la fascitis plantar<\/h2>\n<\/div>\n<\/div>\n<\/div>\n<\/div>\n<div class=\"page\" title=\"Page 7\">\n<div class=\"section\">\n<div class=\"layoutArea\">\n<div class=\"column\">\n<p>El m\u00e9s important en aquests casos \u00e9s saber la causa de la lesi\u00f3 i tenir un bon diagn\u00f2stic cl\u00ednic, ens centrarem sobretot a alleujar el dolor i reduir la inflamaci\u00f3.<\/p>\n<p><strong>\u00bf Quines indicacions haur\u00e0s de seguir i en qu\u00e8 et pot ajudar la fisioter\u00e0pia?<\/strong><\/p>\n<ol>\n<li><strong>Tractament manual<\/strong>: Podeu incloure massatges, cyriax, ganxos&#8230; amb l&#8217;objectiu de descarregar la f\u00e0scia plantar i la musculatura posterior de la cama.<\/li>\n<li><strong>Adaptaci\u00f3<\/strong> i\/o modificaci\u00f3 la teva <strong>activitat esportiva.<\/strong> Haur\u00e0s de reduir o modificar les activitats que intensifiquen el dolor. Aix\u00f2 pot incloure <strong>evitar c\u00f3rrer o estar drets per llargs per\u00edodes i optar per activitats de baix impacte com la nataci\u00f3 o el ciclisme.<\/strong><\/li>\n<li><strong>Assessorament i recomanacions<\/strong> com, per exemple, aplicar fred: aplicar gel a l&#8217;\u00e0rea afectada pot ajudar a <strong>reduir la inflamaci\u00f3 i alleujar el dolor.<\/strong> Es recomana aplicar gel durant 10 minuts diverses vegades al dia.<\/li>\n<li><strong>\u00das de cal\u00e7at adequat<\/strong>. L&#8217;\u00fas de cal\u00e7at que proporciona un bon suport per a l&#8217;arc i un amortiment adequat \u00e9s crucial.<\/li>\n<\/ol>\n<p>La <strong>fisioter\u00e0pia<\/strong> \u00e9s la principal eina en el tractament de la fascitis plantar. A <strong>FisioBalance Castelldefels<\/strong>, els nostres fisioterapeutes utilitzen diverses t\u00e8cniques per abordar aquesta condici\u00f3 de manera integral.<\/p>\n<p><strong>Treballarem<\/strong>:<\/p>\n<ul>\n<li>Els <strong>m\u00fasculs afectats<\/strong> i la f\u00e0scia plantar amb diferents t\u00e8cniques de fisioter\u00e0pia<\/li>\n<li><strong>Embenat funcional<\/strong><\/li>\n<li><strong>Estiraments i mobilitat<\/strong> de les articulacions del peu<\/li>\n<li><strong>Contractures i tensions del peu<\/strong> i el tr\u00edceps sural<\/li>\n<li><strong>Exercicis terap\u00e8utics i estiraments<\/strong> espec\u00edfics<\/li>\n<li><strong>Punci\u00f3 seca<\/strong><\/li>\n<li><strong>Indiba<\/strong>: la <strong>radiofreq\u00fc\u00e8ncia<\/strong> accelerar\u00e0 els processos curatius del cos<\/li>\n<\/ul>\n<h2>La utilitat de la fisioter\u00e0pia en el tractament de la fascitis plantar<\/h2>\n<div class=\"page\" title=\"Page 8\">\n<div class=\"section\">\n<div class=\"layoutArea\">\n<div class=\"column\">\n<ol>\n<li><strong>Avaluaci\u00f3 personalitzada.<\/strong> Comen\u00e7arem amb una avaluaci\u00f3 completa per identificar les causes de la fascitis plantar.<\/li>\n<\/ol>\n<\/div>\n<\/div>\n<\/div>\n<\/div>\n<\/div>\n<\/div>\n<\/div>\n<\/div>\n<\/div>\n<\/div>\n<\/div>\n<\/div>\n<ol>\n<li><strong>Ter\u00e0pia manual.<\/strong> Les t\u00e8cniques de ter\u00e0pia manual, com el massatge de teixits profunds i la mobilitzaci\u00f3 articular, poden ajudar a reduir la tensi\u00f3 a la f\u00e0scia plantar, millorar la circulaci\u00f3 i promoure la recuperaci\u00f3.<\/li>\n<li><strong>Exercicis terap\u00e8utics<\/strong>. Dissenyem programes d&#8217;exercicis personalitzats que inclouen estiraments i exercicis d&#8217;enfortiment espec\u00edfics per millorar la simptomatologia. Aquests exercicis ajuden a millorar la flexibilitat i la for\u00e7a del peu i del turmell.<\/li>\n<li><strong>Embenat funcional<\/strong>. L&#8217;embenat funcional o el taping poden proporcionar suport addicional a l&#8217;arc del peu i reduir la tensi\u00f3 a la f\u00e0scia plantar, facilitant la mobilitat i alleujant el dolor.<\/li>\n<li>S<strong>eguiment continu del teu fisioterapeuta<\/strong>. El seguiment continu i l&#8217;adaptaci\u00f3 del pla de tractament segons l&#8217;evoluci\u00f3 del pacient s\u00f3n fonamentals per assegurar una recuperaci\u00f3 completa i prevenir recaigudes.<\/li>\n<\/ol>\n<div class=\"page\" title=\"Page 5\">\n<div class=\"section\">\n<div class=\"layoutArea\">\n<div class=\"column\">\n<div class=\"page\" title=\"Page 7\">\n<div class=\"section\">\n<div class=\"layoutArea\">\n<div class=\"column\">\n<div class=\"page\" title=\"Page 9\">\n<div class=\"section\">\n<div class=\"layoutArea\">\n<div class=\"column\">\n<h2>Conclusio\u0301<\/h2>\n<\/div>\n<p>La <strong>fasecitis planta<\/strong>r pot ser una <strong>condici\u00f3 dolorosa i incapacitant<\/strong>, per\u00f2, amb l&#8217;enfocament adequat, \u00e9s possible alleujar el dolor i recuperar la funcionalitat del peu com m\u00e9s aviat millor.<\/p>\n<p>A <strong>FisioBalance Castelldefels<\/strong>, oferim tractaments personalitzats i efectius per abordar aquesta condici\u00f3, utilitzant les millors t\u00e8cniques de fisioter\u00e0pia i una atenci\u00f3 personalitzada. <strong>Si tens dolor al tal\u00f3 o sospites que pots tenir fascitis plantar, no dubtis a contactar-nos<\/strong>. Estem compromesos a ajudar-te a tornar a les teves activitats di\u00e0ries sense dolor.<\/p>\n<p>Contacta&#8217;ns avui mateix i descobreix com et podem ajudar, pots <strong>escriure&#8217;ns a trav\u00e9s de WhatsApp o trucar-nos al 659 884 200 i estarem encantats de resoldre qualsevol dels teus dubtes.<\/strong><\/p>\n<div class=\"column\">\n<p><img loading=\"lazy\" decoding=\"async\" class=\"aligncenter wp-image-4796\" src=\"https:\/\/www.fisiobalance.cat\/wp-content\/uploads\/2024\/08\/Envianos-un-WhatsApp--300x88.png\" alt=\"\" width=\"989\" height=\"290\" srcset=\"https:\/\/www.fisiobalance.cat\/wp-content\/uploads\/2024\/08\/Envianos-un-WhatsApp--300x88.png 300w, https:\/\/www.fisiobalance.cat\/wp-content\/uploads\/2024\/08\/Envianos-un-WhatsApp--768x226.png 768w, https:\/\/www.fisiobalance.cat\/wp-content\/uploads\/2024\/08\/Envianos-un-WhatsApp--2048x603.png 2048w, https:\/\/www.fisiobalance.cat\/wp-content\/uploads\/2024\/08\/Envianos-un-WhatsApp--700x206.png 700w, https:\/\/www.fisiobalance.cat\/wp-content\/uploads\/2024\/08\/Envianos-un-WhatsApp--600x177.png 600w\" sizes=\"auto, (max-width: 989px) 100vw, 989px\" \/><\/p>\n<\/div>\n<\/div>\n<\/div>\n<\/div>\n<\/div>\n<\/div>\n<\/div>\n<\/div>\n<\/div>\n<\/div>\n<\/div>\n<\/div>\n","protected":false},"excerpt":{"rendered":"<p>La fascitis plantar \u00e9s una de les causes m\u00e9s comunes de dolor al tal\u00f3 i afecta un gran nombre de persones.\u00a0Aquesta lesi\u00f3 pot ser molt incapacitant i pot limitar l&#8217;activitat di\u00e0ria i esportiva. A\u00a0FisioBalance Castelldefels, entenem com n&#8217;\u00e9s d&#8217;important abordar aquesta condici\u00f3 de manera efectiva&#8230;<\/p>\n","protected":false},"author":4,"featured_media":4800,"comment_status":"open","ping_status":"open","sticky":false,"template":"","format":"standard","meta":{"footnotes":""},"categories":[201,315,247],"tags":[353,205,321,322,323],"class_list":["post-5147","post","type-post","status-publish","format-standard","has-post-thumbnail","hentry","category-fascitis-plantar-ca","category-fisiobalance-castelldefels-ca","category-fisioterapia-ca","tag-fascitis-ca","tag-fascitis-plantar-ca","tag-fisiobalance-ca","tag-fisiobalance-castelldefels-ca","tag-fisioterapia-castelldefels-ca"],"yoast_head":"<!-- This site is optimized with the Yoast SEO plugin v26.3 - https:\/\/yoast.com\/wordpress\/plugins\/seo\/ -->\n<title>Fascitis Plantar: Causas, tratamiento y la utilidad de la fisioterapia<\/title>\n<meta name=\"description\" content=\"La fascitis plantar es una de las causas m\u00e1s comunes de dolor en el tal\u00f3n y\u00a0afecta a un gran n\u00famero de personas.\u00a0\" \/>\n<meta name=\"robots\" content=\"index, follow, max-snippet:-1, max-image-preview:large, max-video-preview:-1\" \/>\n<link rel=\"canonical\" href=\"https:\/\/www.fisiobalance.cat\/ca\/fascitis-plantar-causes-tractament-i-utilitat-de-la-fisioterapia-fisiobalance-castelldefels\/\" \/>\n<meta property=\"og:locale\" content=\"ca_ES\" \/>\n<meta property=\"og:type\" content=\"article\" \/>\n<meta property=\"og:title\" content=\"Fascitis Plantar: Causas, tratamiento y la utilidad de la fisioterapia\" \/>\n<meta property=\"og:description\" content=\"La fascitis plantar es una de las causas m\u00e1s comunes de dolor en el tal\u00f3n y\u00a0afecta a un gran n\u00famero de personas.\u00a0\" \/>\n<meta property=\"og:url\" content=\"https:\/\/www.fisiobalance.cat\/ca\/fascitis-plantar-causes-tractament-i-utilitat-de-la-fisioterapia-fisiobalance-castelldefels\/\" \/>\n<meta property=\"og:site_name\" content=\"Fisiobalance\" \/>\n<meta property=\"article:published_time\" content=\"2024-08-31T12:28:13+00:00\" \/>\n<meta property=\"article:modified_time\" content=\"2025-01-02T13:58:51+00:00\" \/>\n<meta property=\"og:image\" content=\"https:\/\/www.fisiobalance.cat\/wp-content\/uploads\/2024\/08\/unnamed-file.png\" \/>\n\t<meta property=\"og:image:width\" content=\"1080\" \/>\n\t<meta property=\"og:image:height\" content=\"1080\" \/>\n\t<meta property=\"og:image:type\" content=\"image\/png\" \/>\n<meta name=\"author\" content=\"Judith B.\" \/>\n<meta name=\"twitter:card\" content=\"summary_large_image\" \/>\n<meta name=\"twitter:label1\" content=\"Escrit per\" \/>\n\t<meta name=\"twitter:data1\" content=\"Judith B.\" \/>\n\t<meta name=\"twitter:label2\" content=\"Temps estimat de lectura\" \/>\n\t<meta name=\"twitter:data2\" content=\"5 minuts\" \/>\n<script type=\"application\/ld+json\" class=\"yoast-schema-graph\">{\"@context\":\"https:\/\/schema.org\",\"@graph\":[{\"@type\":\"Article\",\"@id\":\"https:\/\/www.fisiobalance.cat\/ca\/fascitis-plantar-causes-tractament-i-utilitat-de-la-fisioterapia-fisiobalance-castelldefels\/#article\",\"isPartOf\":{\"@id\":\"https:\/\/www.fisiobalance.cat\/ca\/fascitis-plantar-causes-tractament-i-utilitat-de-la-fisioterapia-fisiobalance-castelldefels\/\"},\"author\":{\"name\":\"Judith B.\",\"@id\":\"https:\/\/www.fisiobalance.cat\/#\/schema\/person\/d13995e8461df82666781bd895eb057b\"},\"headline\":\"Fascitis Plantar: Causes, tractament i utilitat de la fisioter\u00e0pia | FisioBalance Castelldefels\",\"datePublished\":\"2024-08-31T12:28:13+00:00\",\"dateModified\":\"2025-01-02T13:58:51+00:00\",\"mainEntityOfPage\":{\"@id\":\"https:\/\/www.fisiobalance.cat\/ca\/fascitis-plantar-causes-tractament-i-utilitat-de-la-fisioterapia-fisiobalance-castelldefels\/\"},\"wordCount\":1043,\"commentCount\":0,\"publisher\":{\"@id\":\"https:\/\/www.fisiobalance.cat\/#organization\"},\"image\":{\"@id\":\"https:\/\/www.fisiobalance.cat\/ca\/fascitis-plantar-causes-tractament-i-utilitat-de-la-fisioterapia-fisiobalance-castelldefels\/#primaryimage\"},\"thumbnailUrl\":\"https:\/\/www.fisiobalance.cat\/wp-content\/uploads\/2024\/08\/unnamed-file.png\",\"keywords\":[\"fascitis\",\"fascitis plantar\",\"fisiobalance\",\"FisioBalance Castelldefels\",\"Fisioterapia Castelldefels\"],\"articleSection\":[\"fascitis plantar\",\"Fisiobalance Castelldefels\",\"fisioter\u00e0pia\"],\"inLanguage\":\"ca\",\"potentialAction\":[{\"@type\":\"CommentAction\",\"name\":\"Comment\",\"target\":[\"https:\/\/www.fisiobalance.cat\/ca\/fascitis-plantar-causes-tractament-i-utilitat-de-la-fisioterapia-fisiobalance-castelldefels\/#respond\"]}]},{\"@type\":\"WebPage\",\"@id\":\"https:\/\/www.fisiobalance.cat\/ca\/fascitis-plantar-causes-tractament-i-utilitat-de-la-fisioterapia-fisiobalance-castelldefels\/\",\"url\":\"https:\/\/www.fisiobalance.cat\/ca\/fascitis-plantar-causes-tractament-i-utilitat-de-la-fisioterapia-fisiobalance-castelldefels\/\",\"name\":\"Fascitis Plantar: Causas, tratamiento y la utilidad de la fisioterapia\",\"isPartOf\":{\"@id\":\"https:\/\/www.fisiobalance.cat\/#website\"},\"primaryImageOfPage\":{\"@id\":\"https:\/\/www.fisiobalance.cat\/ca\/fascitis-plantar-causes-tractament-i-utilitat-de-la-fisioterapia-fisiobalance-castelldefels\/#primaryimage\"},\"image\":{\"@id\":\"https:\/\/www.fisiobalance.cat\/ca\/fascitis-plantar-causes-tractament-i-utilitat-de-la-fisioterapia-fisiobalance-castelldefels\/#primaryimage\"},\"thumbnailUrl\":\"https:\/\/www.fisiobalance.cat\/wp-content\/uploads\/2024\/08\/unnamed-file.png\",\"datePublished\":\"2024-08-31T12:28:13+00:00\",\"dateModified\":\"2025-01-02T13:58:51+00:00\",\"description\":\"La fascitis plantar es una de las causas m\u00e1s comunes de dolor en el tal\u00f3n y\u00a0afecta a un gran n\u00famero de personas.\u00a0\",\"breadcrumb\":{\"@id\":\"https:\/\/www.fisiobalance.cat\/ca\/fascitis-plantar-causes-tractament-i-utilitat-de-la-fisioterapia-fisiobalance-castelldefels\/#breadcrumb\"},\"inLanguage\":\"ca\",\"potentialAction\":[{\"@type\":\"ReadAction\",\"target\":[\"https:\/\/www.fisiobalance.cat\/ca\/fascitis-plantar-causes-tractament-i-utilitat-de-la-fisioterapia-fisiobalance-castelldefels\/\"]}]},{\"@type\":\"ImageObject\",\"inLanguage\":\"ca\",\"@id\":\"https:\/\/www.fisiobalance.cat\/ca\/fascitis-plantar-causes-tractament-i-utilitat-de-la-fisioterapia-fisiobalance-castelldefels\/#primaryimage\",\"url\":\"https:\/\/www.fisiobalance.cat\/wp-content\/uploads\/2024\/08\/unnamed-file.png\",\"contentUrl\":\"https:\/\/www.fisiobalance.cat\/wp-content\/uploads\/2024\/08\/unnamed-file.png\",\"width\":1080,\"height\":1080},{\"@type\":\"BreadcrumbList\",\"@id\":\"https:\/\/www.fisiobalance.cat\/ca\/fascitis-plantar-causes-tractament-i-utilitat-de-la-fisioterapia-fisiobalance-castelldefels\/#breadcrumb\",\"itemListElement\":[{\"@type\":\"ListItem\",\"position\":1,\"name\":\"Portada\",\"item\":\"https:\/\/www.fisiobalance.cat\/ca\/\"},{\"@type\":\"ListItem\",\"position\":2,\"name\":\"Fascitis Plantar: Causes, tractament i utilitat de la fisioter\u00e0pia | FisioBalance Castelldefels\"}]},{\"@type\":\"WebSite\",\"@id\":\"https:\/\/www.fisiobalance.cat\/#website\",\"url\":\"https:\/\/www.fisiobalance.cat\/\",\"name\":\"Fisiobalance\",\"description\":\"\",\"publisher\":{\"@id\":\"https:\/\/www.fisiobalance.cat\/#organization\"},\"potentialAction\":[{\"@type\":\"SearchAction\",\"target\":{\"@type\":\"EntryPoint\",\"urlTemplate\":\"https:\/\/www.fisiobalance.cat\/?s={search_term_string}\"},\"query-input\":{\"@type\":\"PropertyValueSpecification\",\"valueRequired\":true,\"valueName\":\"search_term_string\"}}],\"inLanguage\":\"ca\"},{\"@type\":\"Organization\",\"@id\":\"https:\/\/www.fisiobalance.cat\/#organization\",\"name\":\"Fisiobalance\",\"url\":\"https:\/\/www.fisiobalance.cat\/\",\"logo\":{\"@type\":\"ImageObject\",\"inLanguage\":\"ca\",\"@id\":\"https:\/\/www.fisiobalance.cat\/#\/schema\/logo\/image\/\",\"url\":\"https:\/\/www.fisiobalance.cat\/wp-content\/uploads\/2018\/06\/fisiobalance_logo.png\",\"contentUrl\":\"https:\/\/www.fisiobalance.cat\/wp-content\/uploads\/2018\/06\/fisiobalance_logo.png\",\"width\":369,\"height\":53,\"caption\":\"Fisiobalance\"},\"image\":{\"@id\":\"https:\/\/www.fisiobalance.cat\/#\/schema\/logo\/image\/\"}},{\"@type\":\"Person\",\"@id\":\"https:\/\/www.fisiobalance.cat\/#\/schema\/person\/d13995e8461df82666781bd895eb057b\",\"name\":\"Judith B.\",\"image\":{\"@type\":\"ImageObject\",\"inLanguage\":\"ca\",\"@id\":\"https:\/\/www.fisiobalance.cat\/#\/schema\/person\/image\/\",\"url\":\"https:\/\/secure.gravatar.com\/avatar\/8685e93a081991151a26aa2a7294e0eec35dc79370af6c42cd6313f871fc656b?s=96&d=mm&r=g\",\"contentUrl\":\"https:\/\/secure.gravatar.com\/avatar\/8685e93a081991151a26aa2a7294e0eec35dc79370af6c42cd6313f871fc656b?s=96&d=mm&r=g\",\"caption\":\"Judith B.\"},\"url\":\"https:\/\/www.fisiobalance.cat\/ca\/author\/judith-barreiro\/\"}]}<\/script>\n<!-- \/ Yoast SEO plugin. -->","yoast_head_json":{"title":"Fascitis Plantar: Causas, tratamiento y la utilidad de la fisioterapia","description":"La fascitis plantar es una de las causas m\u00e1s comunes de dolor en el tal\u00f3n y\u00a0afecta a un gran n\u00famero de personas.\u00a0","robots":{"index":"index","follow":"follow","max-snippet":"max-snippet:-1","max-image-preview":"max-image-preview:large","max-video-preview":"max-video-preview:-1"},"canonical":"https:\/\/www.fisiobalance.cat\/ca\/fascitis-plantar-causes-tractament-i-utilitat-de-la-fisioterapia-fisiobalance-castelldefels\/","og_locale":"ca_ES","og_type":"article","og_title":"Fascitis Plantar: Causas, tratamiento y la utilidad de la fisioterapia","og_description":"La fascitis plantar es una de las causas m\u00e1s comunes de dolor en el tal\u00f3n y\u00a0afecta a un gran n\u00famero de personas.\u00a0","og_url":"https:\/\/www.fisiobalance.cat\/ca\/fascitis-plantar-causes-tractament-i-utilitat-de-la-fisioterapia-fisiobalance-castelldefels\/","og_site_name":"Fisiobalance","article_published_time":"2024-08-31T12:28:13+00:00","article_modified_time":"2025-01-02T13:58:51+00:00","og_image":[{"width":1080,"height":1080,"url":"https:\/\/www.fisiobalance.cat\/wp-content\/uploads\/2024\/08\/unnamed-file.png","type":"image\/png"}],"author":"Judith B.","twitter_card":"summary_large_image","twitter_misc":{"Escrit per":"Judith B.","Temps estimat de lectura":"5 minuts"},"schema":{"@context":"https:\/\/schema.org","@graph":[{"@type":"Article","@id":"https:\/\/www.fisiobalance.cat\/ca\/fascitis-plantar-causes-tractament-i-utilitat-de-la-fisioterapia-fisiobalance-castelldefels\/#article","isPartOf":{"@id":"https:\/\/www.fisiobalance.cat\/ca\/fascitis-plantar-causes-tractament-i-utilitat-de-la-fisioterapia-fisiobalance-castelldefels\/"},"author":{"name":"Judith B.","@id":"https:\/\/www.fisiobalance.cat\/#\/schema\/person\/d13995e8461df82666781bd895eb057b"},"headline":"Fascitis Plantar: Causes, tractament i utilitat de la fisioter\u00e0pia | FisioBalance Castelldefels","datePublished":"2024-08-31T12:28:13+00:00","dateModified":"2025-01-02T13:58:51+00:00","mainEntityOfPage":{"@id":"https:\/\/www.fisiobalance.cat\/ca\/fascitis-plantar-causes-tractament-i-utilitat-de-la-fisioterapia-fisiobalance-castelldefels\/"},"wordCount":1043,"commentCount":0,"publisher":{"@id":"https:\/\/www.fisiobalance.cat\/#organization"},"image":{"@id":"https:\/\/www.fisiobalance.cat\/ca\/fascitis-plantar-causes-tractament-i-utilitat-de-la-fisioterapia-fisiobalance-castelldefels\/#primaryimage"},"thumbnailUrl":"https:\/\/www.fisiobalance.cat\/wp-content\/uploads\/2024\/08\/unnamed-file.png","keywords":["fascitis","fascitis plantar","fisiobalance","FisioBalance Castelldefels","Fisioterapia Castelldefels"],"articleSection":["fascitis plantar","Fisiobalance Castelldefels","fisioter\u00e0pia"],"inLanguage":"ca","potentialAction":[{"@type":"CommentAction","name":"Comment","target":["https:\/\/www.fisiobalance.cat\/ca\/fascitis-plantar-causes-tractament-i-utilitat-de-la-fisioterapia-fisiobalance-castelldefels\/#respond"]}]},{"@type":"WebPage","@id":"https:\/\/www.fisiobalance.cat\/ca\/fascitis-plantar-causes-tractament-i-utilitat-de-la-fisioterapia-fisiobalance-castelldefels\/","url":"https:\/\/www.fisiobalance.cat\/ca\/fascitis-plantar-causes-tractament-i-utilitat-de-la-fisioterapia-fisiobalance-castelldefels\/","name":"Fascitis Plantar: Causas, tratamiento y la utilidad de la fisioterapia","isPartOf":{"@id":"https:\/\/www.fisiobalance.cat\/#website"},"primaryImageOfPage":{"@id":"https:\/\/www.fisiobalance.cat\/ca\/fascitis-plantar-causes-tractament-i-utilitat-de-la-fisioterapia-fisiobalance-castelldefels\/#primaryimage"},"image":{"@id":"https:\/\/www.fisiobalance.cat\/ca\/fascitis-plantar-causes-tractament-i-utilitat-de-la-fisioterapia-fisiobalance-castelldefels\/#primaryimage"},"thumbnailUrl":"https:\/\/www.fisiobalance.cat\/wp-content\/uploads\/2024\/08\/unnamed-file.png","datePublished":"2024-08-31T12:28:13+00:00","dateModified":"2025-01-02T13:58:51+00:00","description":"La fascitis plantar es una de las causas m\u00e1s comunes de dolor en el tal\u00f3n y\u00a0afecta a un gran n\u00famero de personas.\u00a0","breadcrumb":{"@id":"https:\/\/www.fisiobalance.cat\/ca\/fascitis-plantar-causes-tractament-i-utilitat-de-la-fisioterapia-fisiobalance-castelldefels\/#breadcrumb"},"inLanguage":"ca","potentialAction":[{"@type":"ReadAction","target":["https:\/\/www.fisiobalance.cat\/ca\/fascitis-plantar-causes-tractament-i-utilitat-de-la-fisioterapia-fisiobalance-castelldefels\/"]}]},{"@type":"ImageObject","inLanguage":"ca","@id":"https:\/\/www.fisiobalance.cat\/ca\/fascitis-plantar-causes-tractament-i-utilitat-de-la-fisioterapia-fisiobalance-castelldefels\/#primaryimage","url":"https:\/\/www.fisiobalance.cat\/wp-content\/uploads\/2024\/08\/unnamed-file.png","contentUrl":"https:\/\/www.fisiobalance.cat\/wp-content\/uploads\/2024\/08\/unnamed-file.png","width":1080,"height":1080},{"@type":"BreadcrumbList","@id":"https:\/\/www.fisiobalance.cat\/ca\/fascitis-plantar-causes-tractament-i-utilitat-de-la-fisioterapia-fisiobalance-castelldefels\/#breadcrumb","itemListElement":[{"@type":"ListItem","position":1,"name":"Portada","item":"https:\/\/www.fisiobalance.cat\/ca\/"},{"@type":"ListItem","position":2,"name":"Fascitis Plantar: Causes, tractament i utilitat de la fisioter\u00e0pia | FisioBalance Castelldefels"}]},{"@type":"WebSite","@id":"https:\/\/www.fisiobalance.cat\/#website","url":"https:\/\/www.fisiobalance.cat\/","name":"Fisiobalance","description":"","publisher":{"@id":"https:\/\/www.fisiobalance.cat\/#organization"},"potentialAction":[{"@type":"SearchAction","target":{"@type":"EntryPoint","urlTemplate":"https:\/\/www.fisiobalance.cat\/?s={search_term_string}"},"query-input":{"@type":"PropertyValueSpecification","valueRequired":true,"valueName":"search_term_string"}}],"inLanguage":"ca"},{"@type":"Organization","@id":"https:\/\/www.fisiobalance.cat\/#organization","name":"Fisiobalance","url":"https:\/\/www.fisiobalance.cat\/","logo":{"@type":"ImageObject","inLanguage":"ca","@id":"https:\/\/www.fisiobalance.cat\/#\/schema\/logo\/image\/","url":"https:\/\/www.fisiobalance.cat\/wp-content\/uploads\/2018\/06\/fisiobalance_logo.png","contentUrl":"https:\/\/www.fisiobalance.cat\/wp-content\/uploads\/2018\/06\/fisiobalance_logo.png","width":369,"height":53,"caption":"Fisiobalance"},"image":{"@id":"https:\/\/www.fisiobalance.cat\/#\/schema\/logo\/image\/"}},{"@type":"Person","@id":"https:\/\/www.fisiobalance.cat\/#\/schema\/person\/d13995e8461df82666781bd895eb057b","name":"Judith B.","image":{"@type":"ImageObject","inLanguage":"ca","@id":"https:\/\/www.fisiobalance.cat\/#\/schema\/person\/image\/","url":"https:\/\/secure.gravatar.com\/avatar\/8685e93a081991151a26aa2a7294e0eec35dc79370af6c42cd6313f871fc656b?s=96&d=mm&r=g","contentUrl":"https:\/\/secure.gravatar.com\/avatar\/8685e93a081991151a26aa2a7294e0eec35dc79370af6c42cd6313f871fc656b?s=96&d=mm&r=g","caption":"Judith B."},"url":"https:\/\/www.fisiobalance.cat\/ca\/author\/judith-barreiro\/"}]}},"_links":{"self":[{"href":"https:\/\/www.fisiobalance.cat\/ca\/wp-json\/wp\/v2\/posts\/5147","targetHints":{"allow":["GET"]}}],"collection":[{"href":"https:\/\/www.fisiobalance.cat\/ca\/wp-json\/wp\/v2\/posts"}],"about":[{"href":"https:\/\/www.fisiobalance.cat\/ca\/wp-json\/wp\/v2\/types\/post"}],"author":[{"embeddable":true,"href":"https:\/\/www.fisiobalance.cat\/ca\/wp-json\/wp\/v2\/users\/4"}],"replies":[{"embeddable":true,"href":"https:\/\/www.fisiobalance.cat\/ca\/wp-json\/wp\/v2\/comments?post=5147"}],"version-history":[{"count":2,"href":"https:\/\/www.fisiobalance.cat\/ca\/wp-json\/wp\/v2\/posts\/5147\/revisions"}],"predecessor-version":[{"id":5148,"href":"https:\/\/www.fisiobalance.cat\/ca\/wp-json\/wp\/v2\/posts\/5147\/revisions\/5148"}],"wp:featuredmedia":[{"embeddable":true,"href":"https:\/\/www.fisiobalance.cat\/ca\/wp-json\/wp\/v2\/media\/4800"}],"wp:attachment":[{"href":"https:\/\/www.fisiobalance.cat\/ca\/wp-json\/wp\/v2\/media?parent=5147"}],"wp:term":[{"taxonomy":"category","embeddable":true,"href":"https:\/\/www.fisiobalance.cat\/ca\/wp-json\/wp\/v2\/categories?post=5147"},{"taxonomy":"post_tag","embeddable":true,"href":"https:\/\/www.fisiobalance.cat\/ca\/wp-json\/wp\/v2\/tags?post=5147"}],"curies":[{"name":"wp","href":"https:\/\/api.w.org\/{rel}","templated":true}]}}