{"id":5163,"date":"2024-07-15T20:52:20","date_gmt":"2024-07-15T18:52:20","guid":{"rendered":"https:\/\/www.fisiobalance.cat\/fisioterapia-protesisdecadera-castelldefels\/"},"modified":"2025-01-02T15:52:27","modified_gmt":"2025-01-02T14:52:27","slug":"tot-el-que-has-de-saber-per-a-la-recuparacio-efectiva-despres-de-una-protesis-de-maluc","status":"publish","type":"post","link":"https:\/\/www.fisiobalance.cat\/ca\/tot-el-que-has-de-saber-per-a-la-recuparacio-efectiva-despres-de-una-protesis-de-maluc\/","title":{"rendered":"TOT EL QUE HAS DE SABER PER A LA RECUPARACI\u00d3 EFECTIVA DESPR\u00c9S DE UNA PR\u00d2TESIS DE MALUC"},"content":{"rendered":"<p style=\"text-align: left;\">La cirurgia de pr\u00f2tesis de maluc ha esdevingut una pr\u00e0ctica molt comuna per a aquelles persones que pateixen deteriorament d&#8217;aquesta articulaci\u00f3 i cursen amb dolor i impot\u00e8ncia funcional. Aquesta alternativa es considera com a soluci\u00f3 sempre que la fisioter\u00e0pia amb exercicis, la medicaci\u00f3 i altres alternatives no alleugen el dolor del pacient.<\/p>\n<h1><strong>\u00bfqu\u00e8 \u00e9s una pr\u00f2tesi de maluc?<\/strong><\/h1>\n<p>Aquest dispositiu, \u00e9s una pe\u00e7a artificial que reempla\u00e7a parts malmeses del maluc i millora la seva funcionalitat. Les pr\u00f2tesis poden ser cimentades, no cimentades o h\u00edbrides, i substitueixen les peces femorals i acetabulars (protesi total o parcial de maluc).<\/p>\n<p><img loading=\"lazy\" decoding=\"async\" class=\" wp-image-4717\" src=\"https:\/\/www.fisiobalance.cat\/wp-content\/uploads\/2024\/07\/protesis-cadera-fisioterapia-castelldefels-300x200.jpeg\" alt=\"\" width=\"360\" height=\"240\" srcset=\"https:\/\/www.fisiobalance.cat\/wp-content\/uploads\/2024\/07\/protesis-cadera-fisioterapia-castelldefels-300x200.jpeg 300w, https:\/\/www.fisiobalance.cat\/wp-content\/uploads\/2024\/07\/protesis-cadera-fisioterapia-castelldefels-1024x683.jpeg 1024w, https:\/\/www.fisiobalance.cat\/wp-content\/uploads\/2024\/07\/protesis-cadera-fisioterapia-castelldefels-768x512.jpeg 768w, https:\/\/www.fisiobalance.cat\/wp-content\/uploads\/2024\/07\/protesis-cadera-fisioterapia-castelldefels-1536x1024.jpeg 1536w, https:\/\/www.fisiobalance.cat\/wp-content\/uploads\/2024\/07\/protesis-cadera-fisioterapia-castelldefels-2048x1365.jpeg 2048w, https:\/\/www.fisiobalance.cat\/wp-content\/uploads\/2024\/07\/protesis-cadera-fisioterapia-castelldefels-700x467.jpeg 700w, https:\/\/www.fisiobalance.cat\/wp-content\/uploads\/2024\/07\/protesis-cadera-fisioterapia-castelldefels-600x400.jpeg 600w\" sizes=\"auto, (max-width: 360px) 100vw, 360px\" \/><\/p>\n<p>Indicada principalment per a l&#8217;<strong>artosi i les fractures femorals proximals<\/strong> per alleujar el dolor, millorar la mobilitat i restaurar la funci\u00f3 articular. Sol recomanar-se a gent gran.<\/p>\n<h1><strong>\u00bfQuins beneficis t\u00e9 la fisioter\u00e0pia en la recuperaci\u00f3 de la pr\u00f2tesi de maluc?<\/strong><\/h1>\n<p>La fisioter\u00e0pia en pacients amb pr\u00f2tesi total i parcial de maluc \u00e9s crucial per millorar la qualitat de vida. No nom\u00e9s <strong>redueix l&#8217;estada hospital\u00e0ria<\/strong>, sin\u00f3 que tamb\u00e9 facilita la <strong>recuperaci\u00f3 funcional a les activitats de la vida di\u00e0ria.<\/strong><\/p>\n<p>Des de la rehabilitaci\u00f3 <strong>preoperat\u00f2ria<\/strong>, que inclou exercicis de for\u00e7a i exercicis per millorar la funci\u00f3 respirat\u00f2ria per evitar complicacions a la cirurgia, fins al tractament postoperatori, la fisioter\u00e0pia \u00e9s una part integral del proc\u00e9s de recuperaci\u00f3.<\/p>\n<p>&nbsp;<\/p>\n<h1>BENEFICIS DE LA FISIOTER\u00c0PIA DESPR\u00c9S DE UNA CIRURGIA DE PROTESI DE MALUC<\/h1>\n<ul>\n<li><strong>Reducci\u00f3 de l&#8217;Estada Hospital\u00e0ria<\/strong>: La fisioter\u00e0pia preco\u00e7 al postoperatori immediat ajuda a reduir el temps d&#8217;hospitalitzaci\u00f3.<\/li>\n<li><strong>Millora la Qualitat de Vida:<\/strong>\u00a0Els pacients que reben fisioter\u00e0pia experimenten una recuperaci\u00f3 funcional m\u00e9s r\u00e0pida i milloren la seva qualitat de vida.<\/li>\n<li><strong>Millor Rendiment:<\/strong> Aquells que participen en programes de fisioter\u00e0pia mostren una millora primerenca i un rendiment superior en els seus esfor\u00e7os de recuperaci\u00f3 en comparaci\u00f3 dels que no reben fisioter\u00e0pia.<\/li>\n<li><strong>Prevenci\u00f3 de Complicacions:<\/strong>\u00a0Es donen recomanacions espec\u00edfiques per evitar moviments que puguin danyar la pr\u00f2tesi, com la flexi\u00f3 excessiva o la cru\u00eflla de membres inferiors.<\/li>\n<\/ul>\n<h2><strong>Qu\u00e8 esperar de la intervenci\u00f3 d&#8217;un fisioterapeuta<\/strong><\/h2>\n<ul>\n<li><strong>Enfortiment Muscular:<\/strong> Inclou exercicis d&#8217;enfortiment muscular i electroestimulaci\u00f3 funcional per millorar la for\u00e7a i reduir el dolor. Aqu\u00ed podr\u00e0s obtenir rutines d&#8217;exercicis a la fase inicial i interm\u00e8dia.<\/li>\n<li><strong>Treball d&#8217;equilibri i marxa:<\/strong> Exercicis d&#8217;equilibri i marxa amb finalitat propioceptiva per controlar i suprimir la coixesa.<\/li>\n<li><strong>Massatges Especialitzats:<\/strong> Massatges de drenatge limf\u00e0tic manual i massatges de la cicatriu per millorar la flexibilitat i reduir l&#8217;edema.<\/li>\n<\/ul>\n<p><img loading=\"lazy\" decoding=\"async\" class=\" wp-image-4254\" src=\"https:\/\/www.fisiobalance.cat\/wp-content\/uploads\/2023\/11\/ictus-fisioterapia--300x200.jpeg\" alt=\"\" width=\"414\" height=\"276\" srcset=\"https:\/\/www.fisiobalance.cat\/wp-content\/uploads\/2023\/11\/ictus-fisioterapia--300x200.jpeg 300w, https:\/\/www.fisiobalance.cat\/wp-content\/uploads\/2023\/11\/ictus-fisioterapia--1024x683.jpeg 1024w, https:\/\/www.fisiobalance.cat\/wp-content\/uploads\/2023\/11\/ictus-fisioterapia--768x512.jpeg 768w, https:\/\/www.fisiobalance.cat\/wp-content\/uploads\/2023\/11\/ictus-fisioterapia--1536x1024.jpeg 1536w, https:\/\/www.fisiobalance.cat\/wp-content\/uploads\/2023\/11\/ictus-fisioterapia--2048x1365.jpeg 2048w, https:\/\/www.fisiobalance.cat\/wp-content\/uploads\/2023\/11\/ictus-fisioterapia--700x467.jpeg 700w, https:\/\/www.fisiobalance.cat\/wp-content\/uploads\/2023\/11\/ictus-fisioterapia--600x400.jpeg 600w\" sizes=\"auto, (max-width: 414px) 100vw, 414px\" \/><\/p>\n<p>&nbsp;<\/p>\n<h2><strong>Objectius de la fisioter\u00e0pia despr\u00e9s d&#8217;una cirurgia de protesis de maluc<\/strong><\/h2>\n<ol>\n<li><strong>Alleujar el Dolor:<\/strong> T\u00e8cniques per reduir el dolor postoperatori.<\/li>\n<li><strong>Prevenci\u00f3 d&#8217;Edema:<\/strong> Tractament i prevenci\u00f3 de l&#8217;edema a l&#8217;extremitat operada.<\/li>\n<li><strong>Prevenci\u00f3 de Luxacions:<\/strong> Estrat\u00e8gies per evitar la luxaci\u00f3 de la pr\u00f2tesi de maluc.<\/li>\n<li><strong>Activaci\u00f3 progressiva:<\/strong> Iniciar l&#8217;activaci\u00f3 progressiva de l&#8217;extremitat operada.<\/li>\n<li><strong>Prevenci\u00f3 de Complicacions Respirat\u00f2ries:<\/strong> Exercicis per prevenir complicacions respirat\u00f2ries i problemes derivats del rep\u00f2s.<\/li>\n<li><strong>Millora de Rangs Articulars:<\/strong> Mantenir i millorar els rangs de moviment de les articulacions.<\/li>\n<li><strong>Reeducaci\u00f3 Postural:<\/strong> Recuperar la confian\u00e7a en l&#8217;exercici diari amb normes d&#8217;higiene postural adequades, evitant vicis posturals.<\/li>\n<li><strong>Reeducaci\u00f3 de la Marxa<\/strong>: Reaprendre a caminar amb l&#8217;ajuda de bastons o caminadors segons calgui.<\/li>\n<\/ol>\n<p>&nbsp;<\/p>\n<p><img loading=\"lazy\" decoding=\"async\" class=\" wp-image-4735\" src=\"https:\/\/www.fisiobalance.cat\/wp-content\/uploads\/2024\/07\/fisio-senior-300x200.jpeg\" alt=\"\" width=\"407\" height=\"271\" srcset=\"https:\/\/www.fisiobalance.cat\/wp-content\/uploads\/2024\/07\/fisio-senior-300x200.jpeg 300w, https:\/\/www.fisiobalance.cat\/wp-content\/uploads\/2024\/07\/fisio-senior-1024x683.jpeg 1024w, https:\/\/www.fisiobalance.cat\/wp-content\/uploads\/2024\/07\/fisio-senior-768x512.jpeg 768w, https:\/\/www.fisiobalance.cat\/wp-content\/uploads\/2024\/07\/fisio-senior-1536x1024.jpeg 1536w, https:\/\/www.fisiobalance.cat\/wp-content\/uploads\/2024\/07\/fisio-senior-2048x1365.jpeg 2048w, https:\/\/www.fisiobalance.cat\/wp-content\/uploads\/2024\/07\/fisio-senior-700x467.jpeg 700w, https:\/\/www.fisiobalance.cat\/wp-content\/uploads\/2024\/07\/fisio-senior-600x400.jpeg 600w\" sizes=\"auto, (max-width: 407px) 100vw, 407px\" \/><\/p>\n<p>La fisioter\u00e0pia juga un paper fonamental en la recuperaci\u00f3 despr\u00e9s d&#8217;una artropl\u00e0stia total de maluc, proporcionant beneficis significatius i ajudant els pacients a tornar a les seves activitats quotidianes amb m\u00e9s confian\u00e7a i menys dolor.<\/p>\n<p><strong>Per qu\u00e8 \u00e9s tan important seguir un bon pla de rehabilitaci\u00f3?<\/strong><\/p>\n<p>Seguir un tractament de fisioter\u00e0pia \u00e9s crucial per a la recuperaci\u00f3 dels pacients amb pr\u00f2tesi total de maluc. Aquells que s&#8217;adhereixen al pla de rehabilitaci\u00f3 obtenen millors resultats i una recuperaci\u00f3 m\u00e9s r\u00e0pida.<\/p>\n<p>A FisioBalance comptem amb un equip interdisciplinari d&#8217;especialistes en rehabilitaci\u00f3 postoperat\u00f2ria, que us donar\u00e0 el suport que necessiteu per recuperar el vostre benestar i qualitat de vida.<\/p>\n<p>Pots escriure&#8217;ns a trav\u00e9s de WhatsApp o trucar-nos al 659 884 200 i estarem encantats de resoldre qualsevol dels teus dubtes.<\/p>\n<p>&nbsp;<\/p>\n<p><strong>\u00a0<\/strong><\/p>\n","protected":false},"excerpt":{"rendered":"<p>La cirurgia de pr\u00f2tesis de maluc ha esdevingut una pr\u00e0ctica molt comuna per a aquelles persones que pateixen deteriorament d&#8217;aquesta articulaci\u00f3 i cursen amb dolor i impot\u00e8ncia funcional. Aquesta alternativa es considera com a soluci\u00f3 sempre que la fisioter\u00e0pia amb exercicis, la medicaci\u00f3 i altres&#8230;<\/p>\n","protected":false},"author":3,"featured_media":4721,"comment_status":"open","ping_status":"open","sticky":false,"template":"","format":"standard","meta":{"footnotes":""},"categories":[315,247,319,2],"tags":[],"class_list":["post-5163","post","type-post","status-publish","format-standard","has-post-thumbnail","hentry","category-fisiobalance-castelldefels-ca","category-fisioterapia-ca","category-programas-pre-i-pospart","category-uncategorized-ca"],"yoast_head":"<!-- This site is optimized with the Yoast SEO plugin v26.3 - https:\/\/yoast.com\/wordpress\/plugins\/seo\/ -->\n<title>TOT EL QUE HAS DE SABER PER A LA RECUPARACI\u00d3 EFECTIVA DESPR\u00c9S DE UNA PR\u00d2TESIS DE MALUC - Fisiobalance<\/title>\n<meta name=\"description\" content=\"La fisioterapia en pacientes con pr\u00f3tesis total y parcial de cadera es crucial para mejorar la calidad de vida. No solo reduce la estancia hospitalaria, sino que tambi\u00e9n facilita la recuperaci\u00f3n funcional en las actividades diarias. Desde la rehabilitaci\u00f3n preoperatoria, que incluye ejercicios para mejorar la capacidad pulmonar y la funci\u00f3n respiratoria para evitar complicaciones en la cirug\u00eda, hasta el seguimiento postoperatorio, la fisioterapia es una parte integral del proceso de recuperaci\u00f3n.\" \/>\n<meta name=\"robots\" content=\"index, follow, max-snippet:-1, max-image-preview:large, max-video-preview:-1\" \/>\n<link rel=\"canonical\" href=\"https:\/\/www.fisiobalance.cat\/ca\/tot-el-que-has-de-saber-per-a-la-recuparacio-efectiva-despres-de-una-protesis-de-maluc\/\" \/>\n<meta property=\"og:locale\" content=\"ca_ES\" \/>\n<meta property=\"og:type\" content=\"article\" \/>\n<meta property=\"og:title\" content=\"TOT EL QUE HAS DE SABER PER A LA RECUPARACI\u00d3 EFECTIVA DESPR\u00c9S DE UNA PR\u00d2TESIS DE MALUC - Fisiobalance\" \/>\n<meta property=\"og:description\" content=\"La fisioterapia en pacientes con pr\u00f3tesis total y parcial de cadera es crucial para mejorar la calidad de vida. No solo reduce la estancia hospitalaria, sino que tambi\u00e9n facilita la recuperaci\u00f3n funcional en las actividades diarias. Desde la rehabilitaci\u00f3n preoperatoria, que incluye ejercicios para mejorar la capacidad pulmonar y la funci\u00f3n respiratoria para evitar complicaciones en la cirug\u00eda, hasta el seguimiento postoperatorio, la fisioterapia es una parte integral del proceso de recuperaci\u00f3n.\" \/>\n<meta property=\"og:url\" content=\"https:\/\/www.fisiobalance.cat\/ca\/tot-el-que-has-de-saber-per-a-la-recuparacio-efectiva-despres-de-una-protesis-de-maluc\/\" \/>\n<meta property=\"og:site_name\" content=\"Fisiobalance\" \/>\n<meta property=\"article:published_time\" content=\"2024-07-15T18:52:20+00:00\" \/>\n<meta property=\"article:modified_time\" content=\"2025-01-02T14:52:27+00:00\" \/>\n<meta property=\"og:image\" content=\"https:\/\/www.fisiobalance.cat\/wp-content\/uploads\/2024\/07\/protesis-cadera-castelldefels-scaled.jpeg\" \/>\n\t<meta property=\"og:image:width\" content=\"2560\" \/>\n\t<meta property=\"og:image:height\" content=\"1706\" \/>\n\t<meta property=\"og:image:type\" content=\"image\/jpeg\" \/>\n<meta name=\"author\" content=\"fisiobalance\" \/>\n<meta name=\"twitter:card\" content=\"summary_large_image\" \/>\n<meta name=\"twitter:label1\" content=\"Escrit per\" \/>\n\t<meta name=\"twitter:data1\" content=\"fisiobalance\" \/>\n\t<meta name=\"twitter:label2\" content=\"Temps estimat de lectura\" \/>\n\t<meta name=\"twitter:data2\" content=\"4 minuts\" \/>\n<script type=\"application\/ld+json\" class=\"yoast-schema-graph\">{\"@context\":\"https:\/\/schema.org\",\"@graph\":[{\"@type\":\"Article\",\"@id\":\"https:\/\/www.fisiobalance.cat\/ca\/tot-el-que-has-de-saber-per-a-la-recuparacio-efectiva-despres-de-una-protesis-de-maluc\/#article\",\"isPartOf\":{\"@id\":\"https:\/\/www.fisiobalance.cat\/ca\/tot-el-que-has-de-saber-per-a-la-recuparacio-efectiva-despres-de-una-protesis-de-maluc\/\"},\"author\":{\"name\":\"fisiobalance\",\"@id\":\"https:\/\/www.fisiobalance.cat\/#\/schema\/person\/ff8a94c5457314fcae1821bb17fb59f9\"},\"headline\":\"TOT EL QUE HAS DE SABER PER A LA RECUPARACI\u00d3 EFECTIVA DESPR\u00c9S DE UNA PR\u00d2TESIS DE MALUC\",\"datePublished\":\"2024-07-15T18:52:20+00:00\",\"dateModified\":\"2025-01-02T14:52:27+00:00\",\"mainEntityOfPage\":{\"@id\":\"https:\/\/www.fisiobalance.cat\/ca\/tot-el-que-has-de-saber-per-a-la-recuparacio-efectiva-despres-de-una-protesis-de-maluc\/\"},\"wordCount\":728,\"commentCount\":0,\"publisher\":{\"@id\":\"https:\/\/www.fisiobalance.cat\/#organization\"},\"image\":{\"@id\":\"https:\/\/www.fisiobalance.cat\/ca\/tot-el-que-has-de-saber-per-a-la-recuparacio-efectiva-despres-de-una-protesis-de-maluc\/#primaryimage\"},\"thumbnailUrl\":\"https:\/\/www.fisiobalance.cat\/wp-content\/uploads\/2024\/07\/protesis-cadera-castelldefels-scaled.jpeg\",\"articleSection\":[\"Fisiobalance Castelldefels\",\"fisioter\u00e0pia\",\"programas pre i pospart\",\"Uncategorized @ca\"],\"inLanguage\":\"ca\",\"potentialAction\":[{\"@type\":\"CommentAction\",\"name\":\"Comment\",\"target\":[\"https:\/\/www.fisiobalance.cat\/ca\/tot-el-que-has-de-saber-per-a-la-recuparacio-efectiva-despres-de-una-protesis-de-maluc\/#respond\"]}]},{\"@type\":\"WebPage\",\"@id\":\"https:\/\/www.fisiobalance.cat\/ca\/tot-el-que-has-de-saber-per-a-la-recuparacio-efectiva-despres-de-una-protesis-de-maluc\/\",\"url\":\"https:\/\/www.fisiobalance.cat\/ca\/tot-el-que-has-de-saber-per-a-la-recuparacio-efectiva-despres-de-una-protesis-de-maluc\/\",\"name\":\"TOT EL QUE HAS DE SABER PER A LA RECUPARACI\u00d3 EFECTIVA DESPR\u00c9S DE UNA PR\u00d2TESIS DE MALUC - Fisiobalance\",\"isPartOf\":{\"@id\":\"https:\/\/www.fisiobalance.cat\/#website\"},\"primaryImageOfPage\":{\"@id\":\"https:\/\/www.fisiobalance.cat\/ca\/tot-el-que-has-de-saber-per-a-la-recuparacio-efectiva-despres-de-una-protesis-de-maluc\/#primaryimage\"},\"image\":{\"@id\":\"https:\/\/www.fisiobalance.cat\/ca\/tot-el-que-has-de-saber-per-a-la-recuparacio-efectiva-despres-de-una-protesis-de-maluc\/#primaryimage\"},\"thumbnailUrl\":\"https:\/\/www.fisiobalance.cat\/wp-content\/uploads\/2024\/07\/protesis-cadera-castelldefels-scaled.jpeg\",\"datePublished\":\"2024-07-15T18:52:20+00:00\",\"dateModified\":\"2025-01-02T14:52:27+00:00\",\"description\":\"La fisioterapia en pacientes con pr\u00f3tesis total y parcial de cadera es crucial para mejorar la calidad de vida. No solo reduce la estancia hospitalaria, sino que tambi\u00e9n facilita la recuperaci\u00f3n funcional en las actividades diarias. Desde la rehabilitaci\u00f3n preoperatoria, que incluye ejercicios para mejorar la capacidad pulmonar y la funci\u00f3n respiratoria para evitar complicaciones en la cirug\u00eda, hasta el seguimiento postoperatorio, la fisioterapia es una parte integral del proceso de recuperaci\u00f3n.\",\"breadcrumb\":{\"@id\":\"https:\/\/www.fisiobalance.cat\/ca\/tot-el-que-has-de-saber-per-a-la-recuparacio-efectiva-despres-de-una-protesis-de-maluc\/#breadcrumb\"},\"inLanguage\":\"ca\",\"potentialAction\":[{\"@type\":\"ReadAction\",\"target\":[\"https:\/\/www.fisiobalance.cat\/ca\/tot-el-que-has-de-saber-per-a-la-recuparacio-efectiva-despres-de-una-protesis-de-maluc\/\"]}]},{\"@type\":\"ImageObject\",\"inLanguage\":\"ca\",\"@id\":\"https:\/\/www.fisiobalance.cat\/ca\/tot-el-que-has-de-saber-per-a-la-recuparacio-efectiva-despres-de-una-protesis-de-maluc\/#primaryimage\",\"url\":\"https:\/\/www.fisiobalance.cat\/wp-content\/uploads\/2024\/07\/protesis-cadera-castelldefels-scaled.jpeg\",\"contentUrl\":\"https:\/\/www.fisiobalance.cat\/wp-content\/uploads\/2024\/07\/protesis-cadera-castelldefels-scaled.jpeg\",\"width\":2560,\"height\":1706,\"caption\":\"Modern knee and hip prosthesis made by cad engineer and manufactured by 3d printing\"},{\"@type\":\"BreadcrumbList\",\"@id\":\"https:\/\/www.fisiobalance.cat\/ca\/tot-el-que-has-de-saber-per-a-la-recuparacio-efectiva-despres-de-una-protesis-de-maluc\/#breadcrumb\",\"itemListElement\":[{\"@type\":\"ListItem\",\"position\":1,\"name\":\"Portada\",\"item\":\"https:\/\/www.fisiobalance.cat\/ca\/\"},{\"@type\":\"ListItem\",\"position\":2,\"name\":\"TOT EL QUE HAS DE SABER PER A LA RECUPARACI\u00d3 EFECTIVA DESPR\u00c9S DE UNA PR\u00d2TESIS DE MALUC\"}]},{\"@type\":\"WebSite\",\"@id\":\"https:\/\/www.fisiobalance.cat\/#website\",\"url\":\"https:\/\/www.fisiobalance.cat\/\",\"name\":\"Fisiobalance\",\"description\":\"\",\"publisher\":{\"@id\":\"https:\/\/www.fisiobalance.cat\/#organization\"},\"potentialAction\":[{\"@type\":\"SearchAction\",\"target\":{\"@type\":\"EntryPoint\",\"urlTemplate\":\"https:\/\/www.fisiobalance.cat\/?s={search_term_string}\"},\"query-input\":{\"@type\":\"PropertyValueSpecification\",\"valueRequired\":true,\"valueName\":\"search_term_string\"}}],\"inLanguage\":\"ca\"},{\"@type\":\"Organization\",\"@id\":\"https:\/\/www.fisiobalance.cat\/#organization\",\"name\":\"Fisiobalance\",\"url\":\"https:\/\/www.fisiobalance.cat\/\",\"logo\":{\"@type\":\"ImageObject\",\"inLanguage\":\"ca\",\"@id\":\"https:\/\/www.fisiobalance.cat\/#\/schema\/logo\/image\/\",\"url\":\"https:\/\/www.fisiobalance.cat\/wp-content\/uploads\/2018\/06\/fisiobalance_logo.png\",\"contentUrl\":\"https:\/\/www.fisiobalance.cat\/wp-content\/uploads\/2018\/06\/fisiobalance_logo.png\",\"width\":369,\"height\":53,\"caption\":\"Fisiobalance\"},\"image\":{\"@id\":\"https:\/\/www.fisiobalance.cat\/#\/schema\/logo\/image\/\"}},{\"@type\":\"Person\",\"@id\":\"https:\/\/www.fisiobalance.cat\/#\/schema\/person\/ff8a94c5457314fcae1821bb17fb59f9\",\"name\":\"fisiobalance\",\"image\":{\"@type\":\"ImageObject\",\"inLanguage\":\"ca\",\"@id\":\"https:\/\/www.fisiobalance.cat\/#\/schema\/person\/image\/\",\"url\":\"https:\/\/secure.gravatar.com\/avatar\/d01b67c6ec8f361b22fadb8cde3b40303b5f70548e5bd5bab7a5dcd8a26cc786?s=96&d=mm&r=g\",\"contentUrl\":\"https:\/\/secure.gravatar.com\/avatar\/d01b67c6ec8f361b22fadb8cde3b40303b5f70548e5bd5bab7a5dcd8a26cc786?s=96&d=mm&r=g\",\"caption\":\"fisiobalance\"},\"url\":\"https:\/\/www.fisiobalance.cat\/ca\/author\/fisiobalance\/\"}]}<\/script>\n<!-- \/ Yoast SEO plugin. -->","yoast_head_json":{"title":"TOT EL QUE HAS DE SABER PER A LA RECUPARACI\u00d3 EFECTIVA DESPR\u00c9S DE UNA PR\u00d2TESIS DE MALUC - Fisiobalance","description":"La fisioterapia en pacientes con pr\u00f3tesis total y parcial de cadera es crucial para mejorar la calidad de vida. No solo reduce la estancia hospitalaria, sino que tambi\u00e9n facilita la recuperaci\u00f3n funcional en las actividades diarias. Desde la rehabilitaci\u00f3n preoperatoria, que incluye ejercicios para mejorar la capacidad pulmonar y la funci\u00f3n respiratoria para evitar complicaciones en la cirug\u00eda, hasta el seguimiento postoperatorio, la fisioterapia es una parte integral del proceso de recuperaci\u00f3n.","robots":{"index":"index","follow":"follow","max-snippet":"max-snippet:-1","max-image-preview":"max-image-preview:large","max-video-preview":"max-video-preview:-1"},"canonical":"https:\/\/www.fisiobalance.cat\/ca\/tot-el-que-has-de-saber-per-a-la-recuparacio-efectiva-despres-de-una-protesis-de-maluc\/","og_locale":"ca_ES","og_type":"article","og_title":"TOT EL QUE HAS DE SABER PER A LA RECUPARACI\u00d3 EFECTIVA DESPR\u00c9S DE UNA PR\u00d2TESIS DE MALUC - Fisiobalance","og_description":"La fisioterapia en pacientes con pr\u00f3tesis total y parcial de cadera es crucial para mejorar la calidad de vida. No solo reduce la estancia hospitalaria, sino que tambi\u00e9n facilita la recuperaci\u00f3n funcional en las actividades diarias. Desde la rehabilitaci\u00f3n preoperatoria, que incluye ejercicios para mejorar la capacidad pulmonar y la funci\u00f3n respiratoria para evitar complicaciones en la cirug\u00eda, hasta el seguimiento postoperatorio, la fisioterapia es una parte integral del proceso de recuperaci\u00f3n.","og_url":"https:\/\/www.fisiobalance.cat\/ca\/tot-el-que-has-de-saber-per-a-la-recuparacio-efectiva-despres-de-una-protesis-de-maluc\/","og_site_name":"Fisiobalance","article_published_time":"2024-07-15T18:52:20+00:00","article_modified_time":"2025-01-02T14:52:27+00:00","og_image":[{"width":2560,"height":1706,"url":"https:\/\/www.fisiobalance.cat\/wp-content\/uploads\/2024\/07\/protesis-cadera-castelldefels-scaled.jpeg","type":"image\/jpeg"}],"author":"fisiobalance","twitter_card":"summary_large_image","twitter_misc":{"Escrit per":"fisiobalance","Temps estimat de lectura":"4 minuts"},"schema":{"@context":"https:\/\/schema.org","@graph":[{"@type":"Article","@id":"https:\/\/www.fisiobalance.cat\/ca\/tot-el-que-has-de-saber-per-a-la-recuparacio-efectiva-despres-de-una-protesis-de-maluc\/#article","isPartOf":{"@id":"https:\/\/www.fisiobalance.cat\/ca\/tot-el-que-has-de-saber-per-a-la-recuparacio-efectiva-despres-de-una-protesis-de-maluc\/"},"author":{"name":"fisiobalance","@id":"https:\/\/www.fisiobalance.cat\/#\/schema\/person\/ff8a94c5457314fcae1821bb17fb59f9"},"headline":"TOT EL QUE HAS DE SABER PER A LA RECUPARACI\u00d3 EFECTIVA DESPR\u00c9S DE UNA PR\u00d2TESIS DE MALUC","datePublished":"2024-07-15T18:52:20+00:00","dateModified":"2025-01-02T14:52:27+00:00","mainEntityOfPage":{"@id":"https:\/\/www.fisiobalance.cat\/ca\/tot-el-que-has-de-saber-per-a-la-recuparacio-efectiva-despres-de-una-protesis-de-maluc\/"},"wordCount":728,"commentCount":0,"publisher":{"@id":"https:\/\/www.fisiobalance.cat\/#organization"},"image":{"@id":"https:\/\/www.fisiobalance.cat\/ca\/tot-el-que-has-de-saber-per-a-la-recuparacio-efectiva-despres-de-una-protesis-de-maluc\/#primaryimage"},"thumbnailUrl":"https:\/\/www.fisiobalance.cat\/wp-content\/uploads\/2024\/07\/protesis-cadera-castelldefels-scaled.jpeg","articleSection":["Fisiobalance Castelldefels","fisioter\u00e0pia","programas pre i pospart","Uncategorized @ca"],"inLanguage":"ca","potentialAction":[{"@type":"CommentAction","name":"Comment","target":["https:\/\/www.fisiobalance.cat\/ca\/tot-el-que-has-de-saber-per-a-la-recuparacio-efectiva-despres-de-una-protesis-de-maluc\/#respond"]}]},{"@type":"WebPage","@id":"https:\/\/www.fisiobalance.cat\/ca\/tot-el-que-has-de-saber-per-a-la-recuparacio-efectiva-despres-de-una-protesis-de-maluc\/","url":"https:\/\/www.fisiobalance.cat\/ca\/tot-el-que-has-de-saber-per-a-la-recuparacio-efectiva-despres-de-una-protesis-de-maluc\/","name":"TOT EL QUE HAS DE SABER PER A LA RECUPARACI\u00d3 EFECTIVA DESPR\u00c9S DE UNA PR\u00d2TESIS DE MALUC - Fisiobalance","isPartOf":{"@id":"https:\/\/www.fisiobalance.cat\/#website"},"primaryImageOfPage":{"@id":"https:\/\/www.fisiobalance.cat\/ca\/tot-el-que-has-de-saber-per-a-la-recuparacio-efectiva-despres-de-una-protesis-de-maluc\/#primaryimage"},"image":{"@id":"https:\/\/www.fisiobalance.cat\/ca\/tot-el-que-has-de-saber-per-a-la-recuparacio-efectiva-despres-de-una-protesis-de-maluc\/#primaryimage"},"thumbnailUrl":"https:\/\/www.fisiobalance.cat\/wp-content\/uploads\/2024\/07\/protesis-cadera-castelldefels-scaled.jpeg","datePublished":"2024-07-15T18:52:20+00:00","dateModified":"2025-01-02T14:52:27+00:00","description":"La fisioterapia en pacientes con pr\u00f3tesis total y parcial de cadera es crucial para mejorar la calidad de vida. No solo reduce la estancia hospitalaria, sino que tambi\u00e9n facilita la recuperaci\u00f3n funcional en las actividades diarias. Desde la rehabilitaci\u00f3n preoperatoria, que incluye ejercicios para mejorar la capacidad pulmonar y la funci\u00f3n respiratoria para evitar complicaciones en la cirug\u00eda, hasta el seguimiento postoperatorio, la fisioterapia es una parte integral del proceso de recuperaci\u00f3n.","breadcrumb":{"@id":"https:\/\/www.fisiobalance.cat\/ca\/tot-el-que-has-de-saber-per-a-la-recuparacio-efectiva-despres-de-una-protesis-de-maluc\/#breadcrumb"},"inLanguage":"ca","potentialAction":[{"@type":"ReadAction","target":["https:\/\/www.fisiobalance.cat\/ca\/tot-el-que-has-de-saber-per-a-la-recuparacio-efectiva-despres-de-una-protesis-de-maluc\/"]}]},{"@type":"ImageObject","inLanguage":"ca","@id":"https:\/\/www.fisiobalance.cat\/ca\/tot-el-que-has-de-saber-per-a-la-recuparacio-efectiva-despres-de-una-protesis-de-maluc\/#primaryimage","url":"https:\/\/www.fisiobalance.cat\/wp-content\/uploads\/2024\/07\/protesis-cadera-castelldefels-scaled.jpeg","contentUrl":"https:\/\/www.fisiobalance.cat\/wp-content\/uploads\/2024\/07\/protesis-cadera-castelldefels-scaled.jpeg","width":2560,"height":1706,"caption":"Modern knee and hip prosthesis made by cad engineer and manufactured by 3d printing"},{"@type":"BreadcrumbList","@id":"https:\/\/www.fisiobalance.cat\/ca\/tot-el-que-has-de-saber-per-a-la-recuparacio-efectiva-despres-de-una-protesis-de-maluc\/#breadcrumb","itemListElement":[{"@type":"ListItem","position":1,"name":"Portada","item":"https:\/\/www.fisiobalance.cat\/ca\/"},{"@type":"ListItem","position":2,"name":"TOT EL QUE HAS DE SABER PER A LA RECUPARACI\u00d3 EFECTIVA DESPR\u00c9S DE UNA PR\u00d2TESIS DE MALUC"}]},{"@type":"WebSite","@id":"https:\/\/www.fisiobalance.cat\/#website","url":"https:\/\/www.fisiobalance.cat\/","name":"Fisiobalance","description":"","publisher":{"@id":"https:\/\/www.fisiobalance.cat\/#organization"},"potentialAction":[{"@type":"SearchAction","target":{"@type":"EntryPoint","urlTemplate":"https:\/\/www.fisiobalance.cat\/?s={search_term_string}"},"query-input":{"@type":"PropertyValueSpecification","valueRequired":true,"valueName":"search_term_string"}}],"inLanguage":"ca"},{"@type":"Organization","@id":"https:\/\/www.fisiobalance.cat\/#organization","name":"Fisiobalance","url":"https:\/\/www.fisiobalance.cat\/","logo":{"@type":"ImageObject","inLanguage":"ca","@id":"https:\/\/www.fisiobalance.cat\/#\/schema\/logo\/image\/","url":"https:\/\/www.fisiobalance.cat\/wp-content\/uploads\/2018\/06\/fisiobalance_logo.png","contentUrl":"https:\/\/www.fisiobalance.cat\/wp-content\/uploads\/2018\/06\/fisiobalance_logo.png","width":369,"height":53,"caption":"Fisiobalance"},"image":{"@id":"https:\/\/www.fisiobalance.cat\/#\/schema\/logo\/image\/"}},{"@type":"Person","@id":"https:\/\/www.fisiobalance.cat\/#\/schema\/person\/ff8a94c5457314fcae1821bb17fb59f9","name":"fisiobalance","image":{"@type":"ImageObject","inLanguage":"ca","@id":"https:\/\/www.fisiobalance.cat\/#\/schema\/person\/image\/","url":"https:\/\/secure.gravatar.com\/avatar\/d01b67c6ec8f361b22fadb8cde3b40303b5f70548e5bd5bab7a5dcd8a26cc786?s=96&d=mm&r=g","contentUrl":"https:\/\/secure.gravatar.com\/avatar\/d01b67c6ec8f361b22fadb8cde3b40303b5f70548e5bd5bab7a5dcd8a26cc786?s=96&d=mm&r=g","caption":"fisiobalance"},"url":"https:\/\/www.fisiobalance.cat\/ca\/author\/fisiobalance\/"}]}},"_links":{"self":[{"href":"https:\/\/www.fisiobalance.cat\/ca\/wp-json\/wp\/v2\/posts\/5163","targetHints":{"allow":["GET"]}}],"collection":[{"href":"https:\/\/www.fisiobalance.cat\/ca\/wp-json\/wp\/v2\/posts"}],"about":[{"href":"https:\/\/www.fisiobalance.cat\/ca\/wp-json\/wp\/v2\/types\/post"}],"author":[{"embeddable":true,"href":"https:\/\/www.fisiobalance.cat\/ca\/wp-json\/wp\/v2\/users\/3"}],"replies":[{"embeddable":true,"href":"https:\/\/www.fisiobalance.cat\/ca\/wp-json\/wp\/v2\/comments?post=5163"}],"version-history":[{"count":2,"href":"https:\/\/www.fisiobalance.cat\/ca\/wp-json\/wp\/v2\/posts\/5163\/revisions"}],"predecessor-version":[{"id":5164,"href":"https:\/\/www.fisiobalance.cat\/ca\/wp-json\/wp\/v2\/posts\/5163\/revisions\/5164"}],"wp:featuredmedia":[{"embeddable":true,"href":"https:\/\/www.fisiobalance.cat\/ca\/wp-json\/wp\/v2\/media\/4721"}],"wp:attachment":[{"href":"https:\/\/www.fisiobalance.cat\/ca\/wp-json\/wp\/v2\/media?parent=5163"}],"wp:term":[{"taxonomy":"category","embeddable":true,"href":"https:\/\/www.fisiobalance.cat\/ca\/wp-json\/wp\/v2\/categories?post=5163"},{"taxonomy":"post_tag","embeddable":true,"href":"https:\/\/www.fisiobalance.cat\/ca\/wp-json\/wp\/v2\/tags?post=5163"}],"curies":[{"name":"wp","href":"https:\/\/api.w.org\/{rel}","templated":true}]}}