{"id":5569,"date":"2025-01-23T13:44:08","date_gmt":"2025-01-23T12:44:08","guid":{"rendered":"https:\/\/www.fisiobalance.cat\/fisioterapia-y-estres\/"},"modified":"2025-05-21T16:04:26","modified_gmt":"2025-05-21T14:04:26","slug":"fisioterapia-i-estres","status":"publish","type":"post","link":"https:\/\/www.fisiobalance.cat\/ca\/fisioterapia-i-estres\/","title":{"rendered":"Fisioter\u00e0pia i estr\u00e8s: La connexi\u00f3 entre cos i ment | FisioBalance Castelldefels"},"content":{"rendered":"<p><img loading=\"lazy\" decoding=\"async\" class=\"aligncenter wp-image-5385\" src=\"https:\/\/www.fisiobalance.cat\/wp-content\/uploads\/2025\/01\/Fisioterapia-y-estres-La-conexion-entre-cuerpo-y-mente.--300x88.png\" alt=\"\" width=\"754\" height=\"221\" srcset=\"https:\/\/www.fisiobalance.cat\/wp-content\/uploads\/2025\/01\/Fisioterapia-y-estres-La-conexion-entre-cuerpo-y-mente.--300x88.png 300w, https:\/\/www.fisiobalance.cat\/wp-content\/uploads\/2025\/01\/Fisioterapia-y-estres-La-conexion-entre-cuerpo-y-mente.--1024x302.png 1024w, https:\/\/www.fisiobalance.cat\/wp-content\/uploads\/2025\/01\/Fisioterapia-y-estres-La-conexion-entre-cuerpo-y-mente.--768x226.png 768w, https:\/\/www.fisiobalance.cat\/wp-content\/uploads\/2025\/01\/Fisioterapia-y-estres-La-conexion-entre-cuerpo-y-mente.--1536x453.png 1536w, https:\/\/www.fisiobalance.cat\/wp-content\/uploads\/2025\/01\/Fisioterapia-y-estres-La-conexion-entre-cuerpo-y-mente.--2048x603.png 2048w, https:\/\/www.fisiobalance.cat\/wp-content\/uploads\/2025\/01\/Fisioterapia-y-estres-La-conexion-entre-cuerpo-y-mente.--700x206.png 700w, https:\/\/www.fisiobalance.cat\/wp-content\/uploads\/2025\/01\/Fisioterapia-y-estres-La-conexion-entre-cuerpo-y-mente.--600x177.png 600w\" sizes=\"auto, (max-width: 754px) 100vw, 754px\" \/><\/p>\n<p>A la nostra vida quotidiana, l&#8217;estr\u00e8s \u00e9s gaireb\u00e9 inevitable. Les exig\u00e8ncies laborals, familiars i personals poden acumular-se, <strong>causant un impacte negatiu no nom\u00e9s a la nostra ment sin\u00f3 tamb\u00e9 al nostre cos.<\/strong><\/p>\n<p>A Fisiobalance Castelldefels, entenem com es pot manifestar f\u00edsicament l&#8217;estr\u00e8s i sabem que <strong>la fisioter\u00e0pia \u00e9s una eina essencial<\/strong> per alleujar els seus efectes, ajudant-te a recuperar l&#8217;equilibri entre el teu cos i la teva ment.<\/p>\n<h2><\/h2>\n<h2 class=\"cvGsUA direction-ltr align-start para-style-body\">Com afecta l&#8217;estr\u00e8s al nostre cos?<\/h2>\n<p>Quan estem estressats, el nostre cos activa una resposta natural coneguda com a \u201clluita o fugida\u201d. Aquesta reacci\u00f3, encara que \u00e9s \u00fatil en situacions de perill, es pot convertir en un problema si s&#8217;activa cont\u00ednuament a causa de l&#8217;estr\u00e8s cr\u00f2nic.<\/p>\n<p>Alguns dels efectes f\u00edsics m\u00e9s comuns de l&#8217;estr\u00e8s inclouen:<\/p>\n<p>&nbsp;<\/p>\n<ul>\n<li><strong>Dolor muscular:<\/strong> La tensi\u00f3 acumulada a \u00e0rees com el coll, les espatlles i l&#8217;esquena \u00e9s una de les manifestacions m\u00e9s habituals.<\/li>\n<\/ul>\n<p><img loading=\"lazy\" decoding=\"async\" class=\"size-medium wp-image-1726 aligncenter\" src=\"https:\/\/www.fisiobalance.cat\/wp-content\/uploads\/2021\/07\/cervicalgia-300x200.jpeg\" alt=\"\" width=\"300\" height=\"200\" srcset=\"https:\/\/www.fisiobalance.cat\/wp-content\/uploads\/2021\/07\/cervicalgia-300x200.jpeg 300w, https:\/\/www.fisiobalance.cat\/wp-content\/uploads\/2021\/07\/cervicalgia-1024x683.jpeg 1024w, https:\/\/www.fisiobalance.cat\/wp-content\/uploads\/2021\/07\/cervicalgia-768x513.jpeg 768w, https:\/\/www.fisiobalance.cat\/wp-content\/uploads\/2021\/07\/cervicalgia-1536x1025.jpeg 1536w, https:\/\/www.fisiobalance.cat\/wp-content\/uploads\/2021\/07\/cervicalgia-2048x1367.jpeg 2048w, https:\/\/www.fisiobalance.cat\/wp-content\/uploads\/2021\/07\/cervicalgia-700x467.jpeg 700w, https:\/\/www.fisiobalance.cat\/wp-content\/uploads\/2021\/07\/cervicalgia-600x400.jpeg 600w\" sizes=\"auto, (max-width: 300px) 100vw, 300px\" \/><\/p>\n<ul>\n<li><strong>Cefalea tensional:<\/strong> mal de cap a causa de la sobrec\u00e0rrega muscular de les cervicals<\/li>\n<li><strong>Problemes posturals:<\/strong> L&#8217;estr\u00e8s prolongat ens pot portar a adoptar postures incorrectes, contribuint al desenvolupament de dolors cr\u00f2nics.<\/li>\n<li><strong>Fatiga i esgotament:<\/strong> La sensaci\u00f3 constant de tensi\u00f3 i la manca de descans adequat afecten els m\u00fasculs i l&#8217;energia general del cos.<\/li>\n<li><strong>Alteraci\u00f3 de la respiraci\u00f3 i el tr\u00e0nsit intestinal:<\/strong> L&#8217;estr\u00e8s pot alterar la nostra manera de respirar, fent-la m\u00e9s superficial i tor\u00e0ciques superior ia un ritme m\u00e9s r\u00e0pid. Aquesta respiraci\u00f3 tor\u00e0cica superior fa que el diafragma treballi menys i exerceixi menys pressions abdominals i faci m\u00e9s lent els moviments perist\u00e0ltics del c\u00f2lon (digestions m\u00e9s lentes).<\/li>\n<\/ul>\n<h2><\/h2>\n<h2 class=\"cvGsUA direction-ltr align-start para-style-body\">Baixa el nivell d&#8217;estr\u00e8s amb els tractaments de fisioter\u00e0pia<\/h2>\n<p>A Fisiobalance Castelldefels, treballem amb un enfocament integral, entenent que la ment i el cos estan profundament connectats.<\/p>\n<p>La fisioter\u00e0pia no nom\u00e9s tracta els s\u00edmptomes f\u00edsics, sin\u00f3 que tamb\u00e9 s&#8217;adre\u00e7a a les arrels del problema, ajudant a alleujar la tensi\u00f3 acumulada i restaurar el benestar.<\/p>\n<ol>\n<li><strong>Massatge terap\u00e8utic per alleujar la tensi\u00f3:<\/strong> El massatge terap\u00e8utic \u00e9s una t\u00e8cnica clau per alliberar la tensi\u00f3 muscular acumulada per l&#8217;estr\u00e8s. A la nostra cl\u00ednica de fisioter\u00e0pia a Castelldefels, personalitzem el tractament per a cada pacient, assegurant-nos de treballar a les \u00e0rees m\u00e9s afectades i tornant als teus m\u00fasculs l&#8217;elasticitat i alleujament que necessiten.<\/li>\n<li><strong>Acupuntura:<\/strong> Equilibra els sistemes de l&#8217;organisme a trav\u00e9s dels meridians amb agulles d&#8217;acupuntura.<\/li>\n<li><strong>Osteopatia:<\/strong> amb t\u00e8cniques miofascials i cranials equilibrem el sistema musculoesquel\u00e8tic i miofascial.<img loading=\"lazy\" decoding=\"async\" class=\"alignnone size-medium wp-image-1242\" src=\"https:\/\/www.fisiobalance.cat\/wp-content\/uploads\/2020\/07\/fisioterapia-300x200.jpg\" alt=\"\" width=\"300\" height=\"200\" srcset=\"https:\/\/www.fisiobalance.cat\/wp-content\/uploads\/2020\/07\/fisioterapia-300x200.jpg 300w, https:\/\/www.fisiobalance.cat\/wp-content\/uploads\/2020\/07\/fisioterapia.jpg 450w\" sizes=\"auto, (max-width: 300px) 100vw, 300px\" \/><\/li>\n<li class=\"cvGsUA direction-ltr align-start para-style-body\"><strong>Ter\u00e0pies Manuals:<\/strong> Utilitzem t\u00e8cniques com la ter\u00e0pia manual i els exercicis de relaxaci\u00f3 per reduir els nivells d&#8217;estr\u00e8s f\u00edsic i mental. Aix\u00f2 no sols disminueix el dolor, sin\u00f3 que tamb\u00e9 indueix un estat de calma general que impacta positivament en el teu benestar emocional.<\/li>\n<li class=\"cvGsUA direction-ltr align-start para-style-body\"><strong>Reeducaci\u00f3 postural:<\/strong> L&#8217;estr\u00e8s cr\u00f2nic sovint ens fa adoptar postures que perjudiquen la nostra columna vertebral i els nostres m\u00fasculs. A trav\u00e9s de la reeducaci\u00f3 postural, treballem per corregir aquestes alteracions, tornant-te una postura adequada que prev\u00e9 futurs dolors.<\/li>\n<li class=\"cvGsUA direction-ltr align-start para-style-body\"><strong>Exercicis per a una respiraci\u00f3 profunda i saludable:<\/strong> A Fisiobalance Castelldefels, integrem exercicis de respiraci\u00f3 que afavoreixen la relaxaci\u00f3 i redueixen els nivells d&#8217;ansietat. Aprendre a respirar profundament millora l\u00b4oxigenaci\u00f3 del cos, calma la ment i trenca el cicle de la tensi\u00f3.<\/li>\n<li class=\"cvGsUA direction-ltr align-start para-style-body\"><strong>Exercici terap\u00e8utic:<\/strong> El moviment adequat \u00e9s un ant\u00eddot natural contra l&#8217;estr\u00e8s. Dissenyem programes d&#8217;exercici terap\u00e8utic adaptats a cada pacient, fomentant l&#8217;alliberament d&#8217;endorfines (hormones de la felicitat) mentre enfortim el cos.<\/li>\n<\/ol>\n<h2><\/h2>\n<h2 class=\"cvGsUA direction-ltr align-start para-style-body\">Els beneficis de la fisioter\u00e0pia en la gesti\u00f3 de l&#8217;estr\u00e8s<\/h2>\n<p class=\"cvGsUA direction-ltr align-start para-style-body\">Triar un tractament de fisioter\u00e0pia a Fisiobalance Castelldefels t\u00e9 beneficis profunds per als qui lidien amb l&#8217;estr\u00e8s.<\/p>\n<p class=\"cvGsUA direction-ltr align-start para-style-body\">Alguns dels m\u00e9s destacats inclouen:<\/p>\n<ul>\n<li><strong>Reducci\u00f3 del dolor muscular i articular<\/strong><\/li>\n<li>Major capacitat de <strong>relaxaci\u00f3<\/strong><\/li>\n<li>Millora de la <strong>qualitat del somni<\/strong><\/li>\n<li><strong>Enfortiment del sistema immunol\u00f2gic<\/strong><\/li>\n<li>Increment en l&#8217;<strong>energia i la vitalitat<\/strong><\/li>\n<\/ul>\n<p class=\"cvGsUA direction-ltr align-start para-style-body\">El nostre objectiu \u00e9s que recuperis la connexi\u00f3 amb el teu cos i ment per enfrontar el dia a dia amb m\u00e9s sensaci\u00f3 d&#8217;equilibri i benestar.<\/p>\n<h2><\/h2>\n<h2 class=\"cvGsUA direction-ltr align-start para-style-body\">Per qu\u00e8 escollir Fisiobalance Castelldefels?<\/h2>\n<p class=\"cvGsUA direction-ltr align-start para-style-body\">A Fisiobalance Castelldefels sabem que cada persona experimenta l&#8217;estr\u00e8s de manera diferent. <strong>Per aix\u00f2, els nostres tractaments estan dissenyats a mida, adaptant-nos a les necessitats espec\u00edfiques de cada pacient.<\/strong><\/p>\n<p class=\"cvGsUA direction-ltr align-start para-style-body\"><span class=\"OYPEnA font-feature-liga-off font-feature-clig-off font-feature-calt-off text-decoration-none text-strikethrough-none\"><img loading=\"lazy\" decoding=\"async\" class=\"alignnone size-medium wp-image-2005\" src=\"https:\/\/www.fisiobalance.cat\/wp-content\/uploads\/2022\/03\/slide-equipo-300x200.jpg\" alt=\"\" width=\"300\" height=\"200\" srcset=\"https:\/\/www.fisiobalance.cat\/wp-content\/uploads\/2022\/03\/slide-equipo-300x200.jpg 300w, https:\/\/www.fisiobalance.cat\/wp-content\/uploads\/2022\/03\/slide-equipo-1024x682.jpg 1024w, https:\/\/www.fisiobalance.cat\/wp-content\/uploads\/2022\/03\/slide-equipo-768x512.jpg 768w, https:\/\/www.fisiobalance.cat\/wp-content\/uploads\/2022\/03\/slide-equipo-1536x1024.jpg 1536w, https:\/\/www.fisiobalance.cat\/wp-content\/uploads\/2022\/03\/slide-equipo-700x467.jpg 700w, https:\/\/www.fisiobalance.cat\/wp-content\/uploads\/2022\/03\/slide-equipo-600x400.jpg 600w, https:\/\/www.fisiobalance.cat\/wp-content\/uploads\/2022\/03\/slide-equipo.jpg 2000w\" sizes=\"auto, (max-width: 300px) 100vw, 300px\" \/><\/span><\/p>\n<p>Treballem amb professionals sanitaris col\u00b7legiats, altament capacitats que combinen experi\u00e8ncia t\u00e8cnica amb empatia, creant un entorn de confian\u00e7a on et podr\u00e0s sentir cura des del primer moment.<\/p>\n<p>Estem ubicats a Castelldefels, accessibles tant pels habitants de la ciutat com pels voltants.<\/p>\n<p>&nbsp;<\/p>\n<h2 class=\"cvGsUA direction-ltr align-start para-style-body\">Pren-te un respir, la teva salut s&#8217;ho mereix<\/h2>\n<p>Si trobes que l&#8217;estr\u00e8s est\u00e0 passant factura al teu cos, no el deixis passar. Reserva una cita a Fisiobalance Castelldefels i permet que la fisioter\u00e0pia sigui el pont cap a un benestar complet.<\/p>\n<p>Est\u00e0s llest per fer el primer pas?<\/p>\n<p>Contacta&#8217;ns avui mateix i comen\u00e7a a recuperar el teu equilibri.<\/p>\n<p class=\"cvGsUA direction-ltr align-start para-style-body\"><span class=\"OYPEnA font-feature-liga-off font-feature-clig-off font-feature-calt-off text-decoration-none text-strikethrough-none\">Programa la teva propera cita o visita la nostra p\u00e0gina web a <\/span><a class=\"OYPEnA font-feature-liga-off font-feature-clig-off font-feature-calt-off text-decoration-underline text-strikethrough-none\" draggable=\"false\" href=\"http:\/\/www.fisiobalance.cat\/\" target=\"_blank\" rel=\"noopener\">www.fisiobalance.cat<\/a><span class=\"OYPEnA font-feature-liga-off font-feature-clig-off font-feature-calt-off text-decoration-none text-strikethrough-none\"> i truca&#8217;ns a trav\u00e9s del 659 884 200, estarem encantats de resoldre qualsevol dels teus dubtes.<br \/>\n<\/span><\/p>\n<p><img loading=\"lazy\" decoding=\"async\" class=\"aligncenter wp-image-4494\" src=\"https:\/\/www.fisiobalance.cat\/wp-content\/uploads\/2024\/01\/Contacto-1-3-300x88.png\" alt=\"\" width=\"836\" height=\"245\" srcset=\"https:\/\/www.fisiobalance.cat\/wp-content\/uploads\/2024\/01\/Contacto-1-3-300x88.png 300w, https:\/\/www.fisiobalance.cat\/wp-content\/uploads\/2024\/01\/Contacto-1-3-768x226.png 768w, https:\/\/www.fisiobalance.cat\/wp-content\/uploads\/2024\/01\/Contacto-1-3-2048x603.png 2048w, https:\/\/www.fisiobalance.cat\/wp-content\/uploads\/2024\/01\/Contacto-1-3-700x206.png 700w, https:\/\/www.fisiobalance.cat\/wp-content\/uploads\/2024\/01\/Contacto-1-3-600x177.png 600w\" sizes=\"auto, (max-width: 836px) 100vw, 836px\" \/><\/p>\n<p class=\"cvGsUA align-start para-style-body direction-ltr\">\n","protected":false},"excerpt":{"rendered":"<p>A la nostra vida quotidiana, l&#8217;estr\u00e8s \u00e9s gaireb\u00e9 inevitable. Les exig\u00e8ncies laborals, familiars i personals poden acumular-se, causant un impacte negatiu no nom\u00e9s a la nostra ment sin\u00f3 tamb\u00e9 al nostre cos. A Fisiobalance Castelldefels, entenem com es pot manifestar f\u00edsicament l&#8217;estr\u00e8s i sabem que&#8230;<\/p>\n","protected":false},"author":4,"featured_media":5383,"comment_status":"open","ping_status":"open","sticky":false,"template":"","format":"standard","meta":{"footnotes":""},"categories":[315,247,332,350,320],"tags":[202,391,321,322,206,323,326],"class_list":["post-5569","post","type-post","status-publish","format-standard","has-post-thumbnail","hentry","category-fisiobalance-castelldefels-ca","category-fisioterapia-ca","category-higiene-postural-ca","category-mal-de-cap","category-vida-saludable","tag-castelldefels-ca","tag-estres-ca","tag-fisiobalance-ca","tag-fisiobalance-castelldefels-ca","tag-fisioterapia-ca","tag-fisioterapia-castelldefels-ca","tag-fisioterapia-personalizada-ca"],"yoast_head":"<!-- This site is optimized with the Yoast SEO plugin v26.3 - https:\/\/yoast.com\/wordpress\/plugins\/seo\/ -->\n<title>Fisioter\u00e0pia i estr\u00e8s: La connexi\u00f3 entre cos i ment | FisioBalance Castelldefels - Fisiobalance<\/title>\n<meta name=\"description\" content=\"En nuestra vida cotidiana, el estr\u00e9s es casi inevitable. Las exigencias laborales, familiares y personales pueden acumularse, causando un impacto negativo no solo en nuestra mente sino tambi\u00e9n en nuestro cuerpo.\" \/>\n<meta name=\"robots\" content=\"index, follow, max-snippet:-1, max-image-preview:large, max-video-preview:-1\" \/>\n<link rel=\"canonical\" href=\"https:\/\/www.fisiobalance.cat\/ca\/fisioterapia-i-estres\/\" \/>\n<meta property=\"og:locale\" content=\"ca_ES\" \/>\n<meta property=\"og:type\" content=\"article\" \/>\n<meta property=\"og:title\" content=\"Fisioter\u00e0pia i estr\u00e8s: La connexi\u00f3 entre cos i ment | FisioBalance Castelldefels - Fisiobalance\" \/>\n<meta property=\"og:description\" content=\"En nuestra vida cotidiana, el estr\u00e9s es casi inevitable. Las exigencias laborales, familiares y personales pueden acumularse, causando un impacto negativo no solo en nuestra mente sino tambi\u00e9n en nuestro cuerpo.\" \/>\n<meta property=\"og:url\" content=\"https:\/\/www.fisiobalance.cat\/ca\/fisioterapia-i-estres\/\" \/>\n<meta property=\"og:site_name\" content=\"Fisiobalance\" \/>\n<meta property=\"article:published_time\" content=\"2025-01-23T12:44:08+00:00\" \/>\n<meta property=\"article:modified_time\" content=\"2025-05-21T14:04:26+00:00\" \/>\n<meta property=\"og:image\" content=\"https:\/\/www.fisiobalance.cat\/wp-content\/uploads\/2025\/01\/Fisioterapia-y-estres-La-conexion-entre-cuerpo-y-mente.png\" \/>\n\t<meta property=\"og:image:width\" content=\"1080\" \/>\n\t<meta property=\"og:image:height\" content=\"1080\" \/>\n\t<meta property=\"og:image:type\" content=\"image\/png\" \/>\n<meta name=\"author\" content=\"Judith B.\" \/>\n<meta name=\"twitter:card\" content=\"summary_large_image\" \/>\n<meta name=\"twitter:label1\" content=\"Escrit per\" \/>\n\t<meta name=\"twitter:data1\" content=\"Judith B.\" \/>\n\t<meta name=\"twitter:label2\" content=\"Temps estimat de lectura\" \/>\n\t<meta name=\"twitter:data2\" content=\"5 minuts\" \/>\n<script type=\"application\/ld+json\" class=\"yoast-schema-graph\">{\"@context\":\"https:\/\/schema.org\",\"@graph\":[{\"@type\":\"Article\",\"@id\":\"https:\/\/www.fisiobalance.cat\/ca\/fisioterapia-i-estres\/#article\",\"isPartOf\":{\"@id\":\"https:\/\/www.fisiobalance.cat\/ca\/fisioterapia-i-estres\/\"},\"author\":{\"name\":\"Judith B.\",\"@id\":\"https:\/\/www.fisiobalance.cat\/#\/schema\/person\/d13995e8461df82666781bd895eb057b\"},\"headline\":\"Fisioter\u00e0pia i estr\u00e8s: La connexi\u00f3 entre cos i ment | FisioBalance Castelldefels\",\"datePublished\":\"2025-01-23T12:44:08+00:00\",\"dateModified\":\"2025-05-21T14:04:26+00:00\",\"mainEntityOfPage\":{\"@id\":\"https:\/\/www.fisiobalance.cat\/ca\/fisioterapia-i-estres\/\"},\"wordCount\":912,\"commentCount\":0,\"publisher\":{\"@id\":\"https:\/\/www.fisiobalance.cat\/#organization\"},\"image\":{\"@id\":\"https:\/\/www.fisiobalance.cat\/ca\/fisioterapia-i-estres\/#primaryimage\"},\"thumbnailUrl\":\"https:\/\/www.fisiobalance.cat\/wp-content\/uploads\/2025\/01\/Fisioterapia-y-estres-La-conexion-entre-cuerpo-y-mente.png\",\"keywords\":[\"castelldefels\",\"ESTR\u00c9S\",\"fisiobalance\",\"FisioBalance Castelldefels\",\"fisioterapia\",\"Fisioterapia Castelldefels\",\"Fisioterapia personalizada\"],\"articleSection\":[\"Fisiobalance Castelldefels\",\"fisioter\u00e0pia\",\"higiene postural\",\"mal de cap\",\"vida saludable\"],\"inLanguage\":\"ca\",\"potentialAction\":[{\"@type\":\"CommentAction\",\"name\":\"Comment\",\"target\":[\"https:\/\/www.fisiobalance.cat\/ca\/fisioterapia-i-estres\/#respond\"]}]},{\"@type\":\"WebPage\",\"@id\":\"https:\/\/www.fisiobalance.cat\/ca\/fisioterapia-i-estres\/\",\"url\":\"https:\/\/www.fisiobalance.cat\/ca\/fisioterapia-i-estres\/\",\"name\":\"Fisioter\u00e0pia i estr\u00e8s: La connexi\u00f3 entre cos i ment | FisioBalance Castelldefels - Fisiobalance\",\"isPartOf\":{\"@id\":\"https:\/\/www.fisiobalance.cat\/#website\"},\"primaryImageOfPage\":{\"@id\":\"https:\/\/www.fisiobalance.cat\/ca\/fisioterapia-i-estres\/#primaryimage\"},\"image\":{\"@id\":\"https:\/\/www.fisiobalance.cat\/ca\/fisioterapia-i-estres\/#primaryimage\"},\"thumbnailUrl\":\"https:\/\/www.fisiobalance.cat\/wp-content\/uploads\/2025\/01\/Fisioterapia-y-estres-La-conexion-entre-cuerpo-y-mente.png\",\"datePublished\":\"2025-01-23T12:44:08+00:00\",\"dateModified\":\"2025-05-21T14:04:26+00:00\",\"description\":\"En nuestra vida cotidiana, el estr\u00e9s es casi inevitable. Las exigencias laborales, familiares y personales pueden acumularse, causando un impacto negativo no solo en nuestra mente sino tambi\u00e9n en nuestro cuerpo.\",\"breadcrumb\":{\"@id\":\"https:\/\/www.fisiobalance.cat\/ca\/fisioterapia-i-estres\/#breadcrumb\"},\"inLanguage\":\"ca\",\"potentialAction\":[{\"@type\":\"ReadAction\",\"target\":[\"https:\/\/www.fisiobalance.cat\/ca\/fisioterapia-i-estres\/\"]}]},{\"@type\":\"ImageObject\",\"inLanguage\":\"ca\",\"@id\":\"https:\/\/www.fisiobalance.cat\/ca\/fisioterapia-i-estres\/#primaryimage\",\"url\":\"https:\/\/www.fisiobalance.cat\/wp-content\/uploads\/2025\/01\/Fisioterapia-y-estres-La-conexion-entre-cuerpo-y-mente.png\",\"contentUrl\":\"https:\/\/www.fisiobalance.cat\/wp-content\/uploads\/2025\/01\/Fisioterapia-y-estres-La-conexion-entre-cuerpo-y-mente.png\",\"width\":1080,\"height\":1080},{\"@type\":\"BreadcrumbList\",\"@id\":\"https:\/\/www.fisiobalance.cat\/ca\/fisioterapia-i-estres\/#breadcrumb\",\"itemListElement\":[{\"@type\":\"ListItem\",\"position\":1,\"name\":\"Portada\",\"item\":\"https:\/\/www.fisiobalance.cat\/ca\/\"},{\"@type\":\"ListItem\",\"position\":2,\"name\":\"Fisioter\u00e0pia i estr\u00e8s: La connexi\u00f3 entre cos i ment | FisioBalance Castelldefels\"}]},{\"@type\":\"WebSite\",\"@id\":\"https:\/\/www.fisiobalance.cat\/#website\",\"url\":\"https:\/\/www.fisiobalance.cat\/\",\"name\":\"Fisiobalance\",\"description\":\"\",\"publisher\":{\"@id\":\"https:\/\/www.fisiobalance.cat\/#organization\"},\"potentialAction\":[{\"@type\":\"SearchAction\",\"target\":{\"@type\":\"EntryPoint\",\"urlTemplate\":\"https:\/\/www.fisiobalance.cat\/?s={search_term_string}\"},\"query-input\":{\"@type\":\"PropertyValueSpecification\",\"valueRequired\":true,\"valueName\":\"search_term_string\"}}],\"inLanguage\":\"ca\"},{\"@type\":\"Organization\",\"@id\":\"https:\/\/www.fisiobalance.cat\/#organization\",\"name\":\"Fisiobalance\",\"url\":\"https:\/\/www.fisiobalance.cat\/\",\"logo\":{\"@type\":\"ImageObject\",\"inLanguage\":\"ca\",\"@id\":\"https:\/\/www.fisiobalance.cat\/#\/schema\/logo\/image\/\",\"url\":\"https:\/\/www.fisiobalance.cat\/wp-content\/uploads\/2018\/06\/fisiobalance_logo.png\",\"contentUrl\":\"https:\/\/www.fisiobalance.cat\/wp-content\/uploads\/2018\/06\/fisiobalance_logo.png\",\"width\":369,\"height\":53,\"caption\":\"Fisiobalance\"},\"image\":{\"@id\":\"https:\/\/www.fisiobalance.cat\/#\/schema\/logo\/image\/\"}},{\"@type\":\"Person\",\"@id\":\"https:\/\/www.fisiobalance.cat\/#\/schema\/person\/d13995e8461df82666781bd895eb057b\",\"name\":\"Judith B.\",\"image\":{\"@type\":\"ImageObject\",\"inLanguage\":\"ca\",\"@id\":\"https:\/\/www.fisiobalance.cat\/#\/schema\/person\/image\/\",\"url\":\"https:\/\/secure.gravatar.com\/avatar\/8685e93a081991151a26aa2a7294e0eec35dc79370af6c42cd6313f871fc656b?s=96&d=mm&r=g\",\"contentUrl\":\"https:\/\/secure.gravatar.com\/avatar\/8685e93a081991151a26aa2a7294e0eec35dc79370af6c42cd6313f871fc656b?s=96&d=mm&r=g\",\"caption\":\"Judith B.\"},\"url\":\"https:\/\/www.fisiobalance.cat\/ca\/author\/judith-barreiro\/\"}]}<\/script>\n<!-- \/ Yoast SEO plugin. -->","yoast_head_json":{"title":"Fisioter\u00e0pia i estr\u00e8s: La connexi\u00f3 entre cos i ment | FisioBalance Castelldefels - Fisiobalance","description":"En nuestra vida cotidiana, el estr\u00e9s es casi inevitable. Las exigencias laborales, familiares y personales pueden acumularse, causando un impacto negativo no solo en nuestra mente sino tambi\u00e9n en nuestro cuerpo.","robots":{"index":"index","follow":"follow","max-snippet":"max-snippet:-1","max-image-preview":"max-image-preview:large","max-video-preview":"max-video-preview:-1"},"canonical":"https:\/\/www.fisiobalance.cat\/ca\/fisioterapia-i-estres\/","og_locale":"ca_ES","og_type":"article","og_title":"Fisioter\u00e0pia i estr\u00e8s: La connexi\u00f3 entre cos i ment | FisioBalance Castelldefels - Fisiobalance","og_description":"En nuestra vida cotidiana, el estr\u00e9s es casi inevitable. Las exigencias laborales, familiares y personales pueden acumularse, causando un impacto negativo no solo en nuestra mente sino tambi\u00e9n en nuestro cuerpo.","og_url":"https:\/\/www.fisiobalance.cat\/ca\/fisioterapia-i-estres\/","og_site_name":"Fisiobalance","article_published_time":"2025-01-23T12:44:08+00:00","article_modified_time":"2025-05-21T14:04:26+00:00","og_image":[{"width":1080,"height":1080,"url":"https:\/\/www.fisiobalance.cat\/wp-content\/uploads\/2025\/01\/Fisioterapia-y-estres-La-conexion-entre-cuerpo-y-mente.png","type":"image\/png"}],"author":"Judith B.","twitter_card":"summary_large_image","twitter_misc":{"Escrit per":"Judith B.","Temps estimat de lectura":"5 minuts"},"schema":{"@context":"https:\/\/schema.org","@graph":[{"@type":"Article","@id":"https:\/\/www.fisiobalance.cat\/ca\/fisioterapia-i-estres\/#article","isPartOf":{"@id":"https:\/\/www.fisiobalance.cat\/ca\/fisioterapia-i-estres\/"},"author":{"name":"Judith B.","@id":"https:\/\/www.fisiobalance.cat\/#\/schema\/person\/d13995e8461df82666781bd895eb057b"},"headline":"Fisioter\u00e0pia i estr\u00e8s: La connexi\u00f3 entre cos i ment | FisioBalance Castelldefels","datePublished":"2025-01-23T12:44:08+00:00","dateModified":"2025-05-21T14:04:26+00:00","mainEntityOfPage":{"@id":"https:\/\/www.fisiobalance.cat\/ca\/fisioterapia-i-estres\/"},"wordCount":912,"commentCount":0,"publisher":{"@id":"https:\/\/www.fisiobalance.cat\/#organization"},"image":{"@id":"https:\/\/www.fisiobalance.cat\/ca\/fisioterapia-i-estres\/#primaryimage"},"thumbnailUrl":"https:\/\/www.fisiobalance.cat\/wp-content\/uploads\/2025\/01\/Fisioterapia-y-estres-La-conexion-entre-cuerpo-y-mente.png","keywords":["castelldefels","ESTR\u00c9S","fisiobalance","FisioBalance Castelldefels","fisioterapia","Fisioterapia Castelldefels","Fisioterapia personalizada"],"articleSection":["Fisiobalance Castelldefels","fisioter\u00e0pia","higiene postural","mal de cap","vida saludable"],"inLanguage":"ca","potentialAction":[{"@type":"CommentAction","name":"Comment","target":["https:\/\/www.fisiobalance.cat\/ca\/fisioterapia-i-estres\/#respond"]}]},{"@type":"WebPage","@id":"https:\/\/www.fisiobalance.cat\/ca\/fisioterapia-i-estres\/","url":"https:\/\/www.fisiobalance.cat\/ca\/fisioterapia-i-estres\/","name":"Fisioter\u00e0pia i estr\u00e8s: La connexi\u00f3 entre cos i ment | FisioBalance Castelldefels - Fisiobalance","isPartOf":{"@id":"https:\/\/www.fisiobalance.cat\/#website"},"primaryImageOfPage":{"@id":"https:\/\/www.fisiobalance.cat\/ca\/fisioterapia-i-estres\/#primaryimage"},"image":{"@id":"https:\/\/www.fisiobalance.cat\/ca\/fisioterapia-i-estres\/#primaryimage"},"thumbnailUrl":"https:\/\/www.fisiobalance.cat\/wp-content\/uploads\/2025\/01\/Fisioterapia-y-estres-La-conexion-entre-cuerpo-y-mente.png","datePublished":"2025-01-23T12:44:08+00:00","dateModified":"2025-05-21T14:04:26+00:00","description":"En nuestra vida cotidiana, el estr\u00e9s es casi inevitable. Las exigencias laborales, familiares y personales pueden acumularse, causando un impacto negativo no solo en nuestra mente sino tambi\u00e9n en nuestro cuerpo.","breadcrumb":{"@id":"https:\/\/www.fisiobalance.cat\/ca\/fisioterapia-i-estres\/#breadcrumb"},"inLanguage":"ca","potentialAction":[{"@type":"ReadAction","target":["https:\/\/www.fisiobalance.cat\/ca\/fisioterapia-i-estres\/"]}]},{"@type":"ImageObject","inLanguage":"ca","@id":"https:\/\/www.fisiobalance.cat\/ca\/fisioterapia-i-estres\/#primaryimage","url":"https:\/\/www.fisiobalance.cat\/wp-content\/uploads\/2025\/01\/Fisioterapia-y-estres-La-conexion-entre-cuerpo-y-mente.png","contentUrl":"https:\/\/www.fisiobalance.cat\/wp-content\/uploads\/2025\/01\/Fisioterapia-y-estres-La-conexion-entre-cuerpo-y-mente.png","width":1080,"height":1080},{"@type":"BreadcrumbList","@id":"https:\/\/www.fisiobalance.cat\/ca\/fisioterapia-i-estres\/#breadcrumb","itemListElement":[{"@type":"ListItem","position":1,"name":"Portada","item":"https:\/\/www.fisiobalance.cat\/ca\/"},{"@type":"ListItem","position":2,"name":"Fisioter\u00e0pia i estr\u00e8s: La connexi\u00f3 entre cos i ment | FisioBalance Castelldefels"}]},{"@type":"WebSite","@id":"https:\/\/www.fisiobalance.cat\/#website","url":"https:\/\/www.fisiobalance.cat\/","name":"Fisiobalance","description":"","publisher":{"@id":"https:\/\/www.fisiobalance.cat\/#organization"},"potentialAction":[{"@type":"SearchAction","target":{"@type":"EntryPoint","urlTemplate":"https:\/\/www.fisiobalance.cat\/?s={search_term_string}"},"query-input":{"@type":"PropertyValueSpecification","valueRequired":true,"valueName":"search_term_string"}}],"inLanguage":"ca"},{"@type":"Organization","@id":"https:\/\/www.fisiobalance.cat\/#organization","name":"Fisiobalance","url":"https:\/\/www.fisiobalance.cat\/","logo":{"@type":"ImageObject","inLanguage":"ca","@id":"https:\/\/www.fisiobalance.cat\/#\/schema\/logo\/image\/","url":"https:\/\/www.fisiobalance.cat\/wp-content\/uploads\/2018\/06\/fisiobalance_logo.png","contentUrl":"https:\/\/www.fisiobalance.cat\/wp-content\/uploads\/2018\/06\/fisiobalance_logo.png","width":369,"height":53,"caption":"Fisiobalance"},"image":{"@id":"https:\/\/www.fisiobalance.cat\/#\/schema\/logo\/image\/"}},{"@type":"Person","@id":"https:\/\/www.fisiobalance.cat\/#\/schema\/person\/d13995e8461df82666781bd895eb057b","name":"Judith B.","image":{"@type":"ImageObject","inLanguage":"ca","@id":"https:\/\/www.fisiobalance.cat\/#\/schema\/person\/image\/","url":"https:\/\/secure.gravatar.com\/avatar\/8685e93a081991151a26aa2a7294e0eec35dc79370af6c42cd6313f871fc656b?s=96&d=mm&r=g","contentUrl":"https:\/\/secure.gravatar.com\/avatar\/8685e93a081991151a26aa2a7294e0eec35dc79370af6c42cd6313f871fc656b?s=96&d=mm&r=g","caption":"Judith B."},"url":"https:\/\/www.fisiobalance.cat\/ca\/author\/judith-barreiro\/"}]}},"_links":{"self":[{"href":"https:\/\/www.fisiobalance.cat\/ca\/wp-json\/wp\/v2\/posts\/5569","targetHints":{"allow":["GET"]}}],"collection":[{"href":"https:\/\/www.fisiobalance.cat\/ca\/wp-json\/wp\/v2\/posts"}],"about":[{"href":"https:\/\/www.fisiobalance.cat\/ca\/wp-json\/wp\/v2\/types\/post"}],"author":[{"embeddable":true,"href":"https:\/\/www.fisiobalance.cat\/ca\/wp-json\/wp\/v2\/users\/4"}],"replies":[{"embeddable":true,"href":"https:\/\/www.fisiobalance.cat\/ca\/wp-json\/wp\/v2\/comments?post=5569"}],"version-history":[{"count":3,"href":"https:\/\/www.fisiobalance.cat\/ca\/wp-json\/wp\/v2\/posts\/5569\/revisions"}],"predecessor-version":[{"id":5572,"href":"https:\/\/www.fisiobalance.cat\/ca\/wp-json\/wp\/v2\/posts\/5569\/revisions\/5572"}],"wp:featuredmedia":[{"embeddable":true,"href":"https:\/\/www.fisiobalance.cat\/ca\/wp-json\/wp\/v2\/media\/5383"}],"wp:attachment":[{"href":"https:\/\/www.fisiobalance.cat\/ca\/wp-json\/wp\/v2\/media?parent=5569"}],"wp:term":[{"taxonomy":"category","embeddable":true,"href":"https:\/\/www.fisiobalance.cat\/ca\/wp-json\/wp\/v2\/categories?post=5569"},{"taxonomy":"post_tag","embeddable":true,"href":"https:\/\/www.fisiobalance.cat\/ca\/wp-json\/wp\/v2\/tags?post=5569"}],"curies":[{"name":"wp","href":"https:\/\/api.w.org\/{rel}","templated":true}]}}