{"id":8739,"date":"2025-08-11T12:48:01","date_gmt":"2025-08-11T10:48:01","guid":{"rendered":"https:\/\/www.fisiobalance.cat\/7-consejos-de-fisioterapia-para-un-verano-saludable\/"},"modified":"2026-01-05T18:01:23","modified_gmt":"2026-01-05T17:01:23","slug":"set-consells-de-fisioterapia-per-a-un-estiu-saludable","status":"publish","type":"post","link":"https:\/\/www.fisiobalance.cat\/ca\/set-consells-de-fisioterapia-per-a-un-estiu-saludable\/","title":{"rendered":"Set Consells de Fisioter\u00e0pia per a un estiu saludable"},"content":{"rendered":"<p><img loading=\"lazy\" decoding=\"async\" class=\"aligncenter wp-image-5658\" src=\"https:\/\/www.fisiobalance.cat\/wp-content\/uploads\/2025\/08\/7-Consejos-de-Fisioterapia-para-un-verano-saludable-300x88.png\" alt=\"\" width=\"716\" height=\"210\" srcset=\"https:\/\/www.fisiobalance.cat\/wp-content\/uploads\/2025\/08\/7-Consejos-de-Fisioterapia-para-un-verano-saludable-300x88.png 300w, https:\/\/www.fisiobalance.cat\/wp-content\/uploads\/2025\/08\/7-Consejos-de-Fisioterapia-para-un-verano-saludable-1024x302.png 1024w, https:\/\/www.fisiobalance.cat\/wp-content\/uploads\/2025\/08\/7-Consejos-de-Fisioterapia-para-un-verano-saludable-768x226.png 768w, https:\/\/www.fisiobalance.cat\/wp-content\/uploads\/2025\/08\/7-Consejos-de-Fisioterapia-para-un-verano-saludable-1536x453.png 1536w, https:\/\/www.fisiobalance.cat\/wp-content\/uploads\/2025\/08\/7-Consejos-de-Fisioterapia-para-un-verano-saludable-2048x603.png 2048w, https:\/\/www.fisiobalance.cat\/wp-content\/uploads\/2025\/08\/7-Consejos-de-Fisioterapia-para-un-verano-saludable-700x206.png 700w, https:\/\/www.fisiobalance.cat\/wp-content\/uploads\/2025\/08\/7-Consejos-de-Fisioterapia-para-un-verano-saludable-600x177.png 600w\" sizes=\"auto, (max-width: 716px) 100vw, 716px\" \/><\/p>\n<p>L&#8217;estiu \u00e9s un moment ideal per desconnectar i gaudir del bon temps, per\u00f2 tamb\u00e9 \u00e9s una \u00e8poca en qu\u00e8 els h\u00e0bits i les postures canvien: dormim en matalassos diferents, caminem m\u00e9s descal\u00e7os o passem hores tombats a la platja.<\/p>\n<p>Aquests petits canvis poden generar mal d&#8217;esquena, sobrec\u00e0rregues musculars o mol\u00e8sties als peus i altres articulacions. Per aix\u00f2, des de Fisiobalance Castelldefels, us deixem <strong>7 consells de fisioter\u00e0pia per cuidar el vostre cos aquest estiu.<\/strong><\/p>\n<h2><span class=\"OYPEnA font-feature-liga-off font-feature-clig-off font-feature-calt-off text-decoration-none text-strikethrough-none\"> No descuidis la teva postura a la platja<\/span><\/h2>\n<p><strong>Passar hores tombats i en postures for\u00e7ades<\/strong> pot generar dolors lumbars, cervicals ia les espatlles.<\/p>\n<p>Les nostres recomanacions:<\/p>\n<ul>\n<li>Canvia de postura aproximadament cada 20 minuts<\/li>\n<li>Utilitza una tovallola o coix\u00ed per mantenir el cap en una posici\u00f3 neutra i evitar tensi\u00f3 al coll<\/li>\n<li>Si llegir\u00e0s, evita flexionar molt el coll: recolza els bra\u00e7os sobre els genolls o fes servir una gandula amb respatller regulable<\/li>\n<li>Fes estiraments de coll i esquena entre canvis de postura<\/li>\n<\/ul>\n<p>Una <strong>mala postura perllongada a la platja \u00e9s una de les causes m\u00e9s freq\u00fcents de contractures en tornar de vacances.<\/strong><\/p>\n<p>&nbsp;<\/p>\n<p><img loading=\"lazy\" decoding=\"async\" class=\"aligncenter wp-image-5661\" src=\"https:\/\/www.fisiobalance.cat\/wp-content\/uploads\/2025\/08\/7-consejos-de-fisioterapia-para-tus-vacaciones-300x167.png\" alt=\"\" width=\"472\" height=\"263\" srcset=\"https:\/\/www.fisiobalance.cat\/wp-content\/uploads\/2025\/08\/7-consejos-de-fisioterapia-para-tus-vacaciones-300x167.png 300w, https:\/\/www.fisiobalance.cat\/wp-content\/uploads\/2025\/08\/7-consejos-de-fisioterapia-para-tus-vacaciones-1024x569.png 1024w, https:\/\/www.fisiobalance.cat\/wp-content\/uploads\/2025\/08\/7-consejos-de-fisioterapia-para-tus-vacaciones-768x427.png 768w, https:\/\/www.fisiobalance.cat\/wp-content\/uploads\/2025\/08\/7-consejos-de-fisioterapia-para-tus-vacaciones-1536x853.png 1536w, https:\/\/www.fisiobalance.cat\/wp-content\/uploads\/2025\/08\/7-consejos-de-fisioterapia-para-tus-vacaciones-700x389.png 700w, https:\/\/www.fisiobalance.cat\/wp-content\/uploads\/2025\/08\/7-consejos-de-fisioterapia-para-tus-vacaciones-600x333.png 600w, https:\/\/www.fisiobalance.cat\/wp-content\/uploads\/2025\/08\/7-consejos-de-fisioterapia-para-tus-vacaciones.png 1800w\" sizes=\"auto, (max-width: 472px) 100vw, 472px\" \/><\/p>\n<h2><\/h2>\n<h2 class=\"cvGsUA direction-ltr align-start para-style-body\">Estigues actiu, per\u00f2 amb cap<\/h2>\n<p><strong>L&#8217;estiu convida a moure&#8217;s m\u00e9s<\/strong>: nedar, practicar esports aqu\u00e0tics, fer senderisme o anar amb bicicleta. Aquests h\u00e0bits s\u00f3n excel\u00b7lents per a la teva salut, per\u00f2 si portes temps sense activitat f\u00edsica, <strong>el sobreesfor\u00e7 pot provocar lesions musculars o tendinoses.<\/strong><\/p>\n<p class=\"cvGsUA direction-ltr align-start para-style-body\"><span class=\"OYPEnA font-feature-liga-off font-feature-clig-off font-feature-calt-off text-decoration-none text-strikethrough-none\">Recomanacions:<\/span><\/p>\n<ul>\n<li><strong>Escalfa<\/strong> abans de fer esport, fins i tot si \u00e9s nom\u00e9s nedar a la platja<\/li>\n<li>Augmenta la intensitat de l&#8217;exercici de manera <strong>progressiva<\/strong> per no sobrecarregar m\u00fasculs i articulacions<\/li>\n<li>Finalitza l&#8217;activitat amb estiraments, especialment d&#8217;esquena, cames i espatlles<\/li>\n<li>Si notes dolor o rigidesa, no forces: una sessi\u00f3 de fisioter\u00e0pia pot ajudar-te a recuperar-te millor<\/li>\n<\/ul>\n<h2 class=\"cvGsUA direction-ltr align-start para-style-body\">Tria cal\u00e7at adequat<\/h2>\n<p class=\"cvGsUA direction-ltr align-start para-style-body\">Les xancletes o sand\u00e0lies planes s\u00f3n pr\u00e0ctiques, per\u00f2 la seva manca de subjecci\u00f3 <strong>pot provocar mal de peus, fascitis plantar o mol\u00e8sties als genolls i maluc.<\/strong><\/p>\n<p class=\"cvGsUA direction-ltr align-start para-style-body\"><span class=\"OYPEnA font-feature-liga-off font-feature-clig-off font-feature-calt-off text-decoration-none text-strikethrough-none\">Recomanacions:<\/span><\/p>\n<ul>\n<li class=\"cvGsUA direction-ltr align-start para-style-body\"><strong>Usa cal\u00e7at c\u00f2mode i tancat:<\/strong> evita xancletes o sand\u00e0lies obertes, ja que no ofereixen suport al peu i dificulten l&#8217;estabilitat i una mec\u00e0nica correcta de la marxa.<\/li>\n<li class=\"cvGsUA direction-ltr align-start para-style-body\">Per caminar durant hores, tria cal\u00e7at esportiu amb bon amortiment i <strong>suport d&#8217;arc intern plantar.<\/strong><\/li>\n<\/ul>\n<h2 class=\"cvGsUA direction-ltr align-start para-style-body\"><span class=\"OYPEnA font-feature-liga-off font-feature-clig-off font-feature-calt-off text-decoration-none text-strikethrough-none\"><img loading=\"lazy\" decoding=\"async\" class=\"size-medium wp-image-1655 aligncenter\" src=\"https:\/\/www.fisiobalance.cat\/wp-content\/uploads\/2021\/05\/11D6E405-5624-4A00-A80A-598ABE58DE73-300x200.jpeg\" alt=\"\" width=\"300\" height=\"200\" srcset=\"https:\/\/www.fisiobalance.cat\/wp-content\/uploads\/2021\/05\/11D6E405-5624-4A00-A80A-598ABE58DE73-300x200.jpeg 300w, https:\/\/www.fisiobalance.cat\/wp-content\/uploads\/2021\/05\/11D6E405-5624-4A00-A80A-598ABE58DE73-1024x683.jpeg 1024w, https:\/\/www.fisiobalance.cat\/wp-content\/uploads\/2021\/05\/11D6E405-5624-4A00-A80A-598ABE58DE73-768x512.jpeg 768w, https:\/\/www.fisiobalance.cat\/wp-content\/uploads\/2021\/05\/11D6E405-5624-4A00-A80A-598ABE58DE73-1536x1024.jpeg 1536w, https:\/\/www.fisiobalance.cat\/wp-content\/uploads\/2021\/05\/11D6E405-5624-4A00-A80A-598ABE58DE73-2048x1365.jpeg 2048w, https:\/\/www.fisiobalance.cat\/wp-content\/uploads\/2021\/05\/11D6E405-5624-4A00-A80A-598ABE58DE73-700x467.jpeg 700w, https:\/\/www.fisiobalance.cat\/wp-content\/uploads\/2021\/05\/11D6E405-5624-4A00-A80A-598ABE58DE73-600x400.jpeg 600w\" sizes=\"auto, (max-width: 300px) 100vw, 300px\" \/><\/span><\/h2>\n<h2 class=\"cvGsUA direction-ltr align-start para-style-body\">Compte amb els llargs trajectes<\/h2>\n<p>Els viatges llargs amb cotxe, tren o avi\u00f3 <strong>poden provocar rigidesa a l&#8217;esquena, coll o cames a causa de les hores assegut.<\/strong><\/p>\n<ul>\n<li>Fes pauses amb cotxe cada 1-2 hores per estirar cames, esquena i coll.<\/li>\n<li>En els trajectes amb cotxe o avi\u00f3, realitza moviments circulars amb turmells i genolls i passeja pel passad\u00eds de l&#8217;avi\u00f3 per millorar la circulaci\u00f3 sangu\u00ednia i venosa de les extremitats inferiors.<\/li>\n<li>Evita creuar les cames durant per\u00edodes perllongats, ja que aquesta postura pot dificultar el retorn ven\u00f3s i augmentar la sensaci\u00f3 de cansament o inflor.<\/li>\n<\/ul>\n<h2 class=\"cvGsUA direction-ltr align-start para-style-body\"><span class=\"OYPEnA font-feature-liga-off font-feature-clig-off font-feature-calt-off text-decoration-none text-strikethrough-none\"><img loading=\"lazy\" decoding=\"async\" class=\"size-medium wp-image-2998 aligncenter\" src=\"https:\/\/www.fisiobalance.cat\/wp-content\/uploads\/2019\/11\/CLAUSEN-69-300x200.jpg\" alt=\"\" width=\"300\" height=\"200\" srcset=\"https:\/\/www.fisiobalance.cat\/wp-content\/uploads\/2019\/11\/CLAUSEN-69-300x200.jpg 300w, https:\/\/www.fisiobalance.cat\/wp-content\/uploads\/2019\/11\/CLAUSEN-69-1024x683.jpg 1024w, https:\/\/www.fisiobalance.cat\/wp-content\/uploads\/2019\/11\/CLAUSEN-69-768x512.jpg 768w, https:\/\/www.fisiobalance.cat\/wp-content\/uploads\/2019\/11\/CLAUSEN-69-1536x1024.jpg 1536w, https:\/\/www.fisiobalance.cat\/wp-content\/uploads\/2019\/11\/CLAUSEN-69-2048x1365.jpg 2048w, https:\/\/www.fisiobalance.cat\/wp-content\/uploads\/2019\/11\/CLAUSEN-69-700x467.jpg 700w, https:\/\/www.fisiobalance.cat\/wp-content\/uploads\/2019\/11\/CLAUSEN-69-600x400.jpg 600w\" sizes=\"auto, (max-width: 300px) 100vw, 300px\" \/><\/span><\/h2>\n<h2 class=\"cvGsUA direction-ltr align-start para-style-body\">Mantingues una correcta hidrataci\u00f3<\/h2>\n<p>La deshidrataci\u00f3 <strong>afavoreix l&#8217;aparici\u00f3 de rampes musculars, fatiga i p\u00e8rdua d&#8217;elasticitat als teixits.<\/strong><\/p>\n<p>Recomanacions que us ajudaran:<\/p>\n<ul>\n<li>Beu aigua de forma constant, encara que no tinguis set.<\/li>\n<li>Evita un exc\u00e9s de begudes ensucrades o alcoh\u00f2liques, que deshidraten l&#8217;organisme.<\/li>\n<li>Complementa amb fruites i verdures fresques per aportar-hi minerals i vitamines durant tot el dia.<\/li>\n<\/ul>\n<p>&nbsp;<\/p>\n<h2 class=\"cvGsUA direction-ltr align-start para-style-body\">Protegeix la teva esquena en carregar pes<\/h2>\n<p>Maletes, bosses de platja, neveres port\u00e0tils\u2026 L&#8217;estiu sol portar c\u00e0rregues extra. Si s&#8217;aixequen de manera incorrecta, <strong>poden generar dolor lumbar o lesions musculars.<\/strong><\/p>\n<ul>\n<li>Fes servir motxilles de doble nansa per repartir el pes.<\/li>\n<li>Flexiona els genolls i no l&#8217;esquena en aixecar objectes pesants.<\/li>\n<\/ul>\n<p>Reparteix el pes en diverses bosses m\u00e9s petites en comptes d&#8217;una massa gran<\/p>\n<h2 class=\"cvGsUA direction-ltr align-start para-style-body\">Acudeix al teu fisioterapeuta si sents mol\u00e8sties<\/h2>\n<p>L\u00b4estiu \u00e9s un moment perfecte per dedicar temps al teu benestar corporal. <strong>Si notes mol\u00e8sties, rigidesa o dolors persistents, no esperis que empitjorin.<\/strong><\/p>\n<p>La fisioter\u00e0pia t&#8217;ajuda a:<\/p>\n<ul>\n<li>Alleujar les contractures o sobrec\u00e0rregues musculars despr\u00e9s de viatges o la pr\u00e0ctica esportiva.<\/li>\n<li>Millorar la teva posici\u00f3 per prevenir lesions.<\/li>\n<li>Recuperar mobilitat i sensaci\u00f3 de lleugeresa al cos.<\/li>\n<\/ul>\n<p>L\u00b4estiu \u00e9s per descansar i gaudir, no per acumular tensions o dolors. Amb aquests consells i una <strong>bona prevenci\u00f3<\/strong>, pots mantenir el teu cos en equilibri durant les vacances.<\/p>\n<p>\ud83d\udc49 <strong>Sents mol\u00e8sties o rigidesa aquest estiu?<\/strong><\/p>\n<p>Escriu-nos, reserva la teva cita i comen\u00e7a la teva recuperaci\u00f3 amb nosaltres.<\/p>\n<p><img loading=\"lazy\" decoding=\"async\" class=\"aligncenter wp-image-4796\" src=\"https:\/\/www.fisiobalance.cat\/wp-content\/uploads\/2024\/08\/Envianos-un-WhatsApp--300x88.png\" alt=\"\" width=\"569\" height=\"167\" srcset=\"https:\/\/www.fisiobalance.cat\/wp-content\/uploads\/2024\/08\/Envianos-un-WhatsApp--300x88.png 300w, https:\/\/www.fisiobalance.cat\/wp-content\/uploads\/2024\/08\/Envianos-un-WhatsApp--1024x302.png 1024w, https:\/\/www.fisiobalance.cat\/wp-content\/uploads\/2024\/08\/Envianos-un-WhatsApp--768x226.png 768w, https:\/\/www.fisiobalance.cat\/wp-content\/uploads\/2024\/08\/Envianos-un-WhatsApp--1536x453.png 1536w, https:\/\/www.fisiobalance.cat\/wp-content\/uploads\/2024\/08\/Envianos-un-WhatsApp--2048x603.png 2048w, https:\/\/www.fisiobalance.cat\/wp-content\/uploads\/2024\/08\/Envianos-un-WhatsApp--700x206.png 700w, https:\/\/www.fisiobalance.cat\/wp-content\/uploads\/2024\/08\/Envianos-un-WhatsApp--600x177.png 600w\" sizes=\"auto, (max-width: 569px) 100vw, 569px\" \/><\/p>\n<p>&nbsp;<\/p>\n","protected":false},"excerpt":{"rendered":"<p>L&#8217;estiu \u00e9s un moment ideal per desconnectar i gaudir del bon temps, per\u00f2 tamb\u00e9 \u00e9s una \u00e8poca en qu\u00e8 els h\u00e0bits i les postures canvien: dormim en matalassos diferents, caminem m\u00e9s descal\u00e7os o passem hores tombats a la platja. Aquests petits canvis poden generar mal&#8230;<\/p>\n","protected":false},"author":4,"featured_media":5665,"comment_status":"open","ping_status":"open","sticky":false,"template":"","format":"standard","meta":{"footnotes":""},"categories":[329,330,331,336,201,315,247,332,320],"tags":[202,406,321,322,206,323,326,407],"class_list":["post-8739","post","type-post","status-publish","format-standard","has-post-thumbnail","hentry","category-consells-esquena-sana","category-dolor-cervicals","category-dolor-desquena","category-esquena-sana","category-fascitis-plantar-ca","category-fisiobalance-castelldefels-ca","category-fisioterapia-ca","category-higiene-postural-ca","category-vida-saludable","tag-castelldefels-ca","tag-consejos-vacaciones","tag-fisiobalance-ca","tag-fisiobalance-castelldefels-ca","tag-fisioterapia-ca","tag-fisioterapia-castelldefels-ca","tag-fisioterapia-personalizada-ca","tag-verano-saludable"],"yoast_head":"<!-- This site is optimized with the Yoast SEO plugin v26.3 - https:\/\/yoast.com\/wordpress\/plugins\/seo\/ -->\n<title>Set Consells de Fisioter\u00e0pia per a un estiu saludable - Fisiobalance<\/title>\n<meta name=\"description\" content=\"El verano es un momento ideal para desconectar, pero tambi\u00e9n es una \u00e9poca en la que los h\u00e1bitos y posturas cambian: dormimos en colchones distintos, caminamos m\u00e1s y pasamos horas tumbados.\" \/>\n<meta name=\"robots\" content=\"index, follow, max-snippet:-1, max-image-preview:large, max-video-preview:-1\" \/>\n<link rel=\"canonical\" href=\"https:\/\/www.fisiobalance.cat\/ca\/set-consells-de-fisioterapia-per-a-un-estiu-saludable\/\" \/>\n<meta property=\"og:locale\" content=\"ca_ES\" \/>\n<meta property=\"og:type\" content=\"article\" \/>\n<meta property=\"og:title\" content=\"Set Consells de Fisioter\u00e0pia per a un estiu saludable - Fisiobalance\" \/>\n<meta property=\"og:description\" content=\"El verano es un momento ideal para desconectar, pero tambi\u00e9n es una \u00e9poca en la que los h\u00e1bitos y posturas cambian: dormimos en colchones distintos, caminamos m\u00e1s y pasamos horas tumbados.\" \/>\n<meta property=\"og:url\" content=\"https:\/\/www.fisiobalance.cat\/ca\/set-consells-de-fisioterapia-per-a-un-estiu-saludable\/\" \/>\n<meta property=\"og:site_name\" content=\"Fisiobalance\" \/>\n<meta property=\"article:published_time\" content=\"2025-08-11T10:48:01+00:00\" \/>\n<meta property=\"article:modified_time\" content=\"2026-01-05T17:01:23+00:00\" \/>\n<meta property=\"og:image\" content=\"https:\/\/www.fisiobalance.cat\/wp-content\/uploads\/2025\/08\/7-consejos.png\" \/>\n\t<meta property=\"og:image:width\" content=\"1080\" \/>\n\t<meta property=\"og:image:height\" content=\"1080\" \/>\n\t<meta property=\"og:image:type\" content=\"image\/png\" \/>\n<meta name=\"author\" content=\"Judith B.\" \/>\n<meta name=\"twitter:card\" content=\"summary_large_image\" \/>\n<meta name=\"twitter:label1\" content=\"Escrit per\" \/>\n\t<meta name=\"twitter:data1\" content=\"Judith B.\" \/>\n\t<meta name=\"twitter:label2\" content=\"Temps estimat de lectura\" \/>\n\t<meta name=\"twitter:data2\" content=\"5 minuts\" \/>\n<script type=\"application\/ld+json\" class=\"yoast-schema-graph\">{\"@context\":\"https:\/\/schema.org\",\"@graph\":[{\"@type\":\"Article\",\"@id\":\"https:\/\/www.fisiobalance.cat\/ca\/set-consells-de-fisioterapia-per-a-un-estiu-saludable\/#article\",\"isPartOf\":{\"@id\":\"https:\/\/www.fisiobalance.cat\/ca\/set-consells-de-fisioterapia-per-a-un-estiu-saludable\/\"},\"author\":{\"name\":\"Judith B.\",\"@id\":\"https:\/\/www.fisiobalance.cat\/#\/schema\/person\/d13995e8461df82666781bd895eb057b\"},\"headline\":\"Set Consells de Fisioter\u00e0pia per a un estiu saludable\",\"datePublished\":\"2025-08-11T10:48:01+00:00\",\"dateModified\":\"2026-01-05T17:01:23+00:00\",\"mainEntityOfPage\":{\"@id\":\"https:\/\/www.fisiobalance.cat\/ca\/set-consells-de-fisioterapia-per-a-un-estiu-saludable\/\"},\"wordCount\":751,\"commentCount\":0,\"publisher\":{\"@id\":\"https:\/\/www.fisiobalance.cat\/#organization\"},\"image\":{\"@id\":\"https:\/\/www.fisiobalance.cat\/ca\/set-consells-de-fisioterapia-per-a-un-estiu-saludable\/#primaryimage\"},\"thumbnailUrl\":\"https:\/\/www.fisiobalance.cat\/wp-content\/uploads\/2025\/08\/7-consejos.png\",\"keywords\":[\"castelldefels\",\"Consejos vacaciones\",\"fisiobalance\",\"FisioBalance Castelldefels\",\"fisioterapia\",\"Fisioterapia Castelldefels\",\"Fisioterapia personalizada\",\"Verano saludable\"],\"articleSection\":[\"consells esquena sana\",\"Dolor cervicals\",\"dolor d'esquena\",\"esquena sana\",\"fascitis plantar\",\"Fisiobalance Castelldefels\",\"fisioter\u00e0pia\",\"higiene postural\",\"vida saludable\"],\"inLanguage\":\"ca\",\"potentialAction\":[{\"@type\":\"CommentAction\",\"name\":\"Comment\",\"target\":[\"https:\/\/www.fisiobalance.cat\/ca\/set-consells-de-fisioterapia-per-a-un-estiu-saludable\/#respond\"]}]},{\"@type\":\"WebPage\",\"@id\":\"https:\/\/www.fisiobalance.cat\/ca\/set-consells-de-fisioterapia-per-a-un-estiu-saludable\/\",\"url\":\"https:\/\/www.fisiobalance.cat\/ca\/set-consells-de-fisioterapia-per-a-un-estiu-saludable\/\",\"name\":\"Set Consells de Fisioter\u00e0pia per a un estiu saludable - Fisiobalance\",\"isPartOf\":{\"@id\":\"https:\/\/www.fisiobalance.cat\/#website\"},\"primaryImageOfPage\":{\"@id\":\"https:\/\/www.fisiobalance.cat\/ca\/set-consells-de-fisioterapia-per-a-un-estiu-saludable\/#primaryimage\"},\"image\":{\"@id\":\"https:\/\/www.fisiobalance.cat\/ca\/set-consells-de-fisioterapia-per-a-un-estiu-saludable\/#primaryimage\"},\"thumbnailUrl\":\"https:\/\/www.fisiobalance.cat\/wp-content\/uploads\/2025\/08\/7-consejos.png\",\"datePublished\":\"2025-08-11T10:48:01+00:00\",\"dateModified\":\"2026-01-05T17:01:23+00:00\",\"description\":\"El verano es un momento ideal para desconectar, pero tambi\u00e9n es una \u00e9poca en la que los h\u00e1bitos y posturas cambian: dormimos en colchones distintos, caminamos m\u00e1s y pasamos horas tumbados.\",\"breadcrumb\":{\"@id\":\"https:\/\/www.fisiobalance.cat\/ca\/set-consells-de-fisioterapia-per-a-un-estiu-saludable\/#breadcrumb\"},\"inLanguage\":\"ca\",\"potentialAction\":[{\"@type\":\"ReadAction\",\"target\":[\"https:\/\/www.fisiobalance.cat\/ca\/set-consells-de-fisioterapia-per-a-un-estiu-saludable\/\"]}]},{\"@type\":\"ImageObject\",\"inLanguage\":\"ca\",\"@id\":\"https:\/\/www.fisiobalance.cat\/ca\/set-consells-de-fisioterapia-per-a-un-estiu-saludable\/#primaryimage\",\"url\":\"https:\/\/www.fisiobalance.cat\/wp-content\/uploads\/2025\/08\/7-consejos.png\",\"contentUrl\":\"https:\/\/www.fisiobalance.cat\/wp-content\/uploads\/2025\/08\/7-consejos.png\",\"width\":1080,\"height\":1080},{\"@type\":\"BreadcrumbList\",\"@id\":\"https:\/\/www.fisiobalance.cat\/ca\/set-consells-de-fisioterapia-per-a-un-estiu-saludable\/#breadcrumb\",\"itemListElement\":[{\"@type\":\"ListItem\",\"position\":1,\"name\":\"Portada\",\"item\":\"https:\/\/www.fisiobalance.cat\/ca\/\"},{\"@type\":\"ListItem\",\"position\":2,\"name\":\"Set Consells de Fisioter\u00e0pia per a un estiu saludable\"}]},{\"@type\":\"WebSite\",\"@id\":\"https:\/\/www.fisiobalance.cat\/#website\",\"url\":\"https:\/\/www.fisiobalance.cat\/\",\"name\":\"Fisiobalance\",\"description\":\"\",\"publisher\":{\"@id\":\"https:\/\/www.fisiobalance.cat\/#organization\"},\"potentialAction\":[{\"@type\":\"SearchAction\",\"target\":{\"@type\":\"EntryPoint\",\"urlTemplate\":\"https:\/\/www.fisiobalance.cat\/?s={search_term_string}\"},\"query-input\":{\"@type\":\"PropertyValueSpecification\",\"valueRequired\":true,\"valueName\":\"search_term_string\"}}],\"inLanguage\":\"ca\"},{\"@type\":\"Organization\",\"@id\":\"https:\/\/www.fisiobalance.cat\/#organization\",\"name\":\"Fisiobalance\",\"url\":\"https:\/\/www.fisiobalance.cat\/\",\"logo\":{\"@type\":\"ImageObject\",\"inLanguage\":\"ca\",\"@id\":\"https:\/\/www.fisiobalance.cat\/#\/schema\/logo\/image\/\",\"url\":\"https:\/\/www.fisiobalance.cat\/wp-content\/uploads\/2018\/06\/fisiobalance_logo.png\",\"contentUrl\":\"https:\/\/www.fisiobalance.cat\/wp-content\/uploads\/2018\/06\/fisiobalance_logo.png\",\"width\":369,\"height\":53,\"caption\":\"Fisiobalance\"},\"image\":{\"@id\":\"https:\/\/www.fisiobalance.cat\/#\/schema\/logo\/image\/\"}},{\"@type\":\"Person\",\"@id\":\"https:\/\/www.fisiobalance.cat\/#\/schema\/person\/d13995e8461df82666781bd895eb057b\",\"name\":\"Judith B.\",\"image\":{\"@type\":\"ImageObject\",\"inLanguage\":\"ca\",\"@id\":\"https:\/\/www.fisiobalance.cat\/#\/schema\/person\/image\/\",\"url\":\"https:\/\/secure.gravatar.com\/avatar\/8685e93a081991151a26aa2a7294e0eec35dc79370af6c42cd6313f871fc656b?s=96&d=mm&r=g\",\"contentUrl\":\"https:\/\/secure.gravatar.com\/avatar\/8685e93a081991151a26aa2a7294e0eec35dc79370af6c42cd6313f871fc656b?s=96&d=mm&r=g\",\"caption\":\"Judith B.\"},\"url\":\"https:\/\/www.fisiobalance.cat\/ca\/author\/judith-barreiro\/\"}]}<\/script>\n<!-- \/ Yoast SEO plugin. -->","yoast_head_json":{"title":"Set Consells de Fisioter\u00e0pia per a un estiu saludable - Fisiobalance","description":"El verano es un momento ideal para desconectar, pero tambi\u00e9n es una \u00e9poca en la que los h\u00e1bitos y posturas cambian: dormimos en colchones distintos, caminamos m\u00e1s y pasamos horas tumbados.","robots":{"index":"index","follow":"follow","max-snippet":"max-snippet:-1","max-image-preview":"max-image-preview:large","max-video-preview":"max-video-preview:-1"},"canonical":"https:\/\/www.fisiobalance.cat\/ca\/set-consells-de-fisioterapia-per-a-un-estiu-saludable\/","og_locale":"ca_ES","og_type":"article","og_title":"Set Consells de Fisioter\u00e0pia per a un estiu saludable - Fisiobalance","og_description":"El verano es un momento ideal para desconectar, pero tambi\u00e9n es una \u00e9poca en la que los h\u00e1bitos y posturas cambian: dormimos en colchones distintos, caminamos m\u00e1s y pasamos horas tumbados.","og_url":"https:\/\/www.fisiobalance.cat\/ca\/set-consells-de-fisioterapia-per-a-un-estiu-saludable\/","og_site_name":"Fisiobalance","article_published_time":"2025-08-11T10:48:01+00:00","article_modified_time":"2026-01-05T17:01:23+00:00","og_image":[{"width":1080,"height":1080,"url":"https:\/\/www.fisiobalance.cat\/wp-content\/uploads\/2025\/08\/7-consejos.png","type":"image\/png"}],"author":"Judith B.","twitter_card":"summary_large_image","twitter_misc":{"Escrit per":"Judith B.","Temps estimat de lectura":"5 minuts"},"schema":{"@context":"https:\/\/schema.org","@graph":[{"@type":"Article","@id":"https:\/\/www.fisiobalance.cat\/ca\/set-consells-de-fisioterapia-per-a-un-estiu-saludable\/#article","isPartOf":{"@id":"https:\/\/www.fisiobalance.cat\/ca\/set-consells-de-fisioterapia-per-a-un-estiu-saludable\/"},"author":{"name":"Judith B.","@id":"https:\/\/www.fisiobalance.cat\/#\/schema\/person\/d13995e8461df82666781bd895eb057b"},"headline":"Set Consells de Fisioter\u00e0pia per a un estiu saludable","datePublished":"2025-08-11T10:48:01+00:00","dateModified":"2026-01-05T17:01:23+00:00","mainEntityOfPage":{"@id":"https:\/\/www.fisiobalance.cat\/ca\/set-consells-de-fisioterapia-per-a-un-estiu-saludable\/"},"wordCount":751,"commentCount":0,"publisher":{"@id":"https:\/\/www.fisiobalance.cat\/#organization"},"image":{"@id":"https:\/\/www.fisiobalance.cat\/ca\/set-consells-de-fisioterapia-per-a-un-estiu-saludable\/#primaryimage"},"thumbnailUrl":"https:\/\/www.fisiobalance.cat\/wp-content\/uploads\/2025\/08\/7-consejos.png","keywords":["castelldefels","Consejos vacaciones","fisiobalance","FisioBalance Castelldefels","fisioterapia","Fisioterapia Castelldefels","Fisioterapia personalizada","Verano saludable"],"articleSection":["consells esquena sana","Dolor cervicals","dolor d'esquena","esquena sana","fascitis plantar","Fisiobalance Castelldefels","fisioter\u00e0pia","higiene postural","vida saludable"],"inLanguage":"ca","potentialAction":[{"@type":"CommentAction","name":"Comment","target":["https:\/\/www.fisiobalance.cat\/ca\/set-consells-de-fisioterapia-per-a-un-estiu-saludable\/#respond"]}]},{"@type":"WebPage","@id":"https:\/\/www.fisiobalance.cat\/ca\/set-consells-de-fisioterapia-per-a-un-estiu-saludable\/","url":"https:\/\/www.fisiobalance.cat\/ca\/set-consells-de-fisioterapia-per-a-un-estiu-saludable\/","name":"Set Consells de Fisioter\u00e0pia per a un estiu saludable - Fisiobalance","isPartOf":{"@id":"https:\/\/www.fisiobalance.cat\/#website"},"primaryImageOfPage":{"@id":"https:\/\/www.fisiobalance.cat\/ca\/set-consells-de-fisioterapia-per-a-un-estiu-saludable\/#primaryimage"},"image":{"@id":"https:\/\/www.fisiobalance.cat\/ca\/set-consells-de-fisioterapia-per-a-un-estiu-saludable\/#primaryimage"},"thumbnailUrl":"https:\/\/www.fisiobalance.cat\/wp-content\/uploads\/2025\/08\/7-consejos.png","datePublished":"2025-08-11T10:48:01+00:00","dateModified":"2026-01-05T17:01:23+00:00","description":"El verano es un momento ideal para desconectar, pero tambi\u00e9n es una \u00e9poca en la que los h\u00e1bitos y posturas cambian: dormimos en colchones distintos, caminamos m\u00e1s y pasamos horas tumbados.","breadcrumb":{"@id":"https:\/\/www.fisiobalance.cat\/ca\/set-consells-de-fisioterapia-per-a-un-estiu-saludable\/#breadcrumb"},"inLanguage":"ca","potentialAction":[{"@type":"ReadAction","target":["https:\/\/www.fisiobalance.cat\/ca\/set-consells-de-fisioterapia-per-a-un-estiu-saludable\/"]}]},{"@type":"ImageObject","inLanguage":"ca","@id":"https:\/\/www.fisiobalance.cat\/ca\/set-consells-de-fisioterapia-per-a-un-estiu-saludable\/#primaryimage","url":"https:\/\/www.fisiobalance.cat\/wp-content\/uploads\/2025\/08\/7-consejos.png","contentUrl":"https:\/\/www.fisiobalance.cat\/wp-content\/uploads\/2025\/08\/7-consejos.png","width":1080,"height":1080},{"@type":"BreadcrumbList","@id":"https:\/\/www.fisiobalance.cat\/ca\/set-consells-de-fisioterapia-per-a-un-estiu-saludable\/#breadcrumb","itemListElement":[{"@type":"ListItem","position":1,"name":"Portada","item":"https:\/\/www.fisiobalance.cat\/ca\/"},{"@type":"ListItem","position":2,"name":"Set Consells de Fisioter\u00e0pia per a un estiu saludable"}]},{"@type":"WebSite","@id":"https:\/\/www.fisiobalance.cat\/#website","url":"https:\/\/www.fisiobalance.cat\/","name":"Fisiobalance","description":"","publisher":{"@id":"https:\/\/www.fisiobalance.cat\/#organization"},"potentialAction":[{"@type":"SearchAction","target":{"@type":"EntryPoint","urlTemplate":"https:\/\/www.fisiobalance.cat\/?s={search_term_string}"},"query-input":{"@type":"PropertyValueSpecification","valueRequired":true,"valueName":"search_term_string"}}],"inLanguage":"ca"},{"@type":"Organization","@id":"https:\/\/www.fisiobalance.cat\/#organization","name":"Fisiobalance","url":"https:\/\/www.fisiobalance.cat\/","logo":{"@type":"ImageObject","inLanguage":"ca","@id":"https:\/\/www.fisiobalance.cat\/#\/schema\/logo\/image\/","url":"https:\/\/www.fisiobalance.cat\/wp-content\/uploads\/2018\/06\/fisiobalance_logo.png","contentUrl":"https:\/\/www.fisiobalance.cat\/wp-content\/uploads\/2018\/06\/fisiobalance_logo.png","width":369,"height":53,"caption":"Fisiobalance"},"image":{"@id":"https:\/\/www.fisiobalance.cat\/#\/schema\/logo\/image\/"}},{"@type":"Person","@id":"https:\/\/www.fisiobalance.cat\/#\/schema\/person\/d13995e8461df82666781bd895eb057b","name":"Judith B.","image":{"@type":"ImageObject","inLanguage":"ca","@id":"https:\/\/www.fisiobalance.cat\/#\/schema\/person\/image\/","url":"https:\/\/secure.gravatar.com\/avatar\/8685e93a081991151a26aa2a7294e0eec35dc79370af6c42cd6313f871fc656b?s=96&d=mm&r=g","contentUrl":"https:\/\/secure.gravatar.com\/avatar\/8685e93a081991151a26aa2a7294e0eec35dc79370af6c42cd6313f871fc656b?s=96&d=mm&r=g","caption":"Judith B."},"url":"https:\/\/www.fisiobalance.cat\/ca\/author\/judith-barreiro\/"}]}},"_links":{"self":[{"href":"https:\/\/www.fisiobalance.cat\/ca\/wp-json\/wp\/v2\/posts\/8739","targetHints":{"allow":["GET"]}}],"collection":[{"href":"https:\/\/www.fisiobalance.cat\/ca\/wp-json\/wp\/v2\/posts"}],"about":[{"href":"https:\/\/www.fisiobalance.cat\/ca\/wp-json\/wp\/v2\/types\/post"}],"author":[{"embeddable":true,"href":"https:\/\/www.fisiobalance.cat\/ca\/wp-json\/wp\/v2\/users\/4"}],"replies":[{"embeddable":true,"href":"https:\/\/www.fisiobalance.cat\/ca\/wp-json\/wp\/v2\/comments?post=8739"}],"version-history":[{"count":2,"href":"https:\/\/www.fisiobalance.cat\/ca\/wp-json\/wp\/v2\/posts\/8739\/revisions"}],"predecessor-version":[{"id":8741,"href":"https:\/\/www.fisiobalance.cat\/ca\/wp-json\/wp\/v2\/posts\/8739\/revisions\/8741"}],"wp:featuredmedia":[{"embeddable":true,"href":"https:\/\/www.fisiobalance.cat\/ca\/wp-json\/wp\/v2\/media\/5665"}],"wp:attachment":[{"href":"https:\/\/www.fisiobalance.cat\/ca\/wp-json\/wp\/v2\/media?parent=8739"}],"wp:term":[{"taxonomy":"category","embeddable":true,"href":"https:\/\/www.fisiobalance.cat\/ca\/wp-json\/wp\/v2\/categories?post=8739"},{"taxonomy":"post_tag","embeddable":true,"href":"https:\/\/www.fisiobalance.cat\/ca\/wp-json\/wp\/v2\/tags?post=8739"}],"curies":[{"name":"wp","href":"https:\/\/api.w.org\/{rel}","templated":true}]}}