{"id":8771,"date":"2025-10-13T13:34:39","date_gmt":"2025-10-13T11:34:39","guid":{"rendered":"https:\/\/www.fisiobalance.cat\/dolor-rodilla-sin-lesion-causas-mas-comunes\/"},"modified":"2026-01-06T09:38:07","modified_gmt":"2026-01-06T08:38:07","slug":"dolor-de-genoll-sense-lesio-les-causes-mes-comunes-i-com-tractar-les","status":"publish","type":"post","link":"https:\/\/www.fisiobalance.cat\/ca\/dolor-de-genoll-sense-lesio-les-causes-mes-comunes-i-com-tractar-les\/","title":{"rendered":"Dolor de genoll sense lesi\u00f3: les causes m\u00e9s comunes i com tractar-les"},"content":{"rendered":"<p class=\"cvGsUA direction-ltr align-start para-style-body\"><img loading=\"lazy\" decoding=\"async\" class=\"aligncenter wp-image-5720\" src=\"https:\/\/www.fisiobalance.cat\/wp-content\/uploads\/2025\/10\/Dolor-de-rodilla-sin-lesion-las-causas-mas-comunes-y-como-tratarlas--300x88.png\" alt=\"\" width=\"812\" height=\"238\" srcset=\"https:\/\/www.fisiobalance.cat\/wp-content\/uploads\/2025\/10\/Dolor-de-rodilla-sin-lesion-las-causas-mas-comunes-y-como-tratarlas--300x88.png 300w, https:\/\/www.fisiobalance.cat\/wp-content\/uploads\/2025\/10\/Dolor-de-rodilla-sin-lesion-las-causas-mas-comunes-y-como-tratarlas--1024x302.png 1024w, https:\/\/www.fisiobalance.cat\/wp-content\/uploads\/2025\/10\/Dolor-de-rodilla-sin-lesion-las-causas-mas-comunes-y-como-tratarlas--768x226.png 768w, https:\/\/www.fisiobalance.cat\/wp-content\/uploads\/2025\/10\/Dolor-de-rodilla-sin-lesion-las-causas-mas-comunes-y-como-tratarlas--1536x453.png 1536w, https:\/\/www.fisiobalance.cat\/wp-content\/uploads\/2025\/10\/Dolor-de-rodilla-sin-lesion-las-causas-mas-comunes-y-como-tratarlas--2048x603.png 2048w, https:\/\/www.fisiobalance.cat\/wp-content\/uploads\/2025\/10\/Dolor-de-rodilla-sin-lesion-las-causas-mas-comunes-y-como-tratarlas--700x206.png 700w, https:\/\/www.fisiobalance.cat\/wp-content\/uploads\/2025\/10\/Dolor-de-rodilla-sin-lesion-las-causas-mas-comunes-y-como-tratarlas--600x177.png 600w\" sizes=\"auto, (max-width: 812px) 100vw, 812px\" \/><\/p>\n<p>Notes mol\u00e8sties al genoll en caminar, pujar escales o despr\u00e9s de passar molt de temps assegut, <strong>per\u00f2 les teves proves m\u00e8diques no mostren cap lesi\u00f3?<\/strong> No est\u00e0s sol.<\/p>\n<p>El mal de genoll sense lesi\u00f3 aparent \u00e9s <strong>un dels motius de consulta m\u00e9s freq\u00fcents en fisioter\u00e0pia.<\/strong><\/p>\n<p>A <strong>Fisiobalance Castelldefels<\/strong> veiem di\u00e0riament persones amb aquest tipus de dolor que no saben per qu\u00e8 apareix ni com alleujar-lo. La bona not\u00edcia \u00e9s que<strong> s\u00ed que t\u00e9 soluci\u00f3<\/strong>. Entendre les causes reals i actuar a temps \u00e9s clau per recuperar la mobilitat i prevenir que es torni un problema cr\u00f2nic.<\/p>\n<h2 class=\"cvGsUA direction-ltr align-start para-style-body\">Per qu\u00e8 pot fer mal el genoll sense lesi\u00f3?<\/h2>\n<p>Tot i que el genoll \u00e9s una de les articulacions m\u00e9s resistents del cos, tamb\u00e9 \u00e9s una de les <strong>m\u00e9s exposades a desequilibris<\/strong>. En molts casos, el dolor no en prov\u00e9 directament, sin\u00f3 d&#8217;altres zones que n&#8217;alteren la funci\u00f3: el maluc, els peus, o fins i tot la musculatura del tronc.<\/p>\n<p>Aquestes s\u00f3n algunes de les causes m\u00e9s comunes que trobem a la consulta:<\/p>\n<p><strong>1. Desequilibris musculars i debilitat:<\/strong> Quan els m\u00fasculs que envolten el genoll (especialment qu\u00e0driceps, isquiotibials i glutis) no treballen de forma equilibrada, l&#8217;articulaci\u00f3 pateix.<\/p>\n<ul>\n<li>Un qu\u00e0driceps feble pot fer que la r\u00f2tula no llisqui correctament, generant la t\u00edpica \u201cpunxada\u201d en pujar o baixar escales.<\/li>\n<li>Una manca de for\u00e7a en glutis o core pot provocar una mala alineaci\u00f3 de la cama, augmentant la pressi\u00f3 sobre el genoll.<\/li>\n<\/ul>\n<p>La fisioter\u00e0pia se centra a enfortir i reeducar el moviment, tornant estabilitat a tota la cama.<\/p>\n<p><strong>2. Problemes al maluc o al turmell:<\/strong> El genoll actua com un \u201cpont\u201d entre el maluc i el peu. Si qualsevol d&#8217;aquestes dues zones perd mobilitat o presenta una mala alineaci\u00f3, el genoll compensar\u00e0 el moviment i acabar\u00e0 fent mal.<\/p>\n<p>Per exemple:<\/p>\n<ul>\n<li>Un maluc r\u00edgid pot for\u00e7ar el genoll en girs o despla\u00e7aments.<\/li>\n<li>Una petjada incorrecta o l&#8217;\u00fas prolongat de cal\u00e7at pla o sense suport pot alterar la manera com es distribueix el pes.<\/li>\n<\/ul>\n<p>A Fisiobalance realitzem una an\u00e0lisi global del moviment, per trobar el veritable origen del dolor.<\/p>\n<p>3. <strong>Postures mantingudes o sedentarisme<\/strong>: Passar molt de temps assegut genera rigidesa muscular, p\u00e8rdua de mobilitat i pressi\u00f3 constant sobre les articulacions.<\/p>\n<p>A m\u00e9s, la manca de moviment disminueix la lubricaci\u00f3 natural del genoll, fent que se senti m\u00e9s \u201centumida\u201d o adolorida.<\/p>\n<p>La clau \u00e9s moure&#8217;s amb freq\u00fc\u00e8ncia, fer pauses actives i fer exercicis d&#8217;extensi\u00f3 i flexi\u00f3 suaus diverses vegades al dia.<\/p>\n<p><strong>4. Estr\u00e8s i tensi\u00f3 corporal:<\/strong> Encara que sembli sorprenent, l&#8217;estr\u00e8s tamb\u00e9 es pot reflectir a les articulacions. Quan el cos est\u00e0 en tensi\u00f3 constant, la musculatura es mant\u00e9 contreta, reduint la mobilitat i afectant la manera com caminem o distribu\u00efm el pes.<\/p>\n<p><strong>5. Canvis hormonals o d&#8217;edat<\/strong>: En algunes etapes, com la menopausa o l&#8217;envelliment, disminueix la densitat muscular i la lubricaci\u00f3 articular, fent que els genolls siguin m\u00e9s sensibles.<\/p>\n<p>En aquests casos, la fisioter\u00e0pia ajuda a mantenir la for\u00e7a i la mobilitat, reduint limpacte del pas del temps.<\/p>\n<p>&nbsp;<\/p>\n<h2 class=\"cvGsUA direction-ltr align-start para-style-body\">Com et pot ajudar la fisioter\u00e0pia<\/h2>\n<p>A Fisiobalance Castelldefels, tractem el mal de genoll des d&#8217;una perspectiva integral. No es tracta nom\u00e9s d&#8217;alleujar el dolor, sin\u00f3 d&#8217;entendre&#8217;n l&#8217;origen i recuperar la funci\u00f3 completa del cos.<\/p>\n<p>Els nostres tractaments solen incloure:<\/p>\n<ul>\n<li><strong>Ter\u00e0pia manual<\/strong> i alliberament miofascial per eliminar rigidesa i millorar la mobilitat dels teixits.<\/li>\n<li><strong>Exercicis d&#8217;enfortiment personalitzats<\/strong>, enfocats en glutis, core i qu\u00e0driceps per estabilitzar l&#8217;articulaci\u00f3.<\/li>\n<li><strong>Reeducaci\u00f3 postural<\/strong>: corregint patrons de moviment que sobrecarreguen el genoll<\/li>\n<li>Tractaments complementaris com <strong>INDIBA Activ<\/strong>, que afavoreixen la regeneraci\u00f3 i alleugen la inflamaci\u00f3.<\/li>\n<\/ul>\n<p>Cada persona \u00e9s diferent, per aix\u00f2 a Fisiobalance fem una <strong>valoraci\u00f3 individualitzada<\/strong> que ens permet adaptar el tractament a les teves necessitats i objectius.<\/p>\n<h2 class=\"cvGsUA direction-ltr align-start para-style-body\">Consells pr\u00e0ctics per cuidar els genolls<\/h2>\n<p><strong>1. Estigues en moviment:<\/strong> Evita el sedentarisme. Camina, puja escales o fes exercicis suaus de mobilitat di\u00e0ria.<\/p>\n<p><strong>2. Enforteix les cames:<\/strong> Dedica uns minuts al dia a treballar glutis i qu\u00e0driceps.<\/p>\n<p><strong>3. Cuida la teva postura:<\/strong> Evita creuar les cames molt de temps o asseure&#8217;t en superf\u00edcies baixes.<\/p>\n<p><strong>4. Usa cal\u00e7at adequat:<\/strong> Tria sabates amb bon amortiment i subjecci\u00f3.<\/p>\n<p><strong>5. No ignoris el dolor:<\/strong> Si el malestar persisteix, cerca una valoraci\u00f3 professional. Com m\u00e9s aviat es tracti, millor ser\u00e0 la recuperaci\u00f3.<\/p>\n<p>&nbsp;<\/p>\n<p>El mal de genoll sense lesi\u00f3 \u00e9s un senyal que alguna cosa al teu cos no est\u00e0 funcionant de forma equilibrada. <strong>No ho ignoris: escoltar el teu cos \u00e9s el primer pas per cuidar-lo.<\/strong><\/p>\n<p>A Fisiobalance Castelldefels t&#8217;ajudem a trobar la causa real del dolor, recuperar la mobilitat i enfortir les articulacions.<\/p>\n<p><strong>Reserva la teva cita<\/strong> aqu\u00ed i fa el primer pas cap a uns genolls sans i sense dolor:<\/p>\n<p>&nbsp;<\/p>\n<p><a href=\"https:\/\/api.whatsapp.com\/send?phone=34659884200\"><img loading=\"lazy\" decoding=\"async\" class=\"aligncenter wp-image-4796\" src=\"https:\/\/www.fisiobalance.cat\/wp-content\/uploads\/2024\/08\/Envianos-un-WhatsApp--300x88.png\" alt=\"\" width=\"746\" height=\"219\" srcset=\"https:\/\/www.fisiobalance.cat\/wp-content\/uploads\/2024\/08\/Envianos-un-WhatsApp--300x88.png 300w, https:\/\/www.fisiobalance.cat\/wp-content\/uploads\/2024\/08\/Envianos-un-WhatsApp--1024x302.png 1024w, https:\/\/www.fisiobalance.cat\/wp-content\/uploads\/2024\/08\/Envianos-un-WhatsApp--768x226.png 768w, https:\/\/www.fisiobalance.cat\/wp-content\/uploads\/2024\/08\/Envianos-un-WhatsApp--1536x453.png 1536w, https:\/\/www.fisiobalance.cat\/wp-content\/uploads\/2024\/08\/Envianos-un-WhatsApp--2048x603.png 2048w, https:\/\/www.fisiobalance.cat\/wp-content\/uploads\/2024\/08\/Envianos-un-WhatsApp--700x206.png 700w, https:\/\/www.fisiobalance.cat\/wp-content\/uploads\/2024\/08\/Envianos-un-WhatsApp--600x177.png 600w\" sizes=\"auto, (max-width: 746px) 100vw, 746px\" \/><\/a><\/p>\n","protected":false},"excerpt":{"rendered":"<p>Notes mol\u00e8sties al genoll en caminar, pujar escales o despr\u00e9s de passar molt de temps assegut, per\u00f2 les teves proves m\u00e8diques no mostren cap lesi\u00f3? No est\u00e0s sol. El mal de genoll sense lesi\u00f3 aparent \u00e9s un dels motius de consulta m\u00e9s freq\u00fcents en fisioter\u00e0pia&#8230;.<\/p>\n","protected":false},"author":4,"featured_media":5724,"comment_status":"open","ping_status":"open","sticky":false,"template":"","format":"standard","meta":{"footnotes":""},"categories":[336,315,247,332,337,338,334,320],"tags":[202,321,322,206,323,326,167],"class_list":["post-8771","post","type-post","status-publish","format-standard","has-post-thumbnail","hentry","category-esquena-sana","category-fisiobalance-castelldefels-ca","category-fisioterapia-ca","category-higiene-postural-ca","category-indiba-ca","category-indiba-activ-ca","category-postura-ca","category-vida-saludable","tag-castelldefels-ca","tag-fisiobalance-ca","tag-fisiobalance-castelldefels-ca","tag-fisioterapia-ca","tag-fisioterapia-castelldefels-ca","tag-fisioterapia-personalizada-ca","tag-fisioterapia-respiratoria-ca"],"yoast_head":"<!-- This site is optimized with the Yoast SEO plugin v26.3 - https:\/\/yoast.com\/wordpress\/plugins\/seo\/ -->\n<title>Dolor de genoll sense lesi\u00f3: les causes m\u00e9s comunes i com tractar-les - Fisiobalance<\/title>\n<meta name=\"description\" content=\"\u00bfNotas molestias en la rodilla al caminar, subir escaleras o despu\u00e9s de pasar mucho tiempo sentado, pero no muestras ninguna lesi\u00f3n? Es uno de los motivos de consulta m\u00e1s frecuentes.\" \/>\n<meta name=\"robots\" content=\"index, follow, max-snippet:-1, max-image-preview:large, max-video-preview:-1\" \/>\n<link rel=\"canonical\" href=\"https:\/\/www.fisiobalance.cat\/ca\/dolor-de-genoll-sense-lesio-les-causes-mes-comunes-i-com-tractar-les\/\" \/>\n<meta property=\"og:locale\" content=\"ca_ES\" \/>\n<meta property=\"og:type\" content=\"article\" \/>\n<meta property=\"og:title\" content=\"Dolor de genoll sense lesi\u00f3: les causes m\u00e9s comunes i com tractar-les - Fisiobalance\" \/>\n<meta property=\"og:description\" content=\"\u00bfNotas molestias en la rodilla al caminar, subir escaleras o despu\u00e9s de pasar mucho tiempo sentado, pero no muestras ninguna lesi\u00f3n? Es uno de los motivos de consulta m\u00e1s frecuentes.\" \/>\n<meta property=\"og:url\" content=\"https:\/\/www.fisiobalance.cat\/ca\/dolor-de-genoll-sense-lesio-les-causes-mes-comunes-i-com-tractar-les\/\" \/>\n<meta property=\"og:site_name\" content=\"Fisiobalance\" \/>\n<meta property=\"article:published_time\" content=\"2025-10-13T11:34:39+00:00\" \/>\n<meta property=\"article:modified_time\" content=\"2026-01-06T08:38:07+00:00\" \/>\n<meta property=\"og:image\" content=\"https:\/\/www.fisiobalance.cat\/wp-content\/uploads\/2025\/10\/Dolor-de-rodilla-sin-lesion-las-causas-mas-comunes-.png\" \/>\n\t<meta property=\"og:image:width\" content=\"1080\" \/>\n\t<meta property=\"og:image:height\" content=\"1080\" \/>\n\t<meta property=\"og:image:type\" content=\"image\/png\" \/>\n<meta name=\"author\" content=\"Judith B.\" \/>\n<meta name=\"twitter:card\" content=\"summary_large_image\" \/>\n<meta name=\"twitter:label1\" content=\"Escrit per\" \/>\n\t<meta name=\"twitter:data1\" content=\"Judith B.\" \/>\n\t<meta name=\"twitter:label2\" content=\"Temps estimat de lectura\" \/>\n\t<meta name=\"twitter:data2\" content=\"5 minuts\" \/>\n<script type=\"application\/ld+json\" class=\"yoast-schema-graph\">{\"@context\":\"https:\/\/schema.org\",\"@graph\":[{\"@type\":\"Article\",\"@id\":\"https:\/\/www.fisiobalance.cat\/ca\/dolor-de-genoll-sense-lesio-les-causes-mes-comunes-i-com-tractar-les\/#article\",\"isPartOf\":{\"@id\":\"https:\/\/www.fisiobalance.cat\/ca\/dolor-de-genoll-sense-lesio-les-causes-mes-comunes-i-com-tractar-les\/\"},\"author\":{\"name\":\"Judith B.\",\"@id\":\"https:\/\/www.fisiobalance.cat\/#\/schema\/person\/d13995e8461df82666781bd895eb057b\"},\"headline\":\"Dolor de genoll sense lesi\u00f3: les causes m\u00e9s comunes i com tractar-les\",\"datePublished\":\"2025-10-13T11:34:39+00:00\",\"dateModified\":\"2026-01-06T08:38:07+00:00\",\"mainEntityOfPage\":{\"@id\":\"https:\/\/www.fisiobalance.cat\/ca\/dolor-de-genoll-sense-lesio-les-causes-mes-comunes-i-com-tractar-les\/\"},\"wordCount\":832,\"commentCount\":0,\"publisher\":{\"@id\":\"https:\/\/www.fisiobalance.cat\/#organization\"},\"image\":{\"@id\":\"https:\/\/www.fisiobalance.cat\/ca\/dolor-de-genoll-sense-lesio-les-causes-mes-comunes-i-com-tractar-les\/#primaryimage\"},\"thumbnailUrl\":\"https:\/\/www.fisiobalance.cat\/wp-content\/uploads\/2025\/10\/Dolor-de-rodilla-sin-lesion-las-causas-mas-comunes-.png\",\"keywords\":[\"castelldefels\",\"fisiobalance\",\"FisioBalance Castelldefels\",\"fisioterapia\",\"Fisioterapia Castelldefels\",\"Fisioterapia personalizada\",\"fisioterapia respiratoria\"],\"articleSection\":[\"esquena sana\",\"Fisiobalance Castelldefels\",\"fisioter\u00e0pia\",\"higiene postural\",\"INDIBA\",\"INDIBA Activ\",\"postura\",\"vida saludable\"],\"inLanguage\":\"ca\",\"potentialAction\":[{\"@type\":\"CommentAction\",\"name\":\"Comment\",\"target\":[\"https:\/\/www.fisiobalance.cat\/ca\/dolor-de-genoll-sense-lesio-les-causes-mes-comunes-i-com-tractar-les\/#respond\"]}]},{\"@type\":\"WebPage\",\"@id\":\"https:\/\/www.fisiobalance.cat\/ca\/dolor-de-genoll-sense-lesio-les-causes-mes-comunes-i-com-tractar-les\/\",\"url\":\"https:\/\/www.fisiobalance.cat\/ca\/dolor-de-genoll-sense-lesio-les-causes-mes-comunes-i-com-tractar-les\/\",\"name\":\"Dolor de genoll sense lesi\u00f3: les causes m\u00e9s comunes i com tractar-les - Fisiobalance\",\"isPartOf\":{\"@id\":\"https:\/\/www.fisiobalance.cat\/#website\"},\"primaryImageOfPage\":{\"@id\":\"https:\/\/www.fisiobalance.cat\/ca\/dolor-de-genoll-sense-lesio-les-causes-mes-comunes-i-com-tractar-les\/#primaryimage\"},\"image\":{\"@id\":\"https:\/\/www.fisiobalance.cat\/ca\/dolor-de-genoll-sense-lesio-les-causes-mes-comunes-i-com-tractar-les\/#primaryimage\"},\"thumbnailUrl\":\"https:\/\/www.fisiobalance.cat\/wp-content\/uploads\/2025\/10\/Dolor-de-rodilla-sin-lesion-las-causas-mas-comunes-.png\",\"datePublished\":\"2025-10-13T11:34:39+00:00\",\"dateModified\":\"2026-01-06T08:38:07+00:00\",\"description\":\"\u00bfNotas molestias en la rodilla al caminar, subir escaleras o despu\u00e9s de pasar mucho tiempo sentado, pero no muestras ninguna lesi\u00f3n? Es uno de los motivos de consulta m\u00e1s frecuentes.\",\"breadcrumb\":{\"@id\":\"https:\/\/www.fisiobalance.cat\/ca\/dolor-de-genoll-sense-lesio-les-causes-mes-comunes-i-com-tractar-les\/#breadcrumb\"},\"inLanguage\":\"ca\",\"potentialAction\":[{\"@type\":\"ReadAction\",\"target\":[\"https:\/\/www.fisiobalance.cat\/ca\/dolor-de-genoll-sense-lesio-les-causes-mes-comunes-i-com-tractar-les\/\"]}]},{\"@type\":\"ImageObject\",\"inLanguage\":\"ca\",\"@id\":\"https:\/\/www.fisiobalance.cat\/ca\/dolor-de-genoll-sense-lesio-les-causes-mes-comunes-i-com-tractar-les\/#primaryimage\",\"url\":\"https:\/\/www.fisiobalance.cat\/wp-content\/uploads\/2025\/10\/Dolor-de-rodilla-sin-lesion-las-causas-mas-comunes-.png\",\"contentUrl\":\"https:\/\/www.fisiobalance.cat\/wp-content\/uploads\/2025\/10\/Dolor-de-rodilla-sin-lesion-las-causas-mas-comunes-.png\",\"width\":1080,\"height\":1080},{\"@type\":\"BreadcrumbList\",\"@id\":\"https:\/\/www.fisiobalance.cat\/ca\/dolor-de-genoll-sense-lesio-les-causes-mes-comunes-i-com-tractar-les\/#breadcrumb\",\"itemListElement\":[{\"@type\":\"ListItem\",\"position\":1,\"name\":\"Portada\",\"item\":\"https:\/\/www.fisiobalance.cat\/ca\/\"},{\"@type\":\"ListItem\",\"position\":2,\"name\":\"Dolor de genoll sense lesi\u00f3: les causes m\u00e9s comunes i com tractar-les\"}]},{\"@type\":\"WebSite\",\"@id\":\"https:\/\/www.fisiobalance.cat\/#website\",\"url\":\"https:\/\/www.fisiobalance.cat\/\",\"name\":\"Fisiobalance\",\"description\":\"\",\"publisher\":{\"@id\":\"https:\/\/www.fisiobalance.cat\/#organization\"},\"potentialAction\":[{\"@type\":\"SearchAction\",\"target\":{\"@type\":\"EntryPoint\",\"urlTemplate\":\"https:\/\/www.fisiobalance.cat\/?s={search_term_string}\"},\"query-input\":{\"@type\":\"PropertyValueSpecification\",\"valueRequired\":true,\"valueName\":\"search_term_string\"}}],\"inLanguage\":\"ca\"},{\"@type\":\"Organization\",\"@id\":\"https:\/\/www.fisiobalance.cat\/#organization\",\"name\":\"Fisiobalance\",\"url\":\"https:\/\/www.fisiobalance.cat\/\",\"logo\":{\"@type\":\"ImageObject\",\"inLanguage\":\"ca\",\"@id\":\"https:\/\/www.fisiobalance.cat\/#\/schema\/logo\/image\/\",\"url\":\"https:\/\/www.fisiobalance.cat\/wp-content\/uploads\/2018\/06\/fisiobalance_logo.png\",\"contentUrl\":\"https:\/\/www.fisiobalance.cat\/wp-content\/uploads\/2018\/06\/fisiobalance_logo.png\",\"width\":369,\"height\":53,\"caption\":\"Fisiobalance\"},\"image\":{\"@id\":\"https:\/\/www.fisiobalance.cat\/#\/schema\/logo\/image\/\"}},{\"@type\":\"Person\",\"@id\":\"https:\/\/www.fisiobalance.cat\/#\/schema\/person\/d13995e8461df82666781bd895eb057b\",\"name\":\"Judith B.\",\"image\":{\"@type\":\"ImageObject\",\"inLanguage\":\"ca\",\"@id\":\"https:\/\/www.fisiobalance.cat\/#\/schema\/person\/image\/\",\"url\":\"https:\/\/secure.gravatar.com\/avatar\/8685e93a081991151a26aa2a7294e0eec35dc79370af6c42cd6313f871fc656b?s=96&d=mm&r=g\",\"contentUrl\":\"https:\/\/secure.gravatar.com\/avatar\/8685e93a081991151a26aa2a7294e0eec35dc79370af6c42cd6313f871fc656b?s=96&d=mm&r=g\",\"caption\":\"Judith B.\"},\"url\":\"https:\/\/www.fisiobalance.cat\/ca\/author\/judith-barreiro\/\"}]}<\/script>\n<!-- \/ Yoast SEO plugin. -->","yoast_head_json":{"title":"Dolor de genoll sense lesi\u00f3: les causes m\u00e9s comunes i com tractar-les - Fisiobalance","description":"\u00bfNotas molestias en la rodilla al caminar, subir escaleras o despu\u00e9s de pasar mucho tiempo sentado, pero no muestras ninguna lesi\u00f3n? Es uno de los motivos de consulta m\u00e1s frecuentes.","robots":{"index":"index","follow":"follow","max-snippet":"max-snippet:-1","max-image-preview":"max-image-preview:large","max-video-preview":"max-video-preview:-1"},"canonical":"https:\/\/www.fisiobalance.cat\/ca\/dolor-de-genoll-sense-lesio-les-causes-mes-comunes-i-com-tractar-les\/","og_locale":"ca_ES","og_type":"article","og_title":"Dolor de genoll sense lesi\u00f3: les causes m\u00e9s comunes i com tractar-les - Fisiobalance","og_description":"\u00bfNotas molestias en la rodilla al caminar, subir escaleras o despu\u00e9s de pasar mucho tiempo sentado, pero no muestras ninguna lesi\u00f3n? Es uno de los motivos de consulta m\u00e1s frecuentes.","og_url":"https:\/\/www.fisiobalance.cat\/ca\/dolor-de-genoll-sense-lesio-les-causes-mes-comunes-i-com-tractar-les\/","og_site_name":"Fisiobalance","article_published_time":"2025-10-13T11:34:39+00:00","article_modified_time":"2026-01-06T08:38:07+00:00","og_image":[{"width":1080,"height":1080,"url":"https:\/\/www.fisiobalance.cat\/wp-content\/uploads\/2025\/10\/Dolor-de-rodilla-sin-lesion-las-causas-mas-comunes-.png","type":"image\/png"}],"author":"Judith B.","twitter_card":"summary_large_image","twitter_misc":{"Escrit per":"Judith B.","Temps estimat de lectura":"5 minuts"},"schema":{"@context":"https:\/\/schema.org","@graph":[{"@type":"Article","@id":"https:\/\/www.fisiobalance.cat\/ca\/dolor-de-genoll-sense-lesio-les-causes-mes-comunes-i-com-tractar-les\/#article","isPartOf":{"@id":"https:\/\/www.fisiobalance.cat\/ca\/dolor-de-genoll-sense-lesio-les-causes-mes-comunes-i-com-tractar-les\/"},"author":{"name":"Judith B.","@id":"https:\/\/www.fisiobalance.cat\/#\/schema\/person\/d13995e8461df82666781bd895eb057b"},"headline":"Dolor de genoll sense lesi\u00f3: les causes m\u00e9s comunes i com tractar-les","datePublished":"2025-10-13T11:34:39+00:00","dateModified":"2026-01-06T08:38:07+00:00","mainEntityOfPage":{"@id":"https:\/\/www.fisiobalance.cat\/ca\/dolor-de-genoll-sense-lesio-les-causes-mes-comunes-i-com-tractar-les\/"},"wordCount":832,"commentCount":0,"publisher":{"@id":"https:\/\/www.fisiobalance.cat\/#organization"},"image":{"@id":"https:\/\/www.fisiobalance.cat\/ca\/dolor-de-genoll-sense-lesio-les-causes-mes-comunes-i-com-tractar-les\/#primaryimage"},"thumbnailUrl":"https:\/\/www.fisiobalance.cat\/wp-content\/uploads\/2025\/10\/Dolor-de-rodilla-sin-lesion-las-causas-mas-comunes-.png","keywords":["castelldefels","fisiobalance","FisioBalance Castelldefels","fisioterapia","Fisioterapia Castelldefels","Fisioterapia personalizada","fisioterapia respiratoria"],"articleSection":["esquena sana","Fisiobalance Castelldefels","fisioter\u00e0pia","higiene postural","INDIBA","INDIBA Activ","postura","vida saludable"],"inLanguage":"ca","potentialAction":[{"@type":"CommentAction","name":"Comment","target":["https:\/\/www.fisiobalance.cat\/ca\/dolor-de-genoll-sense-lesio-les-causes-mes-comunes-i-com-tractar-les\/#respond"]}]},{"@type":"WebPage","@id":"https:\/\/www.fisiobalance.cat\/ca\/dolor-de-genoll-sense-lesio-les-causes-mes-comunes-i-com-tractar-les\/","url":"https:\/\/www.fisiobalance.cat\/ca\/dolor-de-genoll-sense-lesio-les-causes-mes-comunes-i-com-tractar-les\/","name":"Dolor de genoll sense lesi\u00f3: les causes m\u00e9s comunes i com tractar-les - Fisiobalance","isPartOf":{"@id":"https:\/\/www.fisiobalance.cat\/#website"},"primaryImageOfPage":{"@id":"https:\/\/www.fisiobalance.cat\/ca\/dolor-de-genoll-sense-lesio-les-causes-mes-comunes-i-com-tractar-les\/#primaryimage"},"image":{"@id":"https:\/\/www.fisiobalance.cat\/ca\/dolor-de-genoll-sense-lesio-les-causes-mes-comunes-i-com-tractar-les\/#primaryimage"},"thumbnailUrl":"https:\/\/www.fisiobalance.cat\/wp-content\/uploads\/2025\/10\/Dolor-de-rodilla-sin-lesion-las-causas-mas-comunes-.png","datePublished":"2025-10-13T11:34:39+00:00","dateModified":"2026-01-06T08:38:07+00:00","description":"\u00bfNotas molestias en la rodilla al caminar, subir escaleras o despu\u00e9s de pasar mucho tiempo sentado, pero no muestras ninguna lesi\u00f3n? Es uno de los motivos de consulta m\u00e1s frecuentes.","breadcrumb":{"@id":"https:\/\/www.fisiobalance.cat\/ca\/dolor-de-genoll-sense-lesio-les-causes-mes-comunes-i-com-tractar-les\/#breadcrumb"},"inLanguage":"ca","potentialAction":[{"@type":"ReadAction","target":["https:\/\/www.fisiobalance.cat\/ca\/dolor-de-genoll-sense-lesio-les-causes-mes-comunes-i-com-tractar-les\/"]}]},{"@type":"ImageObject","inLanguage":"ca","@id":"https:\/\/www.fisiobalance.cat\/ca\/dolor-de-genoll-sense-lesio-les-causes-mes-comunes-i-com-tractar-les\/#primaryimage","url":"https:\/\/www.fisiobalance.cat\/wp-content\/uploads\/2025\/10\/Dolor-de-rodilla-sin-lesion-las-causas-mas-comunes-.png","contentUrl":"https:\/\/www.fisiobalance.cat\/wp-content\/uploads\/2025\/10\/Dolor-de-rodilla-sin-lesion-las-causas-mas-comunes-.png","width":1080,"height":1080},{"@type":"BreadcrumbList","@id":"https:\/\/www.fisiobalance.cat\/ca\/dolor-de-genoll-sense-lesio-les-causes-mes-comunes-i-com-tractar-les\/#breadcrumb","itemListElement":[{"@type":"ListItem","position":1,"name":"Portada","item":"https:\/\/www.fisiobalance.cat\/ca\/"},{"@type":"ListItem","position":2,"name":"Dolor de genoll sense lesi\u00f3: les causes m\u00e9s comunes i com tractar-les"}]},{"@type":"WebSite","@id":"https:\/\/www.fisiobalance.cat\/#website","url":"https:\/\/www.fisiobalance.cat\/","name":"Fisiobalance","description":"","publisher":{"@id":"https:\/\/www.fisiobalance.cat\/#organization"},"potentialAction":[{"@type":"SearchAction","target":{"@type":"EntryPoint","urlTemplate":"https:\/\/www.fisiobalance.cat\/?s={search_term_string}"},"query-input":{"@type":"PropertyValueSpecification","valueRequired":true,"valueName":"search_term_string"}}],"inLanguage":"ca"},{"@type":"Organization","@id":"https:\/\/www.fisiobalance.cat\/#organization","name":"Fisiobalance","url":"https:\/\/www.fisiobalance.cat\/","logo":{"@type":"ImageObject","inLanguage":"ca","@id":"https:\/\/www.fisiobalance.cat\/#\/schema\/logo\/image\/","url":"https:\/\/www.fisiobalance.cat\/wp-content\/uploads\/2018\/06\/fisiobalance_logo.png","contentUrl":"https:\/\/www.fisiobalance.cat\/wp-content\/uploads\/2018\/06\/fisiobalance_logo.png","width":369,"height":53,"caption":"Fisiobalance"},"image":{"@id":"https:\/\/www.fisiobalance.cat\/#\/schema\/logo\/image\/"}},{"@type":"Person","@id":"https:\/\/www.fisiobalance.cat\/#\/schema\/person\/d13995e8461df82666781bd895eb057b","name":"Judith B.","image":{"@type":"ImageObject","inLanguage":"ca","@id":"https:\/\/www.fisiobalance.cat\/#\/schema\/person\/image\/","url":"https:\/\/secure.gravatar.com\/avatar\/8685e93a081991151a26aa2a7294e0eec35dc79370af6c42cd6313f871fc656b?s=96&d=mm&r=g","contentUrl":"https:\/\/secure.gravatar.com\/avatar\/8685e93a081991151a26aa2a7294e0eec35dc79370af6c42cd6313f871fc656b?s=96&d=mm&r=g","caption":"Judith B."},"url":"https:\/\/www.fisiobalance.cat\/ca\/author\/judith-barreiro\/"}]}},"_links":{"self":[{"href":"https:\/\/www.fisiobalance.cat\/ca\/wp-json\/wp\/v2\/posts\/8771","targetHints":{"allow":["GET"]}}],"collection":[{"href":"https:\/\/www.fisiobalance.cat\/ca\/wp-json\/wp\/v2\/posts"}],"about":[{"href":"https:\/\/www.fisiobalance.cat\/ca\/wp-json\/wp\/v2\/types\/post"}],"author":[{"embeddable":true,"href":"https:\/\/www.fisiobalance.cat\/ca\/wp-json\/wp\/v2\/users\/4"}],"replies":[{"embeddable":true,"href":"https:\/\/www.fisiobalance.cat\/ca\/wp-json\/wp\/v2\/comments?post=8771"}],"version-history":[{"count":2,"href":"https:\/\/www.fisiobalance.cat\/ca\/wp-json\/wp\/v2\/posts\/8771\/revisions"}],"predecessor-version":[{"id":8774,"href":"https:\/\/www.fisiobalance.cat\/ca\/wp-json\/wp\/v2\/posts\/8771\/revisions\/8774"}],"wp:featuredmedia":[{"embeddable":true,"href":"https:\/\/www.fisiobalance.cat\/ca\/wp-json\/wp\/v2\/media\/5724"}],"wp:attachment":[{"href":"https:\/\/www.fisiobalance.cat\/ca\/wp-json\/wp\/v2\/media?parent=8771"}],"wp:term":[{"taxonomy":"category","embeddable":true,"href":"https:\/\/www.fisiobalance.cat\/ca\/wp-json\/wp\/v2\/categories?post=8771"},{"taxonomy":"post_tag","embeddable":true,"href":"https:\/\/www.fisiobalance.cat\/ca\/wp-json\/wp\/v2\/tags?post=8771"}],"curies":[{"name":"wp","href":"https:\/\/api.w.org\/{rel}","templated":true}]}}