{"id":8790,"date":"2025-12-31T11:01:01","date_gmt":"2025-12-31T10:01:01","guid":{"rendered":"https:\/\/www.fisiobalance.cat\/frio-y-dolor-muscular-por-que-aumentan\/"},"modified":"2026-01-06T09:54:38","modified_gmt":"2026-01-06T08:54:38","slug":"fred-i-dolor-muscular-per-que-augmenten-les-molesties-a-lhivern-i-com-prevenir-les","status":"publish","type":"post","link":"https:\/\/www.fisiobalance.cat\/ca\/fred-i-dolor-muscular-per-que-augmenten-les-molesties-a-lhivern-i-com-prevenir-les\/","title":{"rendered":"Fred i dolor muscular: per qu\u00e8 augmenten les mol\u00e8sties a l&#8217;hivern i com prevenir-les"},"content":{"rendered":"<p><img loading=\"lazy\" decoding=\"async\" class=\"aligncenter wp-image-6029\" src=\"https:\/\/www.fisiobalance.cat\/wp-content\/uploads\/2025\/12\/Frio-y-dolor-muscular-por-que-aumentan-las-molestias-en-invierno.--300x88.png\" alt=\"\" width=\"713\" height=\"209\" srcset=\"https:\/\/www.fisiobalance.cat\/wp-content\/uploads\/2025\/12\/Frio-y-dolor-muscular-por-que-aumentan-las-molestias-en-invierno.--300x88.png 300w, https:\/\/www.fisiobalance.cat\/wp-content\/uploads\/2025\/12\/Frio-y-dolor-muscular-por-que-aumentan-las-molestias-en-invierno.--1024x302.png 1024w, https:\/\/www.fisiobalance.cat\/wp-content\/uploads\/2025\/12\/Frio-y-dolor-muscular-por-que-aumentan-las-molestias-en-invierno.--768x226.png 768w, https:\/\/www.fisiobalance.cat\/wp-content\/uploads\/2025\/12\/Frio-y-dolor-muscular-por-que-aumentan-las-molestias-en-invierno.--1536x453.png 1536w, https:\/\/www.fisiobalance.cat\/wp-content\/uploads\/2025\/12\/Frio-y-dolor-muscular-por-que-aumentan-las-molestias-en-invierno.--2048x603.png 2048w, https:\/\/www.fisiobalance.cat\/wp-content\/uploads\/2025\/12\/Frio-y-dolor-muscular-por-que-aumentan-las-molestias-en-invierno.--700x206.png 700w, https:\/\/www.fisiobalance.cat\/wp-content\/uploads\/2025\/12\/Frio-y-dolor-muscular-por-que-aumentan-las-molestias-en-invierno.--600x177.png 600w\" sizes=\"auto, (max-width: 713px) 100vw, 713px\" \/><\/p>\n<p>Amb l&#8217;arribada del desembre i el descens de les temperatures, moltes persones noten que <strong>el cos es torna m\u00e9s r\u00edgid, apareixen dolors musculars o reapareixen antigues mol\u00e8sties que semblaven superades.<\/strong><\/p>\n<p>No \u00e9s casualitat: el fred <strong>t\u00e9 un impacte directe al nostre sistema musculoesquel\u00e8tic.<\/strong><\/p>\n<p>A <strong>Fisiobalance Castelldefels<\/strong> veiem com durant els mesos d&#8217;hivern augmenten les consultes per dolor cervical, lumbar, articular i sobrec\u00e0rregues musculars.<\/p>\n<h2 class=\"cvGsUA direction-ltr align-start para-style-body\">Per qu\u00e8 el fred afecta tant m\u00fasculs i articulacions?<\/h2>\n<p class=\"cvGsUA direction-ltr align-start para-style-body\">El fred <strong>provoca una s\u00e8rie de respostes fisiol\u00f2giques<\/strong> al nostre cos que influeixen directament en el sistema musculoesquel\u00e8tic:<\/p>\n<p><strong>1) Menor reg sanguini:<\/strong> Amb les baixes temperatures, el cos prioritza mantenir la calor als \u00f2rgans vitals. Aix\u00f2 fa que disminueixi el flux sanguini cap a m\u00fasculs i extremitats, cosa que provoca:<\/p>\n<ul>\n<li>Menor <strong>oxigenaci\u00f3 muscular<\/strong><\/li>\n<li><strong>P\u00e8rdua d&#8217;elasticitat<\/strong><\/li>\n<li>Sensaci\u00f3 de <strong>rigidesa i pesadesa<\/strong><\/li>\n<\/ul>\n<p><strong>Un m\u00fascul menys irrigat \u00e9s m\u00e9s propens a sobrec\u00e0rregues, contractures i dolor.<\/strong><\/p>\n<p><strong>2) Major tensi\u00f3 muscular involunt\u00e0ria:<\/strong> Quan tenim fred, tendim a encongir-nos, elevar les espatlles o tensar el coll de forma inconscient.<\/p>\n<p>Aquesta contracci\u00f3 mantinguda, si es repeteix dia rere dia, pot acabar generant:<\/p>\n<ul>\n<li>Contractures cervicals i dorsals<\/li>\n<li>Mal de cap tensional<\/li>\n<li>Mol\u00e8sties a les espatlles i zona lumbar<\/li>\n<\/ul>\n<p><strong>3) Menys moviment diari:<\/strong> A l&#8217;hivern solem moure&#8217;ns menys: caminem menys, fem menys exercici a l&#8217;aire lliure i passem m\u00e9s temps asseguts.<\/p>\n<p>La manca de moviment redueix la lubricaci\u00f3 articular i afavoreix la rigidesa muscular, especialment a:<\/p>\n<ul>\n<li>Esquena<\/li>\n<li>Malucs<\/li>\n<li>Genolls<\/li>\n<li>Turmells<\/li>\n<\/ul>\n<p><strong>4) Reaparici\u00f3 de lesions antigues:<\/strong> Les zones que ja han patit una lesi\u00f3 pr\u00e8via (esquin\u00e7os, contractures, artrosi, h\u00e8rnies, etc.) solen ressentir-se m\u00e9s amb el fred.<\/p>\n<p>El descens de temperatura pot fer que aquestes \u00e0rees siguin m\u00e9s sensibles al dolor, encara que la lesi\u00f3 estigui \u201ccontrolada\u201d.<\/p>\n<p>&nbsp;<\/p>\n<h2 class=\"cvGsUA direction-ltr align-start para-style-body\">Quins tipus de mol\u00e8sties s\u00f3n m\u00e9s freq\u00fcents a l&#8217;hivern?<\/h2>\n<p>A consulta, durant els mesos freds, veiem especialment:<\/p>\n<ul>\n<li>Dolor cervical i dorsal<\/li>\n<li>Lumb\u00e0lgia<\/li>\n<li>Sobrec\u00e0rregues musculars<\/li>\n<li>Dolor articular (genolls, malucs, mans)<\/li>\n<li>Rigidesa matutina<\/li>\n<li>Sensaci\u00f3 de cos \u201cpesat\u201d o cansat<\/li>\n<\/ul>\n<p>Moltes d&#8217;aquestes mol\u00e8sties no apareixen bruscament, <strong>sin\u00f3 que es van acumulant a poc a poc.<\/strong><\/p>\n<p>&nbsp;<\/p>\n<h2 class=\"cvGsUA direction-ltr align-start para-style-body\">Com et pot ajudar la fisioter\u00e0pia a l&#8217;hivern<\/h2>\n<p>La fisioter\u00e0pia <strong>juga un paper clau<\/strong> durant els mesos freds, tant de manera preventiva com terap\u00e8utica.<\/p>\n<p>A <strong>Fisiobalance Castelldefels<\/strong>, adaptem els tractaments a aquesta \u00e8poca de l&#8217;any amb objectius clars:<\/p>\n<p>\u2705 <strong>Millorar la circulaci\u00f3 i l&#8217;elasticitat muscular:<\/strong> Les t\u00e8cniques manuals ajuden a activar el reg sanguini, tornar flexibilitat als teixits i reduir la rigidesa.<\/p>\n<p>\u2705<strong> Reduir la tensi\u00f3 acumulada:<\/strong> La ter\u00e0pia manual, l&#8217;alliberament miofascial i els tractaments complementaris permeten relaxar els m\u00fasculs sobrecarregats pel fred i l&#8217;estr\u00e8s.<\/p>\n<p>\u2705 <strong>Prevenir recaigudes i lesions:<\/strong> Tractar petites mol\u00e8sties a temps evita que es converteixin en contractures severes o lesions m\u00e9s complexes.<\/p>\n<p>\u2705 <strong>Afavorir la recuperaci\u00f3 amb tecnologia avan\u00e7ada:<\/strong> Tractaments com INDIBA Activ ajuden a millorar la vascularitzaci\u00f3, accelerar la regeneraci\u00f3 de teixits i alleujar el dolor muscular i articular, especialment a l&#8217;hivern.<\/p>\n<h2 class=\"cvGsUA direction-ltr align-start para-style-body\">Consells pr\u00e0ctics per cuidar el teu cos a l&#8217;hivern<\/h2>\n<ul>\n<li><strong>Estigues actiu<\/strong>, encara que el fred convidi al rep\u00f2s. Caminar di\u00e0riament \u00e9s suficient per activar la musculatura.<\/li>\n<li><strong>Abriga&#8217;t b\u00e9<\/strong>, especialment coll, esquena baixa i articulacions.<\/li>\n<li><strong>Aplica calor local<\/strong> si notes rigidesa o mol\u00e8sties musculars.<\/li>\n<li><strong>Estira di\u00e0riament<\/strong>, sobretot coll, esquena i cames.<\/li>\n<li><strong>No ignoreu el dolor persistent<\/strong>: si dura m\u00e9s d&#8217;uns dies, \u00e9s millor valorar-lo a temps.<\/li>\n<\/ul>\n<p>El fred no \u00e9s la causa directa del dolor, per\u00f2 s\u00ed un factor que afavoreix la rigidesa, la tensi\u00f3 i la reaparici\u00f3 de molestiassi no cuidem el cos adequadament.<\/p>\n<p>La prevenci\u00f3, el moviment i la fisioter\u00e0pia s\u00f3n clau per travessar l&#8217;hivern amb benestar.<\/p>\n<p>\ud83d\udc49 A <strong>Fisiobalance Castelldefels<\/strong> t&#8217;ajudem a mantenir el teu cos actiu, flexible i sense dolor durant els mesos m\u00e9s freds de l&#8217;any.<\/p>\n<p>Reserva la teva cita <span class=\"a_GcMg font-feature-liga-off font-feature-clig-off font-feature-calt-off text-strikethrough-none text-decoration-underline\"><a href=\"https:\/\/api.whatsapp.com\/send?phone=34659884200\">aqu\u00ed<\/a><\/span>:<\/p>\n<p><a href=\"https:\/\/api.whatsapp.com\/send?phone=34659884200\"><img loading=\"lazy\" decoding=\"async\" class=\"aligncenter wp-image-4796\" src=\"https:\/\/www.fisiobalance.cat\/wp-content\/uploads\/2024\/08\/Envianos-un-WhatsApp--300x88.png\" alt=\"\" width=\"860\" height=\"252\" srcset=\"https:\/\/www.fisiobalance.cat\/wp-content\/uploads\/2024\/08\/Envianos-un-WhatsApp--300x88.png 300w, https:\/\/www.fisiobalance.cat\/wp-content\/uploads\/2024\/08\/Envianos-un-WhatsApp--768x226.png 768w, https:\/\/www.fisiobalance.cat\/wp-content\/uploads\/2024\/08\/Envianos-un-WhatsApp--2048x603.png 2048w, https:\/\/www.fisiobalance.cat\/wp-content\/uploads\/2024\/08\/Envianos-un-WhatsApp--700x206.png 700w, https:\/\/www.fisiobalance.cat\/wp-content\/uploads\/2024\/08\/Envianos-un-WhatsApp--600x177.png 600w\" sizes=\"auto, (max-width: 860px) 100vw, 860px\" \/><\/a><\/p>\n<p>&nbsp;<\/p>\n<p>&nbsp;<\/p>\n","protected":false},"excerpt":{"rendered":"<p>Amb l&#8217;arribada del desembre i el descens de les temperatures, moltes persones noten que el cos es torna m\u00e9s r\u00edgid, apareixen dolors musculars o reapareixen antigues mol\u00e8sties que semblaven superades. No \u00e9s casualitat: el fred t\u00e9 un impacte directe al nostre sistema musculoesquel\u00e8tic. A Fisiobalance&#8230;<\/p>\n","protected":false},"author":4,"featured_media":6027,"comment_status":"open","ping_status":"open","sticky":false,"template":"","format":"standard","meta":{"footnotes":""},"categories":[341,331,336,315,247,332,338,334,320],"tags":[202,321,322,206,323,326,361,362],"class_list":["post-8790","post","type-post","status-publish","format-standard","has-post-thumbnail","hentry","category-cervicals","category-dolor-desquena","category-esquena-sana","category-fisiobalance-castelldefels-ca","category-fisioterapia-ca","category-higiene-postural-ca","category-indiba-activ-ca","category-postura-ca","category-vida-saludable","tag-castelldefels-ca","tag-fisiobalance-ca","tag-fisiobalance-castelldefels-ca","tag-fisioterapia-ca","tag-fisioterapia-castelldefels-ca","tag-fisioterapia-personalizada-ca","tag-indiba-ca","tag-indiba-activ-ca"],"yoast_head":"<!-- This site is optimized with the Yoast SEO plugin v26.3 - https:\/\/yoast.com\/wordpress\/plugins\/seo\/ -->\n<title>Fred i dolor muscular: per qu\u00e8 augmenten les mol\u00e8sties a l&#039;hivern i com prevenir-les - Fisiobalance<\/title>\n<meta name=\"description\" content=\"Con el descenso de las temperaturas, muchas personas notan que el cuerpo se vuelve m\u00e1s r\u00edgido, aparecen dolores musculares o antiguas molestias. Y es que el fr\u00edo tiene un impacto directo en nuestro sistema musculoesquel\u00e9tico.\" \/>\n<meta name=\"robots\" content=\"index, follow, max-snippet:-1, max-image-preview:large, max-video-preview:-1\" \/>\n<link rel=\"canonical\" href=\"https:\/\/www.fisiobalance.cat\/ca\/fred-i-dolor-muscular-per-que-augmenten-les-molesties-a-lhivern-i-com-prevenir-les\/\" \/>\n<meta property=\"og:locale\" content=\"ca_ES\" \/>\n<meta property=\"og:type\" content=\"article\" \/>\n<meta property=\"og:title\" content=\"Fred i dolor muscular: per qu\u00e8 augmenten les mol\u00e8sties a l&#039;hivern i com prevenir-les - Fisiobalance\" \/>\n<meta property=\"og:description\" content=\"Con el descenso de las temperaturas, muchas personas notan que el cuerpo se vuelve m\u00e1s r\u00edgido, aparecen dolores musculares o antiguas molestias. Y es que el fr\u00edo tiene un impacto directo en nuestro sistema musculoesquel\u00e9tico.\" \/>\n<meta property=\"og:url\" content=\"https:\/\/www.fisiobalance.cat\/ca\/fred-i-dolor-muscular-per-que-augmenten-les-molesties-a-lhivern-i-com-prevenir-les\/\" \/>\n<meta property=\"og:site_name\" content=\"Fisiobalance\" \/>\n<meta property=\"article:published_time\" content=\"2025-12-31T10:01:01+00:00\" \/>\n<meta property=\"article:modified_time\" content=\"2026-01-06T08:54:38+00:00\" \/>\n<meta property=\"og:image\" content=\"https:\/\/www.fisiobalance.cat\/wp-content\/uploads\/2025\/12\/unnamed-file.png\" \/>\n\t<meta property=\"og:image:width\" content=\"1080\" \/>\n\t<meta property=\"og:image:height\" content=\"1080\" \/>\n\t<meta property=\"og:image:type\" content=\"image\/png\" \/>\n<meta name=\"author\" content=\"Judith B.\" \/>\n<meta name=\"twitter:card\" content=\"summary_large_image\" \/>\n<meta name=\"twitter:label1\" content=\"Escrit per\" \/>\n\t<meta name=\"twitter:data1\" content=\"Judith B.\" \/>\n\t<meta name=\"twitter:label2\" content=\"Temps estimat de lectura\" \/>\n\t<meta name=\"twitter:data2\" content=\"4 minuts\" \/>\n<script type=\"application\/ld+json\" class=\"yoast-schema-graph\">{\"@context\":\"https:\/\/schema.org\",\"@graph\":[{\"@type\":\"Article\",\"@id\":\"https:\/\/www.fisiobalance.cat\/ca\/fred-i-dolor-muscular-per-que-augmenten-les-molesties-a-lhivern-i-com-prevenir-les\/#article\",\"isPartOf\":{\"@id\":\"https:\/\/www.fisiobalance.cat\/ca\/fred-i-dolor-muscular-per-que-augmenten-les-molesties-a-lhivern-i-com-prevenir-les\/\"},\"author\":{\"name\":\"Judith B.\",\"@id\":\"https:\/\/www.fisiobalance.cat\/#\/schema\/person\/d13995e8461df82666781bd895eb057b\"},\"headline\":\"Fred i dolor muscular: per qu\u00e8 augmenten les mol\u00e8sties a l&#8217;hivern i com prevenir-les\",\"datePublished\":\"2025-12-31T10:01:01+00:00\",\"dateModified\":\"2026-01-06T08:54:38+00:00\",\"mainEntityOfPage\":{\"@id\":\"https:\/\/www.fisiobalance.cat\/ca\/fred-i-dolor-muscular-per-que-augmenten-les-molesties-a-lhivern-i-com-prevenir-les\/\"},\"wordCount\":681,\"commentCount\":0,\"publisher\":{\"@id\":\"https:\/\/www.fisiobalance.cat\/#organization\"},\"image\":{\"@id\":\"https:\/\/www.fisiobalance.cat\/ca\/fred-i-dolor-muscular-per-que-augmenten-les-molesties-a-lhivern-i-com-prevenir-les\/#primaryimage\"},\"thumbnailUrl\":\"https:\/\/www.fisiobalance.cat\/wp-content\/uploads\/2025\/12\/unnamed-file.png\",\"keywords\":[\"castelldefels\",\"fisiobalance\",\"FisioBalance Castelldefels\",\"fisioterapia\",\"Fisioterapia Castelldefels\",\"Fisioterapia personalizada\",\"INDIBA\",\"INDIBA Activ\"],\"articleSection\":[\"cervicals\",\"dolor d'esquena\",\"esquena sana\",\"Fisiobalance Castelldefels\",\"fisioter\u00e0pia\",\"higiene postural\",\"INDIBA Activ\",\"postura\",\"vida saludable\"],\"inLanguage\":\"ca\",\"potentialAction\":[{\"@type\":\"CommentAction\",\"name\":\"Comment\",\"target\":[\"https:\/\/www.fisiobalance.cat\/ca\/fred-i-dolor-muscular-per-que-augmenten-les-molesties-a-lhivern-i-com-prevenir-les\/#respond\"]}]},{\"@type\":\"WebPage\",\"@id\":\"https:\/\/www.fisiobalance.cat\/ca\/fred-i-dolor-muscular-per-que-augmenten-les-molesties-a-lhivern-i-com-prevenir-les\/\",\"url\":\"https:\/\/www.fisiobalance.cat\/ca\/fred-i-dolor-muscular-per-que-augmenten-les-molesties-a-lhivern-i-com-prevenir-les\/\",\"name\":\"Fred i dolor muscular: per qu\u00e8 augmenten les mol\u00e8sties a l'hivern i com prevenir-les - Fisiobalance\",\"isPartOf\":{\"@id\":\"https:\/\/www.fisiobalance.cat\/#website\"},\"primaryImageOfPage\":{\"@id\":\"https:\/\/www.fisiobalance.cat\/ca\/fred-i-dolor-muscular-per-que-augmenten-les-molesties-a-lhivern-i-com-prevenir-les\/#primaryimage\"},\"image\":{\"@id\":\"https:\/\/www.fisiobalance.cat\/ca\/fred-i-dolor-muscular-per-que-augmenten-les-molesties-a-lhivern-i-com-prevenir-les\/#primaryimage\"},\"thumbnailUrl\":\"https:\/\/www.fisiobalance.cat\/wp-content\/uploads\/2025\/12\/unnamed-file.png\",\"datePublished\":\"2025-12-31T10:01:01+00:00\",\"dateModified\":\"2026-01-06T08:54:38+00:00\",\"description\":\"Con el descenso de las temperaturas, muchas personas notan que el cuerpo se vuelve m\u00e1s r\u00edgido, aparecen dolores musculares o antiguas molestias. Y es que el fr\u00edo tiene un impacto directo en nuestro sistema musculoesquel\u00e9tico.\",\"breadcrumb\":{\"@id\":\"https:\/\/www.fisiobalance.cat\/ca\/fred-i-dolor-muscular-per-que-augmenten-les-molesties-a-lhivern-i-com-prevenir-les\/#breadcrumb\"},\"inLanguage\":\"ca\",\"potentialAction\":[{\"@type\":\"ReadAction\",\"target\":[\"https:\/\/www.fisiobalance.cat\/ca\/fred-i-dolor-muscular-per-que-augmenten-les-molesties-a-lhivern-i-com-prevenir-les\/\"]}]},{\"@type\":\"ImageObject\",\"inLanguage\":\"ca\",\"@id\":\"https:\/\/www.fisiobalance.cat\/ca\/fred-i-dolor-muscular-per-que-augmenten-les-molesties-a-lhivern-i-com-prevenir-les\/#primaryimage\",\"url\":\"https:\/\/www.fisiobalance.cat\/wp-content\/uploads\/2025\/12\/unnamed-file.png\",\"contentUrl\":\"https:\/\/www.fisiobalance.cat\/wp-content\/uploads\/2025\/12\/unnamed-file.png\",\"width\":1080,\"height\":1080},{\"@type\":\"BreadcrumbList\",\"@id\":\"https:\/\/www.fisiobalance.cat\/ca\/fred-i-dolor-muscular-per-que-augmenten-les-molesties-a-lhivern-i-com-prevenir-les\/#breadcrumb\",\"itemListElement\":[{\"@type\":\"ListItem\",\"position\":1,\"name\":\"Portada\",\"item\":\"https:\/\/www.fisiobalance.cat\/ca\/\"},{\"@type\":\"ListItem\",\"position\":2,\"name\":\"Fred i dolor muscular: per qu\u00e8 augmenten les mol\u00e8sties a l&#8217;hivern i com prevenir-les\"}]},{\"@type\":\"WebSite\",\"@id\":\"https:\/\/www.fisiobalance.cat\/#website\",\"url\":\"https:\/\/www.fisiobalance.cat\/\",\"name\":\"Fisiobalance\",\"description\":\"\",\"publisher\":{\"@id\":\"https:\/\/www.fisiobalance.cat\/#organization\"},\"potentialAction\":[{\"@type\":\"SearchAction\",\"target\":{\"@type\":\"EntryPoint\",\"urlTemplate\":\"https:\/\/www.fisiobalance.cat\/?s={search_term_string}\"},\"query-input\":{\"@type\":\"PropertyValueSpecification\",\"valueRequired\":true,\"valueName\":\"search_term_string\"}}],\"inLanguage\":\"ca\"},{\"@type\":\"Organization\",\"@id\":\"https:\/\/www.fisiobalance.cat\/#organization\",\"name\":\"Fisiobalance\",\"url\":\"https:\/\/www.fisiobalance.cat\/\",\"logo\":{\"@type\":\"ImageObject\",\"inLanguage\":\"ca\",\"@id\":\"https:\/\/www.fisiobalance.cat\/#\/schema\/logo\/image\/\",\"url\":\"https:\/\/www.fisiobalance.cat\/wp-content\/uploads\/2018\/06\/fisiobalance_logo.png\",\"contentUrl\":\"https:\/\/www.fisiobalance.cat\/wp-content\/uploads\/2018\/06\/fisiobalance_logo.png\",\"width\":369,\"height\":53,\"caption\":\"Fisiobalance\"},\"image\":{\"@id\":\"https:\/\/www.fisiobalance.cat\/#\/schema\/logo\/image\/\"}},{\"@type\":\"Person\",\"@id\":\"https:\/\/www.fisiobalance.cat\/#\/schema\/person\/d13995e8461df82666781bd895eb057b\",\"name\":\"Judith B.\",\"image\":{\"@type\":\"ImageObject\",\"inLanguage\":\"ca\",\"@id\":\"https:\/\/www.fisiobalance.cat\/#\/schema\/person\/image\/\",\"url\":\"https:\/\/secure.gravatar.com\/avatar\/8685e93a081991151a26aa2a7294e0eec35dc79370af6c42cd6313f871fc656b?s=96&d=mm&r=g\",\"contentUrl\":\"https:\/\/secure.gravatar.com\/avatar\/8685e93a081991151a26aa2a7294e0eec35dc79370af6c42cd6313f871fc656b?s=96&d=mm&r=g\",\"caption\":\"Judith B.\"},\"url\":\"https:\/\/www.fisiobalance.cat\/ca\/author\/judith-barreiro\/\"}]}<\/script>\n<!-- \/ Yoast SEO plugin. -->","yoast_head_json":{"title":"Fred i dolor muscular: per qu\u00e8 augmenten les mol\u00e8sties a l'hivern i com prevenir-les - Fisiobalance","description":"Con el descenso de las temperaturas, muchas personas notan que el cuerpo se vuelve m\u00e1s r\u00edgido, aparecen dolores musculares o antiguas molestias. Y es que el fr\u00edo tiene un impacto directo en nuestro sistema musculoesquel\u00e9tico.","robots":{"index":"index","follow":"follow","max-snippet":"max-snippet:-1","max-image-preview":"max-image-preview:large","max-video-preview":"max-video-preview:-1"},"canonical":"https:\/\/www.fisiobalance.cat\/ca\/fred-i-dolor-muscular-per-que-augmenten-les-molesties-a-lhivern-i-com-prevenir-les\/","og_locale":"ca_ES","og_type":"article","og_title":"Fred i dolor muscular: per qu\u00e8 augmenten les mol\u00e8sties a l'hivern i com prevenir-les - Fisiobalance","og_description":"Con el descenso de las temperaturas, muchas personas notan que el cuerpo se vuelve m\u00e1s r\u00edgido, aparecen dolores musculares o antiguas molestias. Y es que el fr\u00edo tiene un impacto directo en nuestro sistema musculoesquel\u00e9tico.","og_url":"https:\/\/www.fisiobalance.cat\/ca\/fred-i-dolor-muscular-per-que-augmenten-les-molesties-a-lhivern-i-com-prevenir-les\/","og_site_name":"Fisiobalance","article_published_time":"2025-12-31T10:01:01+00:00","article_modified_time":"2026-01-06T08:54:38+00:00","og_image":[{"width":1080,"height":1080,"url":"https:\/\/www.fisiobalance.cat\/wp-content\/uploads\/2025\/12\/unnamed-file.png","type":"image\/png"}],"author":"Judith B.","twitter_card":"summary_large_image","twitter_misc":{"Escrit per":"Judith B.","Temps estimat de lectura":"4 minuts"},"schema":{"@context":"https:\/\/schema.org","@graph":[{"@type":"Article","@id":"https:\/\/www.fisiobalance.cat\/ca\/fred-i-dolor-muscular-per-que-augmenten-les-molesties-a-lhivern-i-com-prevenir-les\/#article","isPartOf":{"@id":"https:\/\/www.fisiobalance.cat\/ca\/fred-i-dolor-muscular-per-que-augmenten-les-molesties-a-lhivern-i-com-prevenir-les\/"},"author":{"name":"Judith B.","@id":"https:\/\/www.fisiobalance.cat\/#\/schema\/person\/d13995e8461df82666781bd895eb057b"},"headline":"Fred i dolor muscular: per qu\u00e8 augmenten les mol\u00e8sties a l&#8217;hivern i com prevenir-les","datePublished":"2025-12-31T10:01:01+00:00","dateModified":"2026-01-06T08:54:38+00:00","mainEntityOfPage":{"@id":"https:\/\/www.fisiobalance.cat\/ca\/fred-i-dolor-muscular-per-que-augmenten-les-molesties-a-lhivern-i-com-prevenir-les\/"},"wordCount":681,"commentCount":0,"publisher":{"@id":"https:\/\/www.fisiobalance.cat\/#organization"},"image":{"@id":"https:\/\/www.fisiobalance.cat\/ca\/fred-i-dolor-muscular-per-que-augmenten-les-molesties-a-lhivern-i-com-prevenir-les\/#primaryimage"},"thumbnailUrl":"https:\/\/www.fisiobalance.cat\/wp-content\/uploads\/2025\/12\/unnamed-file.png","keywords":["castelldefels","fisiobalance","FisioBalance Castelldefels","fisioterapia","Fisioterapia Castelldefels","Fisioterapia personalizada","INDIBA","INDIBA Activ"],"articleSection":["cervicals","dolor d'esquena","esquena sana","Fisiobalance Castelldefels","fisioter\u00e0pia","higiene postural","INDIBA Activ","postura","vida saludable"],"inLanguage":"ca","potentialAction":[{"@type":"CommentAction","name":"Comment","target":["https:\/\/www.fisiobalance.cat\/ca\/fred-i-dolor-muscular-per-que-augmenten-les-molesties-a-lhivern-i-com-prevenir-les\/#respond"]}]},{"@type":"WebPage","@id":"https:\/\/www.fisiobalance.cat\/ca\/fred-i-dolor-muscular-per-que-augmenten-les-molesties-a-lhivern-i-com-prevenir-les\/","url":"https:\/\/www.fisiobalance.cat\/ca\/fred-i-dolor-muscular-per-que-augmenten-les-molesties-a-lhivern-i-com-prevenir-les\/","name":"Fred i dolor muscular: per qu\u00e8 augmenten les mol\u00e8sties a l'hivern i com prevenir-les - Fisiobalance","isPartOf":{"@id":"https:\/\/www.fisiobalance.cat\/#website"},"primaryImageOfPage":{"@id":"https:\/\/www.fisiobalance.cat\/ca\/fred-i-dolor-muscular-per-que-augmenten-les-molesties-a-lhivern-i-com-prevenir-les\/#primaryimage"},"image":{"@id":"https:\/\/www.fisiobalance.cat\/ca\/fred-i-dolor-muscular-per-que-augmenten-les-molesties-a-lhivern-i-com-prevenir-les\/#primaryimage"},"thumbnailUrl":"https:\/\/www.fisiobalance.cat\/wp-content\/uploads\/2025\/12\/unnamed-file.png","datePublished":"2025-12-31T10:01:01+00:00","dateModified":"2026-01-06T08:54:38+00:00","description":"Con el descenso de las temperaturas, muchas personas notan que el cuerpo se vuelve m\u00e1s r\u00edgido, aparecen dolores musculares o antiguas molestias. Y es que el fr\u00edo tiene un impacto directo en nuestro sistema musculoesquel\u00e9tico.","breadcrumb":{"@id":"https:\/\/www.fisiobalance.cat\/ca\/fred-i-dolor-muscular-per-que-augmenten-les-molesties-a-lhivern-i-com-prevenir-les\/#breadcrumb"},"inLanguage":"ca","potentialAction":[{"@type":"ReadAction","target":["https:\/\/www.fisiobalance.cat\/ca\/fred-i-dolor-muscular-per-que-augmenten-les-molesties-a-lhivern-i-com-prevenir-les\/"]}]},{"@type":"ImageObject","inLanguage":"ca","@id":"https:\/\/www.fisiobalance.cat\/ca\/fred-i-dolor-muscular-per-que-augmenten-les-molesties-a-lhivern-i-com-prevenir-les\/#primaryimage","url":"https:\/\/www.fisiobalance.cat\/wp-content\/uploads\/2025\/12\/unnamed-file.png","contentUrl":"https:\/\/www.fisiobalance.cat\/wp-content\/uploads\/2025\/12\/unnamed-file.png","width":1080,"height":1080},{"@type":"BreadcrumbList","@id":"https:\/\/www.fisiobalance.cat\/ca\/fred-i-dolor-muscular-per-que-augmenten-les-molesties-a-lhivern-i-com-prevenir-les\/#breadcrumb","itemListElement":[{"@type":"ListItem","position":1,"name":"Portada","item":"https:\/\/www.fisiobalance.cat\/ca\/"},{"@type":"ListItem","position":2,"name":"Fred i dolor muscular: per qu\u00e8 augmenten les mol\u00e8sties a l&#8217;hivern i com prevenir-les"}]},{"@type":"WebSite","@id":"https:\/\/www.fisiobalance.cat\/#website","url":"https:\/\/www.fisiobalance.cat\/","name":"Fisiobalance","description":"","publisher":{"@id":"https:\/\/www.fisiobalance.cat\/#organization"},"potentialAction":[{"@type":"SearchAction","target":{"@type":"EntryPoint","urlTemplate":"https:\/\/www.fisiobalance.cat\/?s={search_term_string}"},"query-input":{"@type":"PropertyValueSpecification","valueRequired":true,"valueName":"search_term_string"}}],"inLanguage":"ca"},{"@type":"Organization","@id":"https:\/\/www.fisiobalance.cat\/#organization","name":"Fisiobalance","url":"https:\/\/www.fisiobalance.cat\/","logo":{"@type":"ImageObject","inLanguage":"ca","@id":"https:\/\/www.fisiobalance.cat\/#\/schema\/logo\/image\/","url":"https:\/\/www.fisiobalance.cat\/wp-content\/uploads\/2018\/06\/fisiobalance_logo.png","contentUrl":"https:\/\/www.fisiobalance.cat\/wp-content\/uploads\/2018\/06\/fisiobalance_logo.png","width":369,"height":53,"caption":"Fisiobalance"},"image":{"@id":"https:\/\/www.fisiobalance.cat\/#\/schema\/logo\/image\/"}},{"@type":"Person","@id":"https:\/\/www.fisiobalance.cat\/#\/schema\/person\/d13995e8461df82666781bd895eb057b","name":"Judith B.","image":{"@type":"ImageObject","inLanguage":"ca","@id":"https:\/\/www.fisiobalance.cat\/#\/schema\/person\/image\/","url":"https:\/\/secure.gravatar.com\/avatar\/8685e93a081991151a26aa2a7294e0eec35dc79370af6c42cd6313f871fc656b?s=96&d=mm&r=g","contentUrl":"https:\/\/secure.gravatar.com\/avatar\/8685e93a081991151a26aa2a7294e0eec35dc79370af6c42cd6313f871fc656b?s=96&d=mm&r=g","caption":"Judith B."},"url":"https:\/\/www.fisiobalance.cat\/ca\/author\/judith-barreiro\/"}]}},"_links":{"self":[{"href":"https:\/\/www.fisiobalance.cat\/ca\/wp-json\/wp\/v2\/posts\/8790","targetHints":{"allow":["GET"]}}],"collection":[{"href":"https:\/\/www.fisiobalance.cat\/ca\/wp-json\/wp\/v2\/posts"}],"about":[{"href":"https:\/\/www.fisiobalance.cat\/ca\/wp-json\/wp\/v2\/types\/post"}],"author":[{"embeddable":true,"href":"https:\/\/www.fisiobalance.cat\/ca\/wp-json\/wp\/v2\/users\/4"}],"replies":[{"embeddable":true,"href":"https:\/\/www.fisiobalance.cat\/ca\/wp-json\/wp\/v2\/comments?post=8790"}],"version-history":[{"count":2,"href":"https:\/\/www.fisiobalance.cat\/ca\/wp-json\/wp\/v2\/posts\/8790\/revisions"}],"predecessor-version":[{"id":8793,"href":"https:\/\/www.fisiobalance.cat\/ca\/wp-json\/wp\/v2\/posts\/8790\/revisions\/8793"}],"wp:featuredmedia":[{"embeddable":true,"href":"https:\/\/www.fisiobalance.cat\/ca\/wp-json\/wp\/v2\/media\/6027"}],"wp:attachment":[{"href":"https:\/\/www.fisiobalance.cat\/ca\/wp-json\/wp\/v2\/media?parent=8790"}],"wp:term":[{"taxonomy":"category","embeddable":true,"href":"https:\/\/www.fisiobalance.cat\/ca\/wp-json\/wp\/v2\/categories?post=8790"},{"taxonomy":"post_tag","embeddable":true,"href":"https:\/\/www.fisiobalance.cat\/ca\/wp-json\/wp\/v2\/tags?post=8790"}],"curies":[{"name":"wp","href":"https:\/\/api.w.org\/{rel}","templated":true}]}}