{"id":10315,"date":"2026-03-27T10:23:06","date_gmt":"2026-03-27T09:23:06","guid":{"rendered":"https:\/\/www.fisiobalance.cat\/?p=10315"},"modified":"2026-03-27T10:23:06","modified_gmt":"2026-03-27T09:23:06","slug":"tendinitis-de-tenista-epicondilitis-que-es-por-que-aparece-y-como-tratarla","status":"publish","type":"post","link":"https:\/\/www.fisiobalance.cat\/en\/tendinitis-de-tenista-epicondilitis-que-es-por-que-aparece-y-como-tratarla\/","title":{"rendered":"Tendinitis de tenista (Epicondilitis): qu\u00e9 es, por qu\u00e9 aparece y c\u00f3mo tratarla"},"content":{"rendered":"<p><img loading=\"lazy\" decoding=\"async\" class=\"aligncenter  wp-image-10317\" src=\"https:\/\/www.fisiobalance.cat\/wp-content\/uploads\/2026\/03\/Tendinitis-de-tenista-que-es-por-que-aparece-y-como-tratarla-__-300x88.png\" alt=\"\" width=\"804\" height=\"236\" srcset=\"https:\/\/www.fisiobalance.cat\/wp-content\/uploads\/2026\/03\/Tendinitis-de-tenista-que-es-por-que-aparece-y-como-tratarla-__-300x88.png 300w, https:\/\/www.fisiobalance.cat\/wp-content\/uploads\/2026\/03\/Tendinitis-de-tenista-que-es-por-que-aparece-y-como-tratarla-__-1024x302.png 1024w, https:\/\/www.fisiobalance.cat\/wp-content\/uploads\/2026\/03\/Tendinitis-de-tenista-que-es-por-que-aparece-y-como-tratarla-__-768x226.png 768w, https:\/\/www.fisiobalance.cat\/wp-content\/uploads\/2026\/03\/Tendinitis-de-tenista-que-es-por-que-aparece-y-como-tratarla-__-1536x453.png 1536w, https:\/\/www.fisiobalance.cat\/wp-content\/uploads\/2026\/03\/Tendinitis-de-tenista-que-es-por-que-aparece-y-como-tratarla-__-2048x603.png 2048w, https:\/\/www.fisiobalance.cat\/wp-content\/uploads\/2026\/03\/Tendinitis-de-tenista-que-es-por-que-aparece-y-como-tratarla-__-700x206.png 700w, https:\/\/www.fisiobalance.cat\/wp-content\/uploads\/2026\/03\/Tendinitis-de-tenista-que-es-por-que-aparece-y-como-tratarla-__-600x177.png 600w\" sizes=\"auto, (max-width: 804px) 100vw, 804px\" \/><\/p>\n<p class=\"cvGsUA direction-ltr align-start para-style-body\"><span class=\"a_GcMg font-feature-liga-off font-feature-clig-off font-feature-calt-off text-decoration-none text-strikethrough-none\">El llamado \u201ccodo de tenista\u201d o epicondilitis<\/span><strong><span class=\"a_GcMg font-feature-liga-off font-feature-clig-off font-feature-calt-off text-decoration-none text-strikethrough-none\"> es una de las lesiones m\u00e1s frecuentes en el brazo<\/span><\/strong><span class=\"a_GcMg font-feature-liga-off font-feature-clig-off font-feature-calt-off text-decoration-none text-strikethrough-none\"><strong>,<\/strong> especialmente en personas que realizan movimientos repetitivos con la mano y la mu\u00f1eca.<\/span><\/p>\n<p class=\"cvGsUA direction-ltr align-start para-style-body\"><span class=\"a_GcMg font-feature-liga-off font-feature-clig-off font-feature-calt-off text-decoration-none text-strikethrough-none\">Aunque su nombre est\u00e1 asociado al tenis, lo cierto es que muchas personas que nunca han jugado a este deporte <\/span><strong><span class=\"a_GcMg font-feature-liga-off font-feature-clig-off font-feature-calt-off text-decoration-none text-strikethrough-none\">tambi\u00e9n la padecen<\/span><span class=\"a_GcMg font-feature-liga-off font-feature-clig-off font-feature-calt-off text-decoration-none text-strikethrough-none\">.<\/span><\/strong><\/p>\n<p class=\"cvGsUA direction-ltr align-start para-style-body\"><span class=\"a_GcMg font-feature-liga-off font-feature-clig-off font-feature-calt-off text-decoration-none text-strikethrough-none\">En <\/span><strong><span class=\"a_GcMg font-feature-liga-off font-feature-clig-off font-feature-calt-off text-decoration-none text-strikethrough-none\">Fisiobalance Castelldefels<\/span><\/strong><span class=\"a_GcMg font-feature-liga-off font-feature-clig-off font-feature-calt-off text-decoration-none text-strikethrough-none\">, tratamos esta patolog\u00eda con frecuencia en profesionales que trabajan con ordenador, herramientas manuales o actividades que requieren agarre repetido.<\/span><\/p>\n<p class=\"cvGsUA direction-ltr align-start para-style-body\"><span class=\"a_GcMg font-feature-liga-off font-feature-clig-off font-feature-calt-off text-decoration-none text-strikethrough-none\">Comprender el origen de esta lesi\u00f3n es fundamental para tratarla correctamente y evitar que el dolor se se vuelva cr\u00f3nico.<\/span><\/p>\n<p>&nbsp;<\/p>\n<h2 class=\"cvGsUA direction-ltr align-start para-style-body\"><span class=\"a_GcMg font-feature-liga-off font-feature-clig-off font-feature-calt-off text-decoration-none text-strikethrough-none\">\u00bfQu\u00e9 es la epicondilitis?<\/span><\/h2>\n<p class=\"cvGsUA direction-ltr align-start para-style-body\"><span class=\"a_GcMg font-feature-liga-off font-feature-clig-off font-feature-calt-off text-decoration-none text-strikethrough-none\">La epicondilitis es una lesi\u00f3n que afecta a los <\/span><strong><span class=\"a_GcMg font-feature-liga-off font-feature-clig-off font-feature-calt-off text-decoration-none text-strikethrough-none\">tendones<\/span><\/strong><span class=\"a_GcMg font-feature-liga-off font-feature-clig-off font-feature-calt-off text-decoration-none text-strikethrough-none\"> que conectan los m\u00fasculos del antebrazo con la parte externa del codo, concretamente en la zona llamada epic\u00f3ndilo lateral del h\u00famero.<\/span><\/p>\n<p class=\"cvGsUA direction-ltr align-start para-style-body\"><span class=\"a_GcMg font-feature-liga-off font-feature-clig-off font-feature-calt-off text-decoration-none text-strikethrough-none\">Estos m\u00fasculos son responsables de<\/span><strong><span class=\"a_GcMg font-feature-liga-off font-feature-clig-off font-feature-calt-off text-decoration-none text-strikethrough-none\"> extender la mu\u00f1eca y los dedos<\/span><span class=\"a_GcMg font-feature-liga-off font-feature-clig-off font-feature-calt-off text-decoration-none text-strikethrough-none\">,<\/span><span class=\"a_GcMg font-feature-liga-off font-feature-clig-off font-feature-calt-off text-decoration-none text-strikethrough-none\"> adem\u00e1s de participar en la fuerza de agarre<\/span><\/strong><span class=\"a_GcMg font-feature-liga-off font-feature-clig-off font-feature-calt-off text-decoration-none text-strikethrough-none\"><strong>.<\/strong> Cuando se someten a una carga repetida o excesiva, pueden sufrir microlesiones en el tend\u00f3n, lo que provoca dolor e inflamaci\u00f3n.<\/span><\/p>\n<p class=\"cvGsUA direction-ltr align-start para-style-body\"><span class=\"a_GcMg font-feature-liga-off font-feature-clig-off font-feature-calt-off text-decoration-none text-strikethrough-none\">En fases iniciales, la lesi\u00f3n puede manifestarse como una simple molestia tras realizar ciertos movimientos. Sin embargo, si no se trata adecuadamente, el dolor puede volverse m\u00e1s intenso y persistente.<\/span><\/p>\n<p class=\"cvGsUA direction-ltr align-start para-style-body\">\n<h2 class=\"cvGsUA direction-ltr align-start para-style-body\"><span class=\"a_GcMg font-feature-liga-off font-feature-clig-off font-feature-calt-off text-decoration-none text-strikethrough-none\">S\u00edntomas m\u00e1s habituales<\/span><\/h2>\n<p class=\"cvGsUA direction-ltr align-start para-style-body\"><span class=\"a_GcMg font-feature-liga-off font-feature-clig-off font-feature-calt-off text-decoration-none text-strikethrough-none\">Los s\u00edntomas de la epicondilitis <\/span><strong><span class=\"a_GcMg font-feature-liga-off font-feature-clig-off font-feature-calt-off text-decoration-none text-strikethrough-none\">suelen aparecer de forma progresiva y pueden empeorar con el tiempo.<\/span><\/strong><\/p>\n<p class=\"cvGsUA direction-ltr align-start para-style-body\"><span class=\"a_GcMg font-feature-liga-off font-feature-clig-off font-feature-calt-off text-decoration-none text-strikethrough-none\">Los m\u00e1s frecuentes son:<\/span><\/p>\n<ul>\n<li><span class=\"a_GcMg font-feature-liga-off font-feature-clig-off font-feature-calt-off text-decoration-none text-strikethrough-none\">Dolor en la parte externa del codo<\/span><\/li>\n<li><span class=\"a_GcMg font-feature-liga-off font-feature-clig-off font-feature-calt-off text-decoration-none text-strikethrough-none\">Molestia al agarrar objetos o hacer fuerza con la mano<\/span><\/li>\n<li><span class=\"a_GcMg font-feature-liga-off font-feature-clig-off font-feature-calt-off text-decoration-none text-strikethrough-none\">Dolor al girar la mu\u00f1eca o levantar peso<\/span><\/li>\n<li><span class=\"a_GcMg font-feature-liga-off font-feature-clig-off font-feature-calt-off text-decoration-none text-strikethrough-none\">Sensaci\u00f3n de debilidad en el antebrazo<\/span><\/li>\n<li><span class=\"a_GcMg font-feature-liga-off font-feature-clig-off font-feature-calt-off text-decoration-none text-strikethrough-none\">Dolor que puede irradiarse hacia el antebrazo o la mu\u00f1eca<\/span><\/li>\n<\/ul>\n<p class=\"cvGsUA direction-ltr align-start para-style-body\"><span class=\"a_GcMg font-feature-liga-off font-feature-clig-off font-feature-calt-off text-decoration-none text-strikethrough-none\">Muchas personas notan que <\/span><strong><span class=\"a_GcMg font-feature-liga-off font-feature-clig-off font-feature-calt-off text-decoration-none text-strikethrough-none\">actividades tan simples<\/span><\/strong><span class=\"a_GcMg font-feature-liga-off font-feature-clig-off font-feature-calt-off text-decoration-none text-strikethrough-none\"> como abrir un frasco, levantar una bolsa o coger una taza pueden resultar inc\u00f3modas o dolorosas.<\/span><\/p>\n<p class=\"cvGsUA direction-ltr align-start para-style-body\"><span class=\"a_GcMg font-feature-liga-off font-feature-clig-off font-feature-calt-off text-decoration-none text-strikethrough-none\">En algunos casos, el dolor tambi\u00e9n puede aparecer al presionar la zona externa del codo.<\/span><\/p>\n<p>&nbsp;<\/p>\n<h2 class=\"cvGsUA direction-ltr align-start para-style-body\"><span class=\"a_GcMg font-feature-liga-off font-feature-clig-off font-feature-calt-off text-decoration-none text-strikethrough-none\">Por qu\u00e9 aparece la epicondilitis<\/span><\/h2>\n<p class=\"cvGsUA direction-ltr align-start para-style-body\"><span class=\"a_GcMg font-feature-liga-off font-feature-clig-off font-feature-calt-off text-decoration-none text-strikethrough-none\">La causa principal de esta lesi\u00f3n suele ser la <\/span><strong><span class=\"a_GcMg font-feature-liga-off font-feature-clig-off font-feature-calt-off text-decoration-none text-strikethrough-none\">sobrecarga repetitiva<\/span><\/strong><span class=\"a_GcMg font-feature-liga-off font-feature-clig-off font-feature-calt-off text-decoration-none text-strikethrough-none\"> de los tendones del antebrazo.<\/span><\/p>\n<p class=\"cvGsUA direction-ltr align-start para-style-body\"><span class=\"a_GcMg font-feature-liga-off font-feature-clig-off font-feature-calt-off text-decoration-none text-strikethrough-none\">Entre los factores que pueden favorecer su aparici\u00f3n encontramos:<\/span><\/p>\n<ul>\n<li><span class=\"a_GcMg font-feature-liga-off font-feature-clig-off font-feature-calt-off text-decoration-none text-strikethrough-none\">Movimientos repetitivos de mu\u00f1eca y mano<\/span><\/li>\n<li><span class=\"a_GcMg font-feature-liga-off font-feature-clig-off font-feature-calt-off text-decoration-none text-strikethrough-none\">Uso prolongado del ordenador o del rat\u00f3n<\/span><\/li>\n<li><span class=\"a_GcMg font-feature-liga-off font-feature-clig-off font-feature-calt-off text-decoration-none text-strikethrough-none\">Trabajos manuales con herramientas<\/span><\/li>\n<li><span class=\"a_GcMg font-feature-liga-off font-feature-clig-off font-feature-calt-off text-decoration-none text-strikethrough-none\">Actividades deportivas que implican agarre o golpeo<\/span><\/li>\n<li><span class=\"a_GcMg font-feature-liga-off font-feature-clig-off font-feature-calt-off text-decoration-none text-strikethrough-none\">Aumento repentino de actividad f\u00edsica<\/span><\/li>\n<li><span class=\"a_GcMg font-feature-liga-off font-feature-clig-off font-feature-calt-off text-decoration-none text-strikethrough-none\">Debilidad muscular o falta de descanso<\/span><\/li>\n<li><span class=\"a_GcMg font-feature-liga-off font-feature-clig-off font-feature-calt-off text-decoration-none text-strikethrough-none\">T\u00e9cnica deportiva incorrecta<\/span><\/li>\n<\/ul>\n<p class=\"cvGsUA direction-ltr align-start para-style-body\"><span class=\"a_GcMg font-feature-liga-off font-feature-clig-off font-feature-calt-off text-decoration-none text-strikethrough-none\">Cuando el tend\u00f3n se somete a una carga repetida sin tiempo suficiente de recuperaci\u00f3n, se produce una acumulaci\u00f3n de microlesiones que termina generando dolor<\/span><\/p>\n<p class=\"cvGsUA direction-ltr align-start para-style-body\">\n<h2 class=\"cvGsUA direction-ltr align-start para-style-body\"><span class=\"a_GcMg font-feature-liga-off font-feature-clig-off font-feature-calt-off text-decoration-none text-strikethrough-none\">Diagnostico<\/span><\/h2>\n<p class=\"cvGsUA direction-ltr align-start para-style-body\"><span class=\"a_GcMg font-feature-liga-off font-feature-clig-off font-feature-calt-off text-decoration-none text-strikethrough-none\">El diagn\u00f3stico de la epicondilitis suele basarse en la <\/span><strong><span class=\"a_GcMg font-feature-liga-off font-feature-clig-off font-feature-calt-off text-decoration-none text-strikethrough-none\">exploraci\u00f3n cl\u00ednica<\/span><\/strong><span class=\"a_GcMg font-feature-liga-off font-feature-clig-off font-feature-calt-off text-decoration-none text-strikethrough-none\"> realizada por el fisioterapeuta o profesional sanitario<\/span><\/p>\n<p class=\"cvGsUA direction-ltr align-start para-style-body\"><span class=\"a_GcMg font-feature-liga-off font-feature-clig-off font-feature-calt-off text-decoration-none text-strikethrough-none\">Durante la valoraci\u00f3n se analizan aspectos como:<\/span><\/p>\n<ul>\n<li><span class=\"a_GcMg font-feature-liga-off font-feature-clig-off font-feature-calt-off text-decoration-none text-strikethrough-none\">Localizaci\u00f3n del dolor<\/span><\/li>\n<li><span class=\"a_GcMg font-feature-liga-off font-feature-clig-off font-feature-calt-off text-decoration-none text-strikethrough-none\">Movimientos que lo provocan<\/span><\/li>\n<li><span class=\"a_GcMg font-feature-liga-off font-feature-clig-off font-feature-calt-off text-decoration-none text-strikethrough-none\">Fuerza de agarre<\/span><\/li>\n<li><span class=\"a_GcMg font-feature-liga-off font-feature-clig-off font-feature-calt-off text-decoration-none text-strikethrough-none\">Movilidad del codo y la mu\u00f1eca<\/span><\/li>\n<li><span class=\"a_GcMg font-feature-liga-off font-feature-clig-off font-feature-calt-off text-decoration-none text-strikethrough-none\">Posibles factores que hayan desencadenado la lesi\u00f3n<\/span><\/li>\n<\/ul>\n<p class=\"cvGsUA direction-ltr align-start para-style-body\"><span class=\"a_GcMg font-feature-liga-off font-feature-clig-off font-feature-calt-off text-decoration-none text-strikethrough-none\">En la mayor\u00eda de los casos, no es necesario realizar pruebas de imagen, aunque en situaciones persistentes pueden solicitarse para descartar otras patolog\u00edas.<\/span><\/p>\n<p>&nbsp;<\/p>\n<h2 class=\"cvGsUA direction-ltr align-start para-style-body\"><span class=\"a_GcMg font-feature-liga-off font-feature-clig-off font-feature-calt-off text-decoration-none text-strikethrough-none\">C\u00f3mo puede ayudarte la fisioterapia:<\/span><\/h2>\n<p class=\"cvGsUA direction-ltr align-start para-style-body\"><span class=\"a_GcMg font-feature-liga-off font-feature-clig-off font-feature-calt-off text-decoration-none text-strikethrough-none\">La <\/span><strong><span class=\"a_GcMg font-feature-liga-off font-feature-clig-off font-feature-calt-off text-decoration-none text-strikethrough-none\">fisioterapia<\/span><\/strong><span class=\"a_GcMg font-feature-liga-off font-feature-clig-off font-feature-calt-off text-decoration-none text-strikethrough-none\"> es uno de los <\/span><strong><span class=\"a_GcMg font-feature-liga-off font-feature-clig-off font-feature-calt-off text-decoration-none text-strikethrough-none\">tratamientos m\u00e1s eficaces para la epicondilitis<\/span><\/strong><span class=\"a_GcMg font-feature-liga-off font-feature-clig-off font-feature-calt-off text-decoration-none text-strikethrough-none\">, especialmente cuando se aborda de forma temprana.<\/span><\/p>\n<p class=\"cvGsUA direction-ltr align-start para-style-body\"><span class=\"a_GcMg font-feature-liga-off font-feature-clig-off font-feature-calt-off text-decoration-none text-strikethrough-none\">El objetivo del tratamiento no es solo aliviar el dolor, sino tambi\u00e9n recuperar la funci\u00f3n del tend\u00f3n y evitar reca\u00eddas.<\/span><\/p>\n<p class=\"cvGsUA direction-ltr align-start para-style-body\"><span class=\"a_GcMg font-feature-liga-off font-feature-clig-off font-feature-calt-off text-decoration-none text-strikethrough-none\">En Fisiobalance Castelldefels, el tratamiento suele incluir:<\/span><\/p>\n<ul>\n<li><span class=\"a_GcMg font-feature-liga-off font-feature-clig-off font-feature-calt-off text-decoration-none text-strikethrough-none\">Terapia manual para descargar la musculatura del antebrazo<\/span><\/li>\n<li><span class=\"a_GcMg font-feature-liga-off font-feature-clig-off font-feature-calt-off text-decoration-none text-strikethrough-none\">T\u00e9cnicas para mejorar la movilidad del codo y la mu\u00f1eca<\/span><\/li>\n<li><span class=\"a_GcMg font-feature-liga-off font-feature-clig-off font-feature-calt-off text-decoration-none text-strikethrough-none\">Tratamiento de los puntos de tensi\u00f3n muscular<\/span><\/li>\n<li><span class=\"a_GcMg font-feature-liga-off font-feature-clig-off font-feature-calt-off text-decoration-none text-strikethrough-none\">Ejercicios espec\u00edficos para fortalecer progresivamente el tend\u00f3n<\/span><\/li>\n<li><span class=\"a_GcMg font-feature-liga-off font-feature-clig-off font-feature-calt-off text-decoration-none text-strikethrough-none\">Correcci\u00f3n de gestos o h\u00e1bitos que generan sobrecarga<\/span><\/li>\n<\/ul>\n<p class=\"cvGsUA direction-ltr align-start para-style-body\"><span class=\"a_GcMg font-feature-liga-off font-feature-clig-off font-feature-calt-off text-decoration-none text-strikethrough-none\">Adem\u00e1s de todas estas t\u00e9cnicas, en algunos casos se puede complementar con <\/span><strong><span class=\"a_GcMg font-feature-liga-off font-feature-clig-off font-feature-calt-off text-decoration-none text-strikethrough-none\">INDIBA Activ<\/span><\/strong><span class=\"a_GcMg font-feature-liga-off font-feature-clig-off font-feature-calt-off text-decoration-none text-strikethrough-none\">, una tecnolog\u00eda de radiofrecuencia que ayuda a estimular la regeneraci\u00f3n del tejido, mejorar la circulaci\u00f3n local y acelerar la recuperaci\u00f3n.<\/span><\/p>\n<p class=\"cvGsUA direction-ltr align-start para-style-body\">\n<h2 class=\"cvGsUA direction-ltr align-start para-style-body\"><span class=\"a_GcMg font-feature-liga-off font-feature-clig-off font-feature-calt-off text-decoration-none text-strikethrough-none\">\u00bfQu\u00e9 puedes hacer para prevenir?<\/span><\/h2>\n<p class=\"cvGsUA direction-ltr align-start para-style-body\"><span class=\"a_GcMg font-feature-liga-off font-feature-clig-off font-feature-calt-off text-decoration-none text-strikethrough-none\">Adem\u00e1s del tratamiento fisioterap\u00e9utico, existen algunas recomendaciones que pueden ayudar a prevenir o reducir el riesgo de epicondilitis:<\/span><\/p>\n<ul>\n<li><span class=\"a_GcMg font-feature-liga-off font-feature-clig-off font-feature-calt-off text-decoration-none text-strikethrough-none\">Evitar sobrecargas repetitivas sin descanso<\/span><\/li>\n<li><span class=\"a_GcMg font-feature-liga-off font-feature-clig-off font-feature-calt-off text-decoration-none text-strikethrough-none\">Realizar pausas durante actividades prolongadas<\/span><\/li>\n<li><span class=\"a_GcMg font-feature-liga-off font-feature-clig-off font-feature-calt-off text-decoration-none text-strikethrough-none\">Mejorar la ergonom\u00eda en el trabajo<\/span><\/li>\n<li><span class=\"a_GcMg font-feature-liga-off font-feature-clig-off font-feature-calt-off text-decoration-none text-strikethrough-none\">Fortalecer la musculatura del antebrazo<\/span><\/li>\n<li><span class=\"a_GcMg font-feature-liga-off font-feature-clig-off font-feature-calt-off text-decoration-none text-strikethrough-none\">Calentar correctamente antes de practicar deporte<\/span><\/li>\n<\/ul>\n<p class=\"cvGsUA direction-ltr align-start para-style-body\"><span class=\"a_GcMg font-feature-liga-off font-feature-clig-off font-feature-calt-off text-decoration-none text-strikethrough-none\">Escuchar las se\u00f1ales del cuerpo es fundamental. Una molestia persistente en el codo no deber\u00eda ignorarse.<\/span><\/p>\n<p class=\"cvGsUA direction-ltr align-start para-style-body\"><span class=\"a_GcMg font-feature-liga-off font-feature-clig-off font-feature-calt-off text-decoration-none text-strikethrough-none\">La epicondilitis o codo de tenista es una <\/span><strong><span class=\"a_GcMg font-feature-liga-off font-feature-clig-off font-feature-calt-off text-decoration-none text-strikethrough-none\">lesi\u00f3n frecuente<\/span><\/strong><span class=\"a_GcMg font-feature-liga-off font-feature-clig-off font-feature-calt-off text-decoration-none text-strikethrough-none\">, pero con un tratamiento adecuado suele tener una <\/span><strong><span class=\"a_GcMg font-feature-liga-off font-feature-clig-off font-feature-calt-off text-decoration-none text-strikethrough-none\">evoluci\u00f3n favorable.<\/span><\/strong><\/p>\n<p class=\"cvGsUA direction-ltr align-start para-style-body\"><span class=\"a_GcMg font-feature-liga-off font-feature-clig-off font-feature-calt-off text-decoration-none text-strikethrough-none\">Un enfoque basado en fisioterapia, ejercicios espec\u00edficos y correcci\u00f3n de h\u00e1bitos permite reducir el dolor,<\/span><strong><span class=\"a_GcMg font-feature-liga-off font-feature-clig-off font-feature-calt-off text-decoration-none text-strikethrough-none\"> recuperar la funci\u00f3n del brazo y prevenir que el problema se repita.<\/span><\/strong><\/p>\n<p class=\"cvGsUA direction-ltr align-start para-style-body\">\n<p class=\"cvGsUA direction-ltr align-start para-style-body\"><span class=\"a_GcMg font-feature-liga-off font-feature-clig-off font-feature-calt-off text-decoration-none text-strikethrough-none\">\ud83d\udc49 Si sientes dolor en el codo o en el antebrazo que no desaparece, en <\/span><strong><span class=\"a_GcMg font-feature-liga-off font-feature-clig-off font-feature-calt-off text-decoration-none text-strikethrough-none\">Fisiobalance Castelldefels<\/span><\/strong><span class=\"a_GcMg font-feature-liga-off font-feature-clig-off font-feature-calt-off text-decoration-none text-strikethrough-none\"> podemos ayudarte a encontrar la causa y tratarla de forma personalizada.<\/span><\/p>\n<p class=\"cvGsUA direction-ltr align-start para-style-body\"><span class=\"a_GcMg font-feature-liga-off font-feature-clig-off font-feature-calt-off text-decoration-none text-strikethrough-none\">Reserva tu cita y empieza a tratar tu lesi\u00f3n.<\/span><\/p>\n<p>&nbsp;<\/p>\n<p><img loading=\"lazy\" decoding=\"async\" class=\"aligncenter  wp-image-4796\" src=\"https:\/\/www.fisiobalance.cat\/wp-content\/uploads\/2024\/08\/Envianos-un-WhatsApp--300x88.png\" alt=\"\" width=\"795\" height=\"233\" srcset=\"https:\/\/www.fisiobalance.cat\/wp-content\/uploads\/2024\/08\/Envianos-un-WhatsApp--300x88.png 300w, https:\/\/www.fisiobalance.cat\/wp-content\/uploads\/2024\/08\/Envianos-un-WhatsApp--1024x302.png 1024w, https:\/\/www.fisiobalance.cat\/wp-content\/uploads\/2024\/08\/Envianos-un-WhatsApp--768x226.png 768w, https:\/\/www.fisiobalance.cat\/wp-content\/uploads\/2024\/08\/Envianos-un-WhatsApp--1536x453.png 1536w, https:\/\/www.fisiobalance.cat\/wp-content\/uploads\/2024\/08\/Envianos-un-WhatsApp--2048x603.png 2048w, https:\/\/www.fisiobalance.cat\/wp-content\/uploads\/2024\/08\/Envianos-un-WhatsApp--700x206.png 700w, https:\/\/www.fisiobalance.cat\/wp-content\/uploads\/2024\/08\/Envianos-un-WhatsApp--600x177.png 600w\" sizes=\"auto, (max-width: 795px) 100vw, 795px\" \/><\/p>\n","protected":false},"excerpt":{"rendered":"<p>El llamado \u201ccodo de tenista\u201d o epicondilitis es una de las lesiones m\u00e1s frecuentes en el brazo, especialmente en personas que realizan movimientos repetitivos con la mano y la mu\u00f1eca. Aunque su nombre est\u00e1 asociado al tenis, lo cierto es que muchas personas que nunca&#8230;<\/p>\n","protected":false},"author":4,"featured_media":10320,"comment_status":"open","ping_status":"open","sticky":false,"template":"","format":"standard","meta":{"footnotes":""},"categories":[390,302,265,246,277,285,304],"tags":[34,266,258,66,254,255,272],"class_list":["post-10315","post","type-post","status-publish","format-standard","has-post-thumbnail","hentry","category-codo-de-tenista","category-deporte","category-fisiobalance-castelldefels","category-fisioterapia","category-indiba-activ","category-masaje-deportivo","category-vida-saludable","tag-castelldefels","tag-fisiobalance","tag-fisiobalance-castelldefels","tag-fisioterapia","tag-fisioterapia-castelldefels","tag-fisioterapia-personalizada","tag-indiba-activ"],"yoast_head":"<!-- This site is optimized with the Yoast SEO plugin v26.3 - https:\/\/yoast.com\/wordpress\/plugins\/seo\/ -->\n<title>Tendinitis de tenista (Epicondilitis): qu\u00e9 es, por qu\u00e9 aparece y c\u00f3mo tratarla - Fisiobalance<\/title>\n<meta name=\"description\" content=\"El llamado \u201ccodo de tenista\u201d o epicondilitis es una de las lesiones m\u00e1s frecuentes en el brazo, especialmente en personas que realizan movimientos repetitivos con la mano y la mu\u00f1eca.\" \/>\n<meta name=\"robots\" content=\"index, follow, max-snippet:-1, max-image-preview:large, max-video-preview:-1\" \/>\n<link rel=\"canonical\" href=\"https:\/\/www.fisiobalance.cat\/tendinitis-de-tenista-epicondilitis-que-es-por-que-aparece-y-como-tratarla\/\" \/>\n<meta property=\"og:locale\" content=\"en_US\" \/>\n<meta property=\"og:type\" content=\"article\" \/>\n<meta property=\"og:title\" content=\"Tendinitis de tenista (Epicondilitis): qu\u00e9 es, por qu\u00e9 aparece y c\u00f3mo tratarla - Fisiobalance\" \/>\n<meta property=\"og:description\" content=\"El llamado \u201ccodo de tenista\u201d o epicondilitis es una de las lesiones m\u00e1s frecuentes en el brazo, especialmente en personas que realizan movimientos repetitivos con la mano y la mu\u00f1eca.\" \/>\n<meta property=\"og:url\" content=\"https:\/\/www.fisiobalance.cat\/tendinitis-de-tenista-epicondilitis-que-es-por-que-aparece-y-como-tratarla\/\" \/>\n<meta property=\"og:site_name\" content=\"Fisiobalance\" \/>\n<meta property=\"article:published_time\" content=\"2026-03-27T09:23:06+00:00\" \/>\n<meta property=\"og:image\" content=\"https:\/\/www.fisiobalance.cat\/wp-content\/uploads\/2026\/03\/Tendinitis-de-tenista-que-es-por-que-aparece-y-como-tratarla-_.png\" \/>\n\t<meta property=\"og:image:width\" content=\"1080\" \/>\n\t<meta property=\"og:image:height\" content=\"1080\" \/>\n\t<meta property=\"og:image:type\" content=\"image\/png\" \/>\n<meta name=\"author\" content=\"Judith B.\" \/>\n<meta name=\"twitter:card\" content=\"summary_large_image\" \/>\n<meta name=\"twitter:label1\" content=\"Written by\" \/>\n\t<meta name=\"twitter:data1\" content=\"Judith B.\" \/>\n\t<meta name=\"twitter:label2\" content=\"Est. reading time\" \/>\n\t<meta name=\"twitter:data2\" content=\"4 minutes\" \/>\n<script type=\"application\/ld+json\" class=\"yoast-schema-graph\">{\"@context\":\"https:\/\/schema.org\",\"@graph\":[{\"@type\":\"Article\",\"@id\":\"https:\/\/www.fisiobalance.cat\/tendinitis-de-tenista-epicondilitis-que-es-por-que-aparece-y-como-tratarla\/#article\",\"isPartOf\":{\"@id\":\"https:\/\/www.fisiobalance.cat\/tendinitis-de-tenista-epicondilitis-que-es-por-que-aparece-y-como-tratarla\/\"},\"author\":{\"name\":\"Judith B.\",\"@id\":\"https:\/\/www.fisiobalance.cat\/#\/schema\/person\/d13995e8461df82666781bd895eb057b\"},\"headline\":\"Tendinitis de tenista (Epicondilitis): qu\u00e9 es, por qu\u00e9 aparece y c\u00f3mo tratarla\",\"datePublished\":\"2026-03-27T09:23:06+00:00\",\"mainEntityOfPage\":{\"@id\":\"https:\/\/www.fisiobalance.cat\/tendinitis-de-tenista-epicondilitis-que-es-por-que-aparece-y-como-tratarla\/\"},\"wordCount\":832,\"commentCount\":0,\"publisher\":{\"@id\":\"https:\/\/www.fisiobalance.cat\/#organization\"},\"image\":{\"@id\":\"https:\/\/www.fisiobalance.cat\/tendinitis-de-tenista-epicondilitis-que-es-por-que-aparece-y-como-tratarla\/#primaryimage\"},\"thumbnailUrl\":\"https:\/\/www.fisiobalance.cat\/wp-content\/uploads\/2026\/03\/Tendinitis-de-tenista-que-es-por-que-aparece-y-como-tratarla-_.png\",\"keywords\":[\"castelldefels\",\"fisiobalance\",\"FisioBalance Castelldefels\",\"fisioterapia\",\"Fisioterapia Castelldefels\",\"Fisioterapia personalizada\",\"INDIBA Activ\"],\"articleSection\":[\"Codo de tenista\",\"Deporte\",\"Fisiobalance Castelldefels\",\"Fisioterapia\",\"INDIBA Activ\",\"Masaje deportivo\",\"Vida saludable\"],\"inLanguage\":\"en-US\",\"potentialAction\":[{\"@type\":\"CommentAction\",\"name\":\"Comment\",\"target\":[\"https:\/\/www.fisiobalance.cat\/tendinitis-de-tenista-epicondilitis-que-es-por-que-aparece-y-como-tratarla\/#respond\"]}]},{\"@type\":\"WebPage\",\"@id\":\"https:\/\/www.fisiobalance.cat\/tendinitis-de-tenista-epicondilitis-que-es-por-que-aparece-y-como-tratarla\/\",\"url\":\"https:\/\/www.fisiobalance.cat\/tendinitis-de-tenista-epicondilitis-que-es-por-que-aparece-y-como-tratarla\/\",\"name\":\"Tendinitis de tenista (Epicondilitis): qu\u00e9 es, por qu\u00e9 aparece y c\u00f3mo tratarla - Fisiobalance\",\"isPartOf\":{\"@id\":\"https:\/\/www.fisiobalance.cat\/#website\"},\"primaryImageOfPage\":{\"@id\":\"https:\/\/www.fisiobalance.cat\/tendinitis-de-tenista-epicondilitis-que-es-por-que-aparece-y-como-tratarla\/#primaryimage\"},\"image\":{\"@id\":\"https:\/\/www.fisiobalance.cat\/tendinitis-de-tenista-epicondilitis-que-es-por-que-aparece-y-como-tratarla\/#primaryimage\"},\"thumbnailUrl\":\"https:\/\/www.fisiobalance.cat\/wp-content\/uploads\/2026\/03\/Tendinitis-de-tenista-que-es-por-que-aparece-y-como-tratarla-_.png\",\"datePublished\":\"2026-03-27T09:23:06+00:00\",\"description\":\"El llamado \u201ccodo de tenista\u201d o epicondilitis es una de las lesiones m\u00e1s frecuentes en el brazo, especialmente en personas que realizan movimientos repetitivos con la mano y la mu\u00f1eca.\",\"breadcrumb\":{\"@id\":\"https:\/\/www.fisiobalance.cat\/tendinitis-de-tenista-epicondilitis-que-es-por-que-aparece-y-como-tratarla\/#breadcrumb\"},\"inLanguage\":\"en-US\",\"potentialAction\":[{\"@type\":\"ReadAction\",\"target\":[\"https:\/\/www.fisiobalance.cat\/tendinitis-de-tenista-epicondilitis-que-es-por-que-aparece-y-como-tratarla\/\"]}]},{\"@type\":\"ImageObject\",\"inLanguage\":\"en-US\",\"@id\":\"https:\/\/www.fisiobalance.cat\/tendinitis-de-tenista-epicondilitis-que-es-por-que-aparece-y-como-tratarla\/#primaryimage\",\"url\":\"https:\/\/www.fisiobalance.cat\/wp-content\/uploads\/2026\/03\/Tendinitis-de-tenista-que-es-por-que-aparece-y-como-tratarla-_.png\",\"contentUrl\":\"https:\/\/www.fisiobalance.cat\/wp-content\/uploads\/2026\/03\/Tendinitis-de-tenista-que-es-por-que-aparece-y-como-tratarla-_.png\",\"width\":1080,\"height\":1080},{\"@type\":\"BreadcrumbList\",\"@id\":\"https:\/\/www.fisiobalance.cat\/tendinitis-de-tenista-epicondilitis-que-es-por-que-aparece-y-como-tratarla\/#breadcrumb\",\"itemListElement\":[{\"@type\":\"ListItem\",\"position\":1,\"name\":\"Portada\",\"item\":\"https:\/\/www.fisiobalance.cat\/en\/\"},{\"@type\":\"ListItem\",\"position\":2,\"name\":\"Tendinitis de tenista (Epicondilitis): qu\u00e9 es, por qu\u00e9 aparece y c\u00f3mo tratarla\"}]},{\"@type\":\"WebSite\",\"@id\":\"https:\/\/www.fisiobalance.cat\/#website\",\"url\":\"https:\/\/www.fisiobalance.cat\/\",\"name\":\"Fisiobalance\",\"description\":\"\",\"publisher\":{\"@id\":\"https:\/\/www.fisiobalance.cat\/#organization\"},\"potentialAction\":[{\"@type\":\"SearchAction\",\"target\":{\"@type\":\"EntryPoint\",\"urlTemplate\":\"https:\/\/www.fisiobalance.cat\/?s={search_term_string}\"},\"query-input\":{\"@type\":\"PropertyValueSpecification\",\"valueRequired\":true,\"valueName\":\"search_term_string\"}}],\"inLanguage\":\"en-US\"},{\"@type\":\"Organization\",\"@id\":\"https:\/\/www.fisiobalance.cat\/#organization\",\"name\":\"Fisiobalance\",\"url\":\"https:\/\/www.fisiobalance.cat\/\",\"logo\":{\"@type\":\"ImageObject\",\"inLanguage\":\"en-US\",\"@id\":\"https:\/\/www.fisiobalance.cat\/#\/schema\/logo\/image\/\",\"url\":\"https:\/\/www.fisiobalance.cat\/wp-content\/uploads\/2018\/06\/fisiobalance_logo.png\",\"contentUrl\":\"https:\/\/www.fisiobalance.cat\/wp-content\/uploads\/2018\/06\/fisiobalance_logo.png\",\"width\":369,\"height\":53,\"caption\":\"Fisiobalance\"},\"image\":{\"@id\":\"https:\/\/www.fisiobalance.cat\/#\/schema\/logo\/image\/\"}},{\"@type\":\"Person\",\"@id\":\"https:\/\/www.fisiobalance.cat\/#\/schema\/person\/d13995e8461df82666781bd895eb057b\",\"name\":\"Judith B.\",\"image\":{\"@type\":\"ImageObject\",\"inLanguage\":\"en-US\",\"@id\":\"https:\/\/www.fisiobalance.cat\/#\/schema\/person\/image\/\",\"url\":\"https:\/\/secure.gravatar.com\/avatar\/8685e93a081991151a26aa2a7294e0eec35dc79370af6c42cd6313f871fc656b?s=96&d=mm&r=g\",\"contentUrl\":\"https:\/\/secure.gravatar.com\/avatar\/8685e93a081991151a26aa2a7294e0eec35dc79370af6c42cd6313f871fc656b?s=96&d=mm&r=g\",\"caption\":\"Judith B.\"},\"url\":\"https:\/\/www.fisiobalance.cat\/en\/author\/judith-barreiro\/\"}]}<\/script>\n<!-- \/ Yoast SEO plugin. -->","yoast_head_json":{"title":"Tendinitis de tenista (Epicondilitis): qu\u00e9 es, por qu\u00e9 aparece y c\u00f3mo tratarla - Fisiobalance","description":"El llamado \u201ccodo de tenista\u201d o epicondilitis es una de las lesiones m\u00e1s frecuentes en el brazo, especialmente en personas que realizan movimientos repetitivos con la mano y la mu\u00f1eca.","robots":{"index":"index","follow":"follow","max-snippet":"max-snippet:-1","max-image-preview":"max-image-preview:large","max-video-preview":"max-video-preview:-1"},"canonical":"https:\/\/www.fisiobalance.cat\/tendinitis-de-tenista-epicondilitis-que-es-por-que-aparece-y-como-tratarla\/","og_locale":"en_US","og_type":"article","og_title":"Tendinitis de tenista (Epicondilitis): qu\u00e9 es, por qu\u00e9 aparece y c\u00f3mo tratarla - Fisiobalance","og_description":"El llamado \u201ccodo de tenista\u201d o epicondilitis es una de las lesiones m\u00e1s frecuentes en el brazo, especialmente en personas que realizan movimientos repetitivos con la mano y la mu\u00f1eca.","og_url":"https:\/\/www.fisiobalance.cat\/tendinitis-de-tenista-epicondilitis-que-es-por-que-aparece-y-como-tratarla\/","og_site_name":"Fisiobalance","article_published_time":"2026-03-27T09:23:06+00:00","og_image":[{"width":1080,"height":1080,"url":"https:\/\/www.fisiobalance.cat\/wp-content\/uploads\/2026\/03\/Tendinitis-de-tenista-que-es-por-que-aparece-y-como-tratarla-_.png","type":"image\/png"}],"author":"Judith B.","twitter_card":"summary_large_image","twitter_misc":{"Written by":"Judith B.","Est. reading time":"4 minutes"},"schema":{"@context":"https:\/\/schema.org","@graph":[{"@type":"Article","@id":"https:\/\/www.fisiobalance.cat\/tendinitis-de-tenista-epicondilitis-que-es-por-que-aparece-y-como-tratarla\/#article","isPartOf":{"@id":"https:\/\/www.fisiobalance.cat\/tendinitis-de-tenista-epicondilitis-que-es-por-que-aparece-y-como-tratarla\/"},"author":{"name":"Judith B.","@id":"https:\/\/www.fisiobalance.cat\/#\/schema\/person\/d13995e8461df82666781bd895eb057b"},"headline":"Tendinitis de tenista (Epicondilitis): qu\u00e9 es, por qu\u00e9 aparece y c\u00f3mo tratarla","datePublished":"2026-03-27T09:23:06+00:00","mainEntityOfPage":{"@id":"https:\/\/www.fisiobalance.cat\/tendinitis-de-tenista-epicondilitis-que-es-por-que-aparece-y-como-tratarla\/"},"wordCount":832,"commentCount":0,"publisher":{"@id":"https:\/\/www.fisiobalance.cat\/#organization"},"image":{"@id":"https:\/\/www.fisiobalance.cat\/tendinitis-de-tenista-epicondilitis-que-es-por-que-aparece-y-como-tratarla\/#primaryimage"},"thumbnailUrl":"https:\/\/www.fisiobalance.cat\/wp-content\/uploads\/2026\/03\/Tendinitis-de-tenista-que-es-por-que-aparece-y-como-tratarla-_.png","keywords":["castelldefels","fisiobalance","FisioBalance Castelldefels","fisioterapia","Fisioterapia Castelldefels","Fisioterapia personalizada","INDIBA Activ"],"articleSection":["Codo de tenista","Deporte","Fisiobalance Castelldefels","Fisioterapia","INDIBA Activ","Masaje deportivo","Vida saludable"],"inLanguage":"en-US","potentialAction":[{"@type":"CommentAction","name":"Comment","target":["https:\/\/www.fisiobalance.cat\/tendinitis-de-tenista-epicondilitis-que-es-por-que-aparece-y-como-tratarla\/#respond"]}]},{"@type":"WebPage","@id":"https:\/\/www.fisiobalance.cat\/tendinitis-de-tenista-epicondilitis-que-es-por-que-aparece-y-como-tratarla\/","url":"https:\/\/www.fisiobalance.cat\/tendinitis-de-tenista-epicondilitis-que-es-por-que-aparece-y-como-tratarla\/","name":"Tendinitis de tenista (Epicondilitis): qu\u00e9 es, por qu\u00e9 aparece y c\u00f3mo tratarla - Fisiobalance","isPartOf":{"@id":"https:\/\/www.fisiobalance.cat\/#website"},"primaryImageOfPage":{"@id":"https:\/\/www.fisiobalance.cat\/tendinitis-de-tenista-epicondilitis-que-es-por-que-aparece-y-como-tratarla\/#primaryimage"},"image":{"@id":"https:\/\/www.fisiobalance.cat\/tendinitis-de-tenista-epicondilitis-que-es-por-que-aparece-y-como-tratarla\/#primaryimage"},"thumbnailUrl":"https:\/\/www.fisiobalance.cat\/wp-content\/uploads\/2026\/03\/Tendinitis-de-tenista-que-es-por-que-aparece-y-como-tratarla-_.png","datePublished":"2026-03-27T09:23:06+00:00","description":"El llamado \u201ccodo de tenista\u201d o epicondilitis es una de las lesiones m\u00e1s frecuentes en el brazo, especialmente en personas que realizan movimientos repetitivos con la mano y la mu\u00f1eca.","breadcrumb":{"@id":"https:\/\/www.fisiobalance.cat\/tendinitis-de-tenista-epicondilitis-que-es-por-que-aparece-y-como-tratarla\/#breadcrumb"},"inLanguage":"en-US","potentialAction":[{"@type":"ReadAction","target":["https:\/\/www.fisiobalance.cat\/tendinitis-de-tenista-epicondilitis-que-es-por-que-aparece-y-como-tratarla\/"]}]},{"@type":"ImageObject","inLanguage":"en-US","@id":"https:\/\/www.fisiobalance.cat\/tendinitis-de-tenista-epicondilitis-que-es-por-que-aparece-y-como-tratarla\/#primaryimage","url":"https:\/\/www.fisiobalance.cat\/wp-content\/uploads\/2026\/03\/Tendinitis-de-tenista-que-es-por-que-aparece-y-como-tratarla-_.png","contentUrl":"https:\/\/www.fisiobalance.cat\/wp-content\/uploads\/2026\/03\/Tendinitis-de-tenista-que-es-por-que-aparece-y-como-tratarla-_.png","width":1080,"height":1080},{"@type":"BreadcrumbList","@id":"https:\/\/www.fisiobalance.cat\/tendinitis-de-tenista-epicondilitis-que-es-por-que-aparece-y-como-tratarla\/#breadcrumb","itemListElement":[{"@type":"ListItem","position":1,"name":"Portada","item":"https:\/\/www.fisiobalance.cat\/en\/"},{"@type":"ListItem","position":2,"name":"Tendinitis de tenista (Epicondilitis): qu\u00e9 es, por qu\u00e9 aparece y c\u00f3mo tratarla"}]},{"@type":"WebSite","@id":"https:\/\/www.fisiobalance.cat\/#website","url":"https:\/\/www.fisiobalance.cat\/","name":"Fisiobalance","description":"","publisher":{"@id":"https:\/\/www.fisiobalance.cat\/#organization"},"potentialAction":[{"@type":"SearchAction","target":{"@type":"EntryPoint","urlTemplate":"https:\/\/www.fisiobalance.cat\/?s={search_term_string}"},"query-input":{"@type":"PropertyValueSpecification","valueRequired":true,"valueName":"search_term_string"}}],"inLanguage":"en-US"},{"@type":"Organization","@id":"https:\/\/www.fisiobalance.cat\/#organization","name":"Fisiobalance","url":"https:\/\/www.fisiobalance.cat\/","logo":{"@type":"ImageObject","inLanguage":"en-US","@id":"https:\/\/www.fisiobalance.cat\/#\/schema\/logo\/image\/","url":"https:\/\/www.fisiobalance.cat\/wp-content\/uploads\/2018\/06\/fisiobalance_logo.png","contentUrl":"https:\/\/www.fisiobalance.cat\/wp-content\/uploads\/2018\/06\/fisiobalance_logo.png","width":369,"height":53,"caption":"Fisiobalance"},"image":{"@id":"https:\/\/www.fisiobalance.cat\/#\/schema\/logo\/image\/"}},{"@type":"Person","@id":"https:\/\/www.fisiobalance.cat\/#\/schema\/person\/d13995e8461df82666781bd895eb057b","name":"Judith B.","image":{"@type":"ImageObject","inLanguage":"en-US","@id":"https:\/\/www.fisiobalance.cat\/#\/schema\/person\/image\/","url":"https:\/\/secure.gravatar.com\/avatar\/8685e93a081991151a26aa2a7294e0eec35dc79370af6c42cd6313f871fc656b?s=96&d=mm&r=g","contentUrl":"https:\/\/secure.gravatar.com\/avatar\/8685e93a081991151a26aa2a7294e0eec35dc79370af6c42cd6313f871fc656b?s=96&d=mm&r=g","caption":"Judith B."},"url":"https:\/\/www.fisiobalance.cat\/en\/author\/judith-barreiro\/"}]}},"_links":{"self":[{"href":"https:\/\/www.fisiobalance.cat\/en\/wp-json\/wp\/v2\/posts\/10315","targetHints":{"allow":["GET"]}}],"collection":[{"href":"https:\/\/www.fisiobalance.cat\/en\/wp-json\/wp\/v2\/posts"}],"about":[{"href":"https:\/\/www.fisiobalance.cat\/en\/wp-json\/wp\/v2\/types\/post"}],"author":[{"embeddable":true,"href":"https:\/\/www.fisiobalance.cat\/en\/wp-json\/wp\/v2\/users\/4"}],"replies":[{"embeddable":true,"href":"https:\/\/www.fisiobalance.cat\/en\/wp-json\/wp\/v2\/comments?post=10315"}],"version-history":[{"count":1,"href":"https:\/\/www.fisiobalance.cat\/en\/wp-json\/wp\/v2\/posts\/10315\/revisions"}],"predecessor-version":[{"id":10324,"href":"https:\/\/www.fisiobalance.cat\/en\/wp-json\/wp\/v2\/posts\/10315\/revisions\/10324"}],"wp:featuredmedia":[{"embeddable":true,"href":"https:\/\/www.fisiobalance.cat\/en\/wp-json\/wp\/v2\/media\/10320"}],"wp:attachment":[{"href":"https:\/\/www.fisiobalance.cat\/en\/wp-json\/wp\/v2\/media?parent=10315"}],"wp:term":[{"taxonomy":"category","embeddable":true,"href":"https:\/\/www.fisiobalance.cat\/en\/wp-json\/wp\/v2\/categories?post=10315"},{"taxonomy":"post_tag","embeddable":true,"href":"https:\/\/www.fisiobalance.cat\/en\/wp-json\/wp\/v2\/tags?post=10315"}],"curies":[{"name":"wp","href":"https:\/\/api.w.org\/{rel}","templated":true}]}}