{"id":1381,"date":"2020-11-29T18:40:32","date_gmt":"2020-11-29T17:40:32","guid":{"rendered":"https:\/\/www.fisiobalance.cat\/?p=1381"},"modified":"2023-10-04T16:06:11","modified_gmt":"2023-10-04T14:06:11","slug":"dolor-de-cabeza-y-cervicales-existe-algun-tipo-de-relacion","status":"publish","type":"post","link":"https:\/\/www.fisiobalance.cat\/en\/dolor-de-cabeza-y-cervicales-existe-algun-tipo-de-relacion\/","title":{"rendered":"DOLOR DE CABEZA Y LAS CERVICALES"},"content":{"rendered":"<p style=\"text-align: left;\">El <strong>dolor de cabeza<\/strong> o <strong>cefalea<\/strong> es un s\u00edntoma y se refiere a cualquier tipo de dolor de cabeza localizado. Existen muchos tipos de cefaleas pero la m\u00e1s frecuente es la <strong>cefalea tensional<\/strong>. \u00c9sta es causada por <strong>tensi\u00f3n muscular<\/strong> y est\u00e1 muy relacionada con la cervicalgia o dolor cervical.<\/p>\n<p style=\"text-align: left;\">Muchos problemas de cefaleas tienen <strong>origen miofascial<\/strong> de la regi\u00f3n cervical, ya que algunos m\u00fasculos de la zona provocan dolor referido al cr\u00e1neo.<\/p>\n<h2>Los principales m\u00fasculos que pueden provocar cefaleas:<\/h2>\n<ol>\n<li><strong><u>Suboccipitales<\/u><\/strong>: la tensi\u00f3n en estos m\u00fasculos puede provocar dolor en la zona lateral del <strong>cr\u00e1neo, ojo y frente.<\/strong><\/li>\n<li><span style=\"color: #008080;\"><a style=\"color: #008080;\" href=\"https:\/\/www.instagram.com\/reel\/ChIXf7qgHun\/?igshid=MDJmNzVkMjY=\"><strong><u>Esternocleidomastoideo<\/u><\/strong>:<\/a><\/span> puede provocar dolor detr\u00e1s de la cabeza, en la frente, zona del o\u00eddo y sien.<\/li>\n<li><strong><u>Trapecio<\/u><\/strong>: Puede provocar dolor en la sien y es muy com\u00fan en la mayor parte de la poblaci\u00f3n.<\/li>\n<\/ol>\n<p><img loading=\"lazy\" decoding=\"async\" class=\"size-medium wp-image-1388 alignleft\" src=\"https:\/\/www.fisiobalance.cat\/wp-content\/uploads\/2020\/11\/anatomia-trapecio-300x200.jpg\" alt=\"\" width=\"300\" height=\"200\" srcset=\"https:\/\/www.fisiobalance.cat\/wp-content\/uploads\/2020\/11\/anatomia-trapecio-300x200.jpg 300w, https:\/\/www.fisiobalance.cat\/wp-content\/uploads\/2020\/11\/anatomia-trapecio-600x400.jpg 600w, https:\/\/www.fisiobalance.cat\/wp-content\/uploads\/2020\/11\/anatomia-trapecio.jpg 640w\" sizes=\"auto, (max-width: 300px) 100vw, 300px\" \/><img loading=\"lazy\" decoding=\"async\" class=\"size-medium wp-image-1390 aligncenter\" src=\"https:\/\/www.fisiobalance.cat\/wp-content\/uploads\/2020\/11\/anatomia-esternocledomastoideo-300x201.jpg\" alt=\"\" width=\"300\" height=\"201\" srcset=\"https:\/\/www.fisiobalance.cat\/wp-content\/uploads\/2020\/11\/anatomia-esternocledomastoideo-300x201.jpg 300w, https:\/\/www.fisiobalance.cat\/wp-content\/uploads\/2020\/11\/anatomia-esternocledomastoideo-600x401.jpg 600w, https:\/\/www.fisiobalance.cat\/wp-content\/uploads\/2020\/11\/anatomia-esternocledomastoideo.jpg 640w\" sizes=\"auto, (max-width: 300px) 100vw, 300px\" \/><\/p>\n<h2><\/h2>\n<h2>\u00bfC\u00f3mo se activan estos puntos dolorosos?<\/h2>\n<p><img loading=\"lazy\" decoding=\"async\" class=\"size-medium wp-image-1392 alignright\" src=\"https:\/\/www.fisiobalance.cat\/wp-content\/uploads\/2020\/11\/cuello-rojo-perfil-275x300.jpg\" alt=\"\" width=\"275\" height=\"300\" srcset=\"https:\/\/www.fisiobalance.cat\/wp-content\/uploads\/2020\/11\/cuello-rojo-perfil-275x300.jpg 275w, https:\/\/www.fisiobalance.cat\/wp-content\/uploads\/2020\/11\/cuello-rojo-perfil-300x327.jpg 300w, https:\/\/www.fisiobalance.cat\/wp-content\/uploads\/2020\/11\/cuello-rojo-perfil.jpg 587w\" sizes=\"auto, (max-width: 275px) 100vw, 275px\" \/><\/p>\n<ul>\n<li>Sobrecarga muscular (coger peso, hacer movimientos repetitivos, etc)<\/li>\n<li>Traumatismo directo (un golpe, una ca\u00edda, accidente, etc)<\/li>\n<li>Sobreestiramiento del m\u00fasculo cr\u00f3nico (posturas forzadas como cuando miramos el m\u00f3vil, el ordenador, coser, etc)<\/li>\n<li>Mala postura<\/li>\n<li>Sedentarismo<\/li>\n<li>Problemas articulares de las v\u00e9rtebras cervicales<\/li>\n<li>Problemas respiratorios<\/li>\n<li>Estr\u00e9s<\/li>\n<li>Problemas viscerales e incluso de origen neurol\u00f3gico<\/li>\n<\/ul>\n<p>Normalmente la tensi\u00f3n muscular no s\u00f3lo aparece debido a uno de estos factores, siempre suele haber m\u00e1s de uno.<\/p>\n<h2>\u00bfNecesito un masaje?<\/h2>\n<p><img loading=\"lazy\" decoding=\"async\" class=\"size-medium wp-image-1394 aligncenter\" src=\"https:\/\/www.fisiobalance.cat\/wp-content\/uploads\/2020\/11\/masaje-cervical-200x300.jpg\" alt=\"\" width=\"200\" height=\"300\" srcset=\"https:\/\/www.fisiobalance.cat\/wp-content\/uploads\/2020\/11\/masaje-cervical-200x300.jpg 200w, https:\/\/www.fisiobalance.cat\/wp-content\/uploads\/2020\/11\/masaje-cervical-300x450.jpg 300w, https:\/\/www.fisiobalance.cat\/wp-content\/uploads\/2020\/11\/masaje-cervical.jpg 427w\" sizes=\"auto, (max-width: 200px) 100vw, 200px\" \/><\/p>\n<p>Y la respuesta correcta es\u2026. <strong>\u00a1NO SIEMPRE ES LA SOLUCI\u00d3N!<\/strong><\/p>\n<p>El masaje es muy agradable y puede ser un buen tratamiento para este tipo de problemas pero, como hemos mencionado anteriormente, no existe s\u00f3lo un factor atenuante para este s\u00edntoma.<\/p>\n<h2>Nuestros tratamientos:<\/h2>\n<ul>\n<li><strong>Masoterapia:<\/strong> relajaci\u00f3n de los m\u00fasculos aplicando el masaje en la zona.<\/li>\n<li><strong>Calor:<\/strong> ayuda a la relajaci\u00f3n muscular siempre que se descarte una inflamaci\u00f3n.<\/li>\n<li><span style=\"color: #008080;\"><a style=\"color: #008080;\" href=\"https:\/\/www.fisiobalance.cat\/puncion-seca\/\"><strong>Punci\u00f3n seca:<\/strong><\/a><\/span> t\u00e9cnica de relajaci\u00f3n de un punto doloroso del vientre muscular.<\/li>\n<li><strong>Control motor:<\/strong> ense\u00f1ar a trabajar la musculatura de una forma correcta.<\/li>\n<li><span style=\"color: #008080;\"><a style=\"color: #008080;\" href=\"https:\/\/www.instagram.com\/reel\/Cbae4d6g1vf\/?igshid=MDJmNzVkMjY=\"><strong>Estiramientos:<\/strong><\/a><\/span> ayuda a relajar y estirar el m\u00fasculo, en casos en los que \u00e9ste se encuentre acortado.<\/li>\n<li><strong>Control postural:<\/strong> nuestro cuerpo es como una cadena y si una parte de \u00e9ste se encuentra inestable el resto tambi\u00e9n puede lesionarse. El <em><strong>trabajo global del cuerpo<\/strong><\/em> es muy importante para tratar incluso la m\u00e1s m\u00ednima lesi\u00f3n.<\/li>\n<li><strong>Neurodin\u00e1mica:<\/strong> trabajo de los nervios que inervan la musculatura que se encuentra afectada. La mayor parte de las veces, m\u00fasculo y nervio van de la mano y ambos quedan afectados.<\/li>\n<li><strong>Electroterapia:<\/strong> reduce el dolor.<\/li>\n<li><strong><span style=\"color: #008080;\"><a style=\"color: #008080;\" href=\"https:\/\/www.instagram.com\/p\/COOM6sBJ5_9\/?igshid=MDJmNzVkMjY=\">Manipulaci\u00f3n articular: <\/a><\/span><\/strong>colocaci\u00f3n de las articulaciones para que los m\u00fasculos funcionen de una manera correcta.<\/li>\n<\/ul>\n<p><img loading=\"lazy\" decoding=\"async\" class=\"size-medium wp-image-1404\" src=\"https:\/\/www.fisiobalance.cat\/wp-content\/uploads\/2020\/11\/estiramiento-trapecio-300x201.jpg\" alt=\"\" width=\"300\" height=\"201\" srcset=\"https:\/\/www.fisiobalance.cat\/wp-content\/uploads\/2020\/11\/estiramiento-trapecio-300x201.jpg 300w, https:\/\/www.fisiobalance.cat\/wp-content\/uploads\/2020\/11\/estiramiento-trapecio-600x401.jpg 600w, https:\/\/www.fisiobalance.cat\/wp-content\/uploads\/2020\/11\/estiramiento-trapecio.jpg 640w\" sizes=\"auto, (max-width: 300px) 100vw, 300px\" \/><\/p>\n<h2><\/h2>\n<h2>\u00bfC\u00f3mo evitar el dolor cervical?<\/h2>\n<p>Como con cualquier patolog\u00eda, lo m\u00e1s importante para evitar un problema muscular es llevar una <strong>vida saludable<\/strong> y conocer nuestro cuerpo.<\/p>\n<ul>\n<li>Comer saludable<\/li>\n<li>Conocer nuestro cuerpo y practicar una actividad f\u00edsica y meditar.<\/li>\n<li>Evitar el estr\u00e9s<\/li>\n<\/ul>\n<p><img loading=\"lazy\" decoding=\"async\" class=\"size-medium wp-image-619\" src=\"https:\/\/www.fisiobalance.cat\/wp-content\/uploads\/2018\/10\/estres-meditar-atm-300x200.jpeg\" alt=\"\" width=\"300\" height=\"200\" srcset=\"https:\/\/www.fisiobalance.cat\/wp-content\/uploads\/2018\/10\/estres-meditar-atm-300x200.jpeg 300w, https:\/\/www.fisiobalance.cat\/wp-content\/uploads\/2018\/10\/estres-meditar-atm-scaled-600x401.jpeg 600w, https:\/\/www.fisiobalance.cat\/wp-content\/uploads\/2018\/10\/estres-meditar-atm-768x513.jpeg 768w, https:\/\/www.fisiobalance.cat\/wp-content\/uploads\/2018\/10\/estres-meditar-atm-1024x683.jpeg 1024w, https:\/\/www.fisiobalance.cat\/wp-content\/uploads\/2018\/10\/estres-meditar-atm-700x467.jpeg 700w\" sizes=\"auto, (max-width: 300px) 100vw, 300px\" \/><\/p>\n<h2>Lo m\u00e1s importante es&#8230;.<\/h2>\n<blockquote><p><strong>\u00a1CONOCER EL ORIGEN DEL PROBLEMA!<\/strong><\/p><\/blockquote>\n<p>Un buen <strong>diagn\u00f3stico<\/strong> es indispensable para detectar el <strong>origen del problema<\/strong> y poder descartar otras patolog\u00edas, ya que es una zona muy sensible y fr\u00e1gil.<\/p>\n<p>Desde la <strong>fisioterapia<\/strong> valoramos al paciente, conocemos su historia y tratamos el problema desde su origen.<\/p>\n<p><img loading=\"lazy\" decoding=\"async\" class=\"size-medium wp-image-1406\" src=\"https:\/\/www.fisiobalance.cat\/wp-content\/uploads\/2020\/11\/diagn\u00f3stico-fisioterapia-300x200.jpg\" alt=\"\" width=\"300\" height=\"200\" srcset=\"https:\/\/www.fisiobalance.cat\/wp-content\/uploads\/2020\/11\/diagn\u00f3stico-fisioterapia-300x200.jpg 300w, https:\/\/www.fisiobalance.cat\/wp-content\/uploads\/2020\/11\/diagn\u00f3stico-fisioterapia-600x400.jpg 600w, https:\/\/www.fisiobalance.cat\/wp-content\/uploads\/2020\/11\/diagn\u00f3stico-fisioterapia.jpg 640w\" sizes=\"auto, (max-width: 300px) 100vw, 300px\" \/><\/p>\n","protected":false},"excerpt":{"rendered":"<p>El dolor de cabeza o cefalea es un s\u00edntoma y se refiere a cualquier tipo de dolor de cabeza localizado. Existen muchos tipos de cefaleas pero la m\u00e1s frecuente es la cefalea tensional. \u00c9sta es causada por tensi\u00f3n muscular y est\u00e1 muy relacionada con la&#8230;<\/p>\n","protected":false},"author":3,"featured_media":1925,"comment_status":"open","ping_status":"open","sticky":false,"template":"","format":"standard","meta":{"footnotes":""},"categories":[246],"tags":[],"class_list":["post-1381","post","type-post","status-publish","format-standard","has-post-thumbnail","hentry","category-fisioterapia"],"yoast_head":"<!-- This site is optimized with the Yoast SEO plugin v26.3 - https:\/\/yoast.com\/wordpress\/plugins\/seo\/ -->\n<title>DOLOR DE CABEZA Y LAS CERVICALES - Fisiobalance<\/title>\n<meta name=\"description\" content=\"Muchas cefaleas tienen origen miofascial de la regi\u00f3n cervical, ya que los m\u00fasculos de la zona provocan dolor referido al cr\u00e1neo.\" \/>\n<meta name=\"robots\" content=\"index, follow, max-snippet:-1, max-image-preview:large, max-video-preview:-1\" \/>\n<link rel=\"canonical\" href=\"https:\/\/www.fisiobalance.cat\/dolor-de-cabeza-y-cervicales-existe-algun-tipo-de-relacion\/\" \/>\n<meta property=\"og:locale\" content=\"en_US\" \/>\n<meta property=\"og:type\" content=\"article\" \/>\n<meta property=\"og:title\" content=\"DOLOR DE CABEZA Y LAS CERVICALES - Fisiobalance\" \/>\n<meta property=\"og:description\" content=\"Muchas cefaleas tienen origen miofascial de la regi\u00f3n cervical, ya que los m\u00fasculos de la zona provocan dolor referido al cr\u00e1neo.\" \/>\n<meta property=\"og:url\" content=\"https:\/\/www.fisiobalance.cat\/dolor-de-cabeza-y-cervicales-existe-algun-tipo-de-relacion\/\" \/>\n<meta property=\"og:site_name\" content=\"Fisiobalance\" \/>\n<meta property=\"article:published_time\" content=\"2020-11-29T17:40:32+00:00\" \/>\n<meta property=\"article:modified_time\" content=\"2023-10-04T14:06:11+00:00\" \/>\n<meta property=\"og:image\" content=\"https:\/\/www.fisiobalance.cat\/wp-content\/uploads\/2020\/11\/migrana.jpg\" \/>\n\t<meta property=\"og:image:width\" content=\"1500\" \/>\n\t<meta property=\"og:image:height\" content=\"1000\" \/>\n\t<meta property=\"og:image:type\" content=\"image\/jpeg\" \/>\n<meta name=\"author\" content=\"fisiobalance\" \/>\n<meta name=\"twitter:card\" content=\"summary_large_image\" \/>\n<meta name=\"twitter:label1\" content=\"Written by\" \/>\n\t<meta name=\"twitter:data1\" content=\"fisiobalance\" \/>\n\t<meta name=\"twitter:label2\" content=\"Est. reading time\" \/>\n\t<meta name=\"twitter:data2\" content=\"3 minutes\" \/>\n<script type=\"application\/ld+json\" class=\"yoast-schema-graph\">{\"@context\":\"https:\/\/schema.org\",\"@graph\":[{\"@type\":\"Article\",\"@id\":\"https:\/\/www.fisiobalance.cat\/dolor-de-cabeza-y-cervicales-existe-algun-tipo-de-relacion\/#article\",\"isPartOf\":{\"@id\":\"https:\/\/www.fisiobalance.cat\/dolor-de-cabeza-y-cervicales-existe-algun-tipo-de-relacion\/\"},\"author\":{\"name\":\"fisiobalance\",\"@id\":\"https:\/\/www.fisiobalance.cat\/#\/schema\/person\/ff8a94c5457314fcae1821bb17fb59f9\"},\"headline\":\"DOLOR DE CABEZA Y LAS CERVICALES\",\"datePublished\":\"2020-11-29T17:40:32+00:00\",\"dateModified\":\"2023-10-04T14:06:11+00:00\",\"mainEntityOfPage\":{\"@id\":\"https:\/\/www.fisiobalance.cat\/dolor-de-cabeza-y-cervicales-existe-algun-tipo-de-relacion\/\"},\"wordCount\":552,\"commentCount\":0,\"publisher\":{\"@id\":\"https:\/\/www.fisiobalance.cat\/#organization\"},\"image\":{\"@id\":\"https:\/\/www.fisiobalance.cat\/dolor-de-cabeza-y-cervicales-existe-algun-tipo-de-relacion\/#primaryimage\"},\"thumbnailUrl\":\"https:\/\/www.fisiobalance.cat\/wp-content\/uploads\/2020\/11\/migrana.jpg\",\"articleSection\":[\"Fisioterapia\"],\"inLanguage\":\"en-US\",\"potentialAction\":[{\"@type\":\"CommentAction\",\"name\":\"Comment\",\"target\":[\"https:\/\/www.fisiobalance.cat\/dolor-de-cabeza-y-cervicales-existe-algun-tipo-de-relacion\/#respond\"]}]},{\"@type\":\"WebPage\",\"@id\":\"https:\/\/www.fisiobalance.cat\/dolor-de-cabeza-y-cervicales-existe-algun-tipo-de-relacion\/\",\"url\":\"https:\/\/www.fisiobalance.cat\/dolor-de-cabeza-y-cervicales-existe-algun-tipo-de-relacion\/\",\"name\":\"DOLOR DE CABEZA Y LAS CERVICALES - Fisiobalance\",\"isPartOf\":{\"@id\":\"https:\/\/www.fisiobalance.cat\/#website\"},\"primaryImageOfPage\":{\"@id\":\"https:\/\/www.fisiobalance.cat\/dolor-de-cabeza-y-cervicales-existe-algun-tipo-de-relacion\/#primaryimage\"},\"image\":{\"@id\":\"https:\/\/www.fisiobalance.cat\/dolor-de-cabeza-y-cervicales-existe-algun-tipo-de-relacion\/#primaryimage\"},\"thumbnailUrl\":\"https:\/\/www.fisiobalance.cat\/wp-content\/uploads\/2020\/11\/migrana.jpg\",\"datePublished\":\"2020-11-29T17:40:32+00:00\",\"dateModified\":\"2023-10-04T14:06:11+00:00\",\"description\":\"Muchas cefaleas tienen origen miofascial de la regi\u00f3n cervical, ya que los m\u00fasculos de la zona provocan dolor referido al cr\u00e1neo.\",\"breadcrumb\":{\"@id\":\"https:\/\/www.fisiobalance.cat\/dolor-de-cabeza-y-cervicales-existe-algun-tipo-de-relacion\/#breadcrumb\"},\"inLanguage\":\"en-US\",\"potentialAction\":[{\"@type\":\"ReadAction\",\"target\":[\"https:\/\/www.fisiobalance.cat\/dolor-de-cabeza-y-cervicales-existe-algun-tipo-de-relacion\/\"]}]},{\"@type\":\"ImageObject\",\"inLanguage\":\"en-US\",\"@id\":\"https:\/\/www.fisiobalance.cat\/dolor-de-cabeza-y-cervicales-existe-algun-tipo-de-relacion\/#primaryimage\",\"url\":\"https:\/\/www.fisiobalance.cat\/wp-content\/uploads\/2020\/11\/migrana.jpg\",\"contentUrl\":\"https:\/\/www.fisiobalance.cat\/wp-content\/uploads\/2020\/11\/migrana.jpg\",\"width\":1500,\"height\":1000},{\"@type\":\"BreadcrumbList\",\"@id\":\"https:\/\/www.fisiobalance.cat\/dolor-de-cabeza-y-cervicales-existe-algun-tipo-de-relacion\/#breadcrumb\",\"itemListElement\":[{\"@type\":\"ListItem\",\"position\":1,\"name\":\"Portada\",\"item\":\"https:\/\/www.fisiobalance.cat\/en\/\"},{\"@type\":\"ListItem\",\"position\":2,\"name\":\"DOLOR DE CABEZA Y LAS CERVICALES\"}]},{\"@type\":\"WebSite\",\"@id\":\"https:\/\/www.fisiobalance.cat\/#website\",\"url\":\"https:\/\/www.fisiobalance.cat\/\",\"name\":\"Fisiobalance\",\"description\":\"\",\"publisher\":{\"@id\":\"https:\/\/www.fisiobalance.cat\/#organization\"},\"potentialAction\":[{\"@type\":\"SearchAction\",\"target\":{\"@type\":\"EntryPoint\",\"urlTemplate\":\"https:\/\/www.fisiobalance.cat\/?s={search_term_string}\"},\"query-input\":{\"@type\":\"PropertyValueSpecification\",\"valueRequired\":true,\"valueName\":\"search_term_string\"}}],\"inLanguage\":\"en-US\"},{\"@type\":\"Organization\",\"@id\":\"https:\/\/www.fisiobalance.cat\/#organization\",\"name\":\"Fisiobalance\",\"url\":\"https:\/\/www.fisiobalance.cat\/\",\"logo\":{\"@type\":\"ImageObject\",\"inLanguage\":\"en-US\",\"@id\":\"https:\/\/www.fisiobalance.cat\/#\/schema\/logo\/image\/\",\"url\":\"https:\/\/www.fisiobalance.cat\/wp-content\/uploads\/2018\/06\/fisiobalance_logo.png\",\"contentUrl\":\"https:\/\/www.fisiobalance.cat\/wp-content\/uploads\/2018\/06\/fisiobalance_logo.png\",\"width\":369,\"height\":53,\"caption\":\"Fisiobalance\"},\"image\":{\"@id\":\"https:\/\/www.fisiobalance.cat\/#\/schema\/logo\/image\/\"}},{\"@type\":\"Person\",\"@id\":\"https:\/\/www.fisiobalance.cat\/#\/schema\/person\/ff8a94c5457314fcae1821bb17fb59f9\",\"name\":\"fisiobalance\",\"image\":{\"@type\":\"ImageObject\",\"inLanguage\":\"en-US\",\"@id\":\"https:\/\/www.fisiobalance.cat\/#\/schema\/person\/image\/\",\"url\":\"https:\/\/secure.gravatar.com\/avatar\/d01b67c6ec8f361b22fadb8cde3b40303b5f70548e5bd5bab7a5dcd8a26cc786?s=96&d=mm&r=g\",\"contentUrl\":\"https:\/\/secure.gravatar.com\/avatar\/d01b67c6ec8f361b22fadb8cde3b40303b5f70548e5bd5bab7a5dcd8a26cc786?s=96&d=mm&r=g\",\"caption\":\"fisiobalance\"},\"url\":\"https:\/\/www.fisiobalance.cat\/en\/author\/fisiobalance\/\"}]}<\/script>\n<!-- \/ Yoast SEO plugin. -->","yoast_head_json":{"title":"DOLOR DE CABEZA Y LAS CERVICALES - Fisiobalance","description":"Muchas cefaleas tienen origen miofascial de la regi\u00f3n cervical, ya que los m\u00fasculos de la zona provocan dolor referido al cr\u00e1neo.","robots":{"index":"index","follow":"follow","max-snippet":"max-snippet:-1","max-image-preview":"max-image-preview:large","max-video-preview":"max-video-preview:-1"},"canonical":"https:\/\/www.fisiobalance.cat\/dolor-de-cabeza-y-cervicales-existe-algun-tipo-de-relacion\/","og_locale":"en_US","og_type":"article","og_title":"DOLOR DE CABEZA Y LAS CERVICALES - Fisiobalance","og_description":"Muchas cefaleas tienen origen miofascial de la regi\u00f3n cervical, ya que los m\u00fasculos de la zona provocan dolor referido al cr\u00e1neo.","og_url":"https:\/\/www.fisiobalance.cat\/dolor-de-cabeza-y-cervicales-existe-algun-tipo-de-relacion\/","og_site_name":"Fisiobalance","article_published_time":"2020-11-29T17:40:32+00:00","article_modified_time":"2023-10-04T14:06:11+00:00","og_image":[{"width":1500,"height":1000,"url":"https:\/\/www.fisiobalance.cat\/wp-content\/uploads\/2020\/11\/migrana.jpg","type":"image\/jpeg"}],"author":"fisiobalance","twitter_card":"summary_large_image","twitter_misc":{"Written by":"fisiobalance","Est. reading time":"3 minutes"},"schema":{"@context":"https:\/\/schema.org","@graph":[{"@type":"Article","@id":"https:\/\/www.fisiobalance.cat\/dolor-de-cabeza-y-cervicales-existe-algun-tipo-de-relacion\/#article","isPartOf":{"@id":"https:\/\/www.fisiobalance.cat\/dolor-de-cabeza-y-cervicales-existe-algun-tipo-de-relacion\/"},"author":{"name":"fisiobalance","@id":"https:\/\/www.fisiobalance.cat\/#\/schema\/person\/ff8a94c5457314fcae1821bb17fb59f9"},"headline":"DOLOR DE CABEZA Y LAS CERVICALES","datePublished":"2020-11-29T17:40:32+00:00","dateModified":"2023-10-04T14:06:11+00:00","mainEntityOfPage":{"@id":"https:\/\/www.fisiobalance.cat\/dolor-de-cabeza-y-cervicales-existe-algun-tipo-de-relacion\/"},"wordCount":552,"commentCount":0,"publisher":{"@id":"https:\/\/www.fisiobalance.cat\/#organization"},"image":{"@id":"https:\/\/www.fisiobalance.cat\/dolor-de-cabeza-y-cervicales-existe-algun-tipo-de-relacion\/#primaryimage"},"thumbnailUrl":"https:\/\/www.fisiobalance.cat\/wp-content\/uploads\/2020\/11\/migrana.jpg","articleSection":["Fisioterapia"],"inLanguage":"en-US","potentialAction":[{"@type":"CommentAction","name":"Comment","target":["https:\/\/www.fisiobalance.cat\/dolor-de-cabeza-y-cervicales-existe-algun-tipo-de-relacion\/#respond"]}]},{"@type":"WebPage","@id":"https:\/\/www.fisiobalance.cat\/dolor-de-cabeza-y-cervicales-existe-algun-tipo-de-relacion\/","url":"https:\/\/www.fisiobalance.cat\/dolor-de-cabeza-y-cervicales-existe-algun-tipo-de-relacion\/","name":"DOLOR DE CABEZA Y LAS CERVICALES - Fisiobalance","isPartOf":{"@id":"https:\/\/www.fisiobalance.cat\/#website"},"primaryImageOfPage":{"@id":"https:\/\/www.fisiobalance.cat\/dolor-de-cabeza-y-cervicales-existe-algun-tipo-de-relacion\/#primaryimage"},"image":{"@id":"https:\/\/www.fisiobalance.cat\/dolor-de-cabeza-y-cervicales-existe-algun-tipo-de-relacion\/#primaryimage"},"thumbnailUrl":"https:\/\/www.fisiobalance.cat\/wp-content\/uploads\/2020\/11\/migrana.jpg","datePublished":"2020-11-29T17:40:32+00:00","dateModified":"2023-10-04T14:06:11+00:00","description":"Muchas cefaleas tienen origen miofascial de la regi\u00f3n cervical, ya que los m\u00fasculos de la zona provocan dolor referido al cr\u00e1neo.","breadcrumb":{"@id":"https:\/\/www.fisiobalance.cat\/dolor-de-cabeza-y-cervicales-existe-algun-tipo-de-relacion\/#breadcrumb"},"inLanguage":"en-US","potentialAction":[{"@type":"ReadAction","target":["https:\/\/www.fisiobalance.cat\/dolor-de-cabeza-y-cervicales-existe-algun-tipo-de-relacion\/"]}]},{"@type":"ImageObject","inLanguage":"en-US","@id":"https:\/\/www.fisiobalance.cat\/dolor-de-cabeza-y-cervicales-existe-algun-tipo-de-relacion\/#primaryimage","url":"https:\/\/www.fisiobalance.cat\/wp-content\/uploads\/2020\/11\/migrana.jpg","contentUrl":"https:\/\/www.fisiobalance.cat\/wp-content\/uploads\/2020\/11\/migrana.jpg","width":1500,"height":1000},{"@type":"BreadcrumbList","@id":"https:\/\/www.fisiobalance.cat\/dolor-de-cabeza-y-cervicales-existe-algun-tipo-de-relacion\/#breadcrumb","itemListElement":[{"@type":"ListItem","position":1,"name":"Portada","item":"https:\/\/www.fisiobalance.cat\/en\/"},{"@type":"ListItem","position":2,"name":"DOLOR DE CABEZA Y LAS CERVICALES"}]},{"@type":"WebSite","@id":"https:\/\/www.fisiobalance.cat\/#website","url":"https:\/\/www.fisiobalance.cat\/","name":"Fisiobalance","description":"","publisher":{"@id":"https:\/\/www.fisiobalance.cat\/#organization"},"potentialAction":[{"@type":"SearchAction","target":{"@type":"EntryPoint","urlTemplate":"https:\/\/www.fisiobalance.cat\/?s={search_term_string}"},"query-input":{"@type":"PropertyValueSpecification","valueRequired":true,"valueName":"search_term_string"}}],"inLanguage":"en-US"},{"@type":"Organization","@id":"https:\/\/www.fisiobalance.cat\/#organization","name":"Fisiobalance","url":"https:\/\/www.fisiobalance.cat\/","logo":{"@type":"ImageObject","inLanguage":"en-US","@id":"https:\/\/www.fisiobalance.cat\/#\/schema\/logo\/image\/","url":"https:\/\/www.fisiobalance.cat\/wp-content\/uploads\/2018\/06\/fisiobalance_logo.png","contentUrl":"https:\/\/www.fisiobalance.cat\/wp-content\/uploads\/2018\/06\/fisiobalance_logo.png","width":369,"height":53,"caption":"Fisiobalance"},"image":{"@id":"https:\/\/www.fisiobalance.cat\/#\/schema\/logo\/image\/"}},{"@type":"Person","@id":"https:\/\/www.fisiobalance.cat\/#\/schema\/person\/ff8a94c5457314fcae1821bb17fb59f9","name":"fisiobalance","image":{"@type":"ImageObject","inLanguage":"en-US","@id":"https:\/\/www.fisiobalance.cat\/#\/schema\/person\/image\/","url":"https:\/\/secure.gravatar.com\/avatar\/d01b67c6ec8f361b22fadb8cde3b40303b5f70548e5bd5bab7a5dcd8a26cc786?s=96&d=mm&r=g","contentUrl":"https:\/\/secure.gravatar.com\/avatar\/d01b67c6ec8f361b22fadb8cde3b40303b5f70548e5bd5bab7a5dcd8a26cc786?s=96&d=mm&r=g","caption":"fisiobalance"},"url":"https:\/\/www.fisiobalance.cat\/en\/author\/fisiobalance\/"}]}},"_links":{"self":[{"href":"https:\/\/www.fisiobalance.cat\/en\/wp-json\/wp\/v2\/posts\/1381","targetHints":{"allow":["GET"]}}],"collection":[{"href":"https:\/\/www.fisiobalance.cat\/en\/wp-json\/wp\/v2\/posts"}],"about":[{"href":"https:\/\/www.fisiobalance.cat\/en\/wp-json\/wp\/v2\/types\/post"}],"author":[{"embeddable":true,"href":"https:\/\/www.fisiobalance.cat\/en\/wp-json\/wp\/v2\/users\/3"}],"replies":[{"embeddable":true,"href":"https:\/\/www.fisiobalance.cat\/en\/wp-json\/wp\/v2\/comments?post=1381"}],"version-history":[{"count":16,"href":"https:\/\/www.fisiobalance.cat\/en\/wp-json\/wp\/v2\/posts\/1381\/revisions"}],"predecessor-version":[{"id":1397,"href":"https:\/\/www.fisiobalance.cat\/en\/wp-json\/wp\/v2\/posts\/1381\/revisions\/1397"}],"wp:featuredmedia":[{"embeddable":true,"href":"https:\/\/www.fisiobalance.cat\/en\/wp-json\/wp\/v2\/media\/1925"}],"wp:attachment":[{"href":"https:\/\/www.fisiobalance.cat\/en\/wp-json\/wp\/v2\/media?parent=1381"}],"wp:term":[{"taxonomy":"category","embeddable":true,"href":"https:\/\/www.fisiobalance.cat\/en\/wp-json\/wp\/v2\/categories?post=1381"},{"taxonomy":"post_tag","embeddable":true,"href":"https:\/\/www.fisiobalance.cat\/en\/wp-json\/wp\/v2\/tags?post=1381"}],"curies":[{"name":"wp","href":"https:\/\/api.w.org\/{rel}","templated":true}]}}