{"id":1646,"date":"2021-05-30T10:25:45","date_gmt":"2021-05-30T08:25:45","guid":{"rendered":"https:\/\/www.fisiobalance.cat\/?p=1646"},"modified":"2023-11-12T11:58:42","modified_gmt":"2023-11-12T10:58:42","slug":"fascitis-plantar-en-castelldefels","status":"publish","type":"post","link":"https:\/\/www.fisiobalance.cat\/en\/fascitis-plantar-en-castelldefels\/","title":{"rendered":"FASCITIS PLANTAR: CAUSAS, S\u00cdNTOMAS Y TRATAMIENTO DE FISIOTERAPIA"},"content":{"rendered":"<h2 style=\"text-align: center;\">\u00bfQu\u00e9 es la fascitis plantar?<\/h2>\n<div>La <strong>fascia<\/strong>\u00a0<strong>plantar<\/strong> es un tejido conjuntivo situado a lo largo de la planta del pie, desde el calc\u00e1neo (el tal\u00f3n) hasta la base de los metatarsos (justo debajo de los dedos). Este tejido es el encargado de <strong>amortiguar los impactos<\/strong> y tiene como funci\u00f3n \u00a0biomec\u00e1nica la estabilidad del cuerpo en todas las fases de la marcha, la carrera y diferentes actividades como por ejemplo el salto.<\/div>\n<div>\n<p>La <strong>fascitis plantar<\/strong> es la inflamaci\u00f3n de este tejido fibroso principalmente en la zona de inserci\u00f3n en el calc\u00e1neo.<\/p>\n<p><img loading=\"lazy\" decoding=\"async\" class=\"aligncenter wp-image-1658 size-medium\" src=\"https:\/\/www.fisiobalance.cat\/wp-content\/uploads\/2021\/05\/fascitis-2-300x300.jpeg\" alt=\"Fascitis plantar\" width=\"300\" height=\"300\" srcset=\"https:\/\/www.fisiobalance.cat\/wp-content\/uploads\/2021\/05\/fascitis-2-300x300.jpeg 300w, https:\/\/www.fisiobalance.cat\/wp-content\/uploads\/2021\/05\/fascitis-2-1024x1024.jpeg 1024w, https:\/\/www.fisiobalance.cat\/wp-content\/uploads\/2021\/05\/fascitis-2-150x150.jpeg 150w, https:\/\/www.fisiobalance.cat\/wp-content\/uploads\/2021\/05\/fascitis-2-768x768.jpeg 768w, https:\/\/www.fisiobalance.cat\/wp-content\/uploads\/2021\/05\/fascitis-2-1536x1536.jpeg 1536w, https:\/\/www.fisiobalance.cat\/wp-content\/uploads\/2021\/05\/fascitis-2-2048x2048.jpeg 2048w, https:\/\/www.fisiobalance.cat\/wp-content\/uploads\/2021\/05\/fascitis-2-570x570.jpeg 570w, https:\/\/www.fisiobalance.cat\/wp-content\/uploads\/2021\/05\/fascitis-2-500x500.jpeg 500w, https:\/\/www.fisiobalance.cat\/wp-content\/uploads\/2021\/05\/fascitis-2-1000x1000.jpeg 1000w, https:\/\/www.fisiobalance.cat\/wp-content\/uploads\/2021\/05\/fascitis-2-700x700.jpeg 700w, https:\/\/www.fisiobalance.cat\/wp-content\/uploads\/2021\/05\/fascitis-2-600x600.jpeg 600w, https:\/\/www.fisiobalance.cat\/wp-content\/uploads\/2021\/05\/fascitis-2-100x100.jpeg 100w\" sizes=\"auto, (max-width: 300px) 100vw, 300px\" \/><\/p>\n<\/div>\n<div><\/div>\n<h2 style=\"text-align: center;\">\u00bfQu\u00e9 s\u00edntomas debo tener si sufro una fascitis plantar?<\/h2>\n<div>El s\u00edntoma principal es un <strong>dolor agudo en el tal\u00f3n<\/strong> en la parte medial del tal\u00f3n que es donde tiene inserci\u00f3n la fascia plantar.<\/div>\n<div>Este dolor suele ser m\u00e1s intenso cuando realizamos <strong>los primeros pasos al levantarnos<\/strong> por al ma\u00f1ana, despu\u00e9s del reposo.<\/div>\n<div>La fascia plantar por la noche se relaja y se acorta y la musculatura, en fr\u00edo tras el reposo, suele doler m\u00e1s. \u00a0Esta molestia cede a medida que aumentamos la actividad y los m\u00fasculos entran en calor.<\/div>\n<div>Hay que considerar que al aparecer los primeros s\u00edntomas debemos tomar medidas ya que esta lesi\u00f3n puede ir a m\u00e1s hasta producir una incapacidad en las actividades deportivas y en la vida diaria.<\/div>\n<blockquote>\n<div><\/div>\n<div><em>Dolor tras el reposo: suele aparecer cuando empezamos al\u00a0<\/em><em>andar.<\/em><\/div>\n<\/blockquote>\n<blockquote>\n<div><em>Dolor al ponerse de puntitas.<\/em><\/div>\n<div><\/div>\n<\/blockquote>\n<h2 style=\"text-align: center;\">\u00bfQu\u00e9 diferencia hay entre la fascitis plantar y el espol\u00f3n calc\u00e1ndo?<\/h2>\n<div>\u00a0Muchas veces se puede confundir la <strong>fascitis plantar<\/strong> con el <strong>espol\u00f3n calc\u00e1neo<\/strong>. No\u00a0es lo mismo, pero s\u00ed que tienen mucho que ver, ya que el espol\u00f3n calc\u00e1neo es la consecuencia m\u00e1s com\u00fan de fascitis plantar cr\u00f3nica.<img loading=\"lazy\" decoding=\"async\" class=\"aligncenter wp-image-1679 \" src=\"https:\/\/www.fisiobalance.cat\/wp-content\/uploads\/2021\/05\/calnaneus-spur-215x300.jpeg\" alt=\"fascitis plantar o espolon clacaneo\" width=\"303\" height=\"423\" srcset=\"https:\/\/www.fisiobalance.cat\/wp-content\/uploads\/2021\/05\/calnaneus-spur-215x300.jpeg 215w, https:\/\/www.fisiobalance.cat\/wp-content\/uploads\/2021\/05\/calnaneus-spur-733x1024.jpeg 733w, https:\/\/www.fisiobalance.cat\/wp-content\/uploads\/2021\/05\/calnaneus-spur-768x1073.jpeg 768w, https:\/\/www.fisiobalance.cat\/wp-content\/uploads\/2021\/05\/calnaneus-spur-1099x1536.jpeg 1099w, https:\/\/www.fisiobalance.cat\/wp-content\/uploads\/2021\/05\/calnaneus-spur-1466x2048.jpeg 1466w, https:\/\/www.fisiobalance.cat\/wp-content\/uploads\/2021\/05\/calnaneus-spur-700x978.jpeg 700w, https:\/\/www.fisiobalance.cat\/wp-content\/uploads\/2021\/05\/calnaneus-spur-300x419.jpeg 300w, https:\/\/www.fisiobalance.cat\/wp-content\/uploads\/2021\/05\/calnaneus-spur-600x838.jpeg 600w, https:\/\/www.fisiobalance.cat\/wp-content\/uploads\/2021\/05\/calnaneus-spur-scaled.jpeg 1832w\" sizes=\"auto, (max-width: 303px) 100vw, 303px\" \/><\/div>\n<div>Cuando en la <strong>radiograf\u00eda<\/strong> se observa una calcificaci\u00f3n del tub\u00e9rculo posterior-interno del calc\u00e1neo hablamos de <strong>espol\u00f3n calc\u00e1neo<\/strong> sino aparece ser\u00e1 una<strong> fascitis plantar.<\/strong><\/div>\n<div>\n<p>El espol\u00f3n es una protuberancia \u00f3sea que tiene forma de pincho situada en la espina calc\u00e1nea interna que\u00a0aparecer por un exceso de tracci\u00f3n de la fascia plantar.<\/p>\n<p><img loading=\"lazy\" decoding=\"async\" class=\"size-medium wp-image-1662 aligncenter\" src=\"https:\/\/www.fisiobalance.cat\/wp-content\/uploads\/2021\/05\/espolon-calcaneo-286x300.jpeg\" alt=\"\" width=\"286\" height=\"300\" srcset=\"https:\/\/www.fisiobalance.cat\/wp-content\/uploads\/2021\/05\/espolon-calcaneo-286x300.jpeg 286w, https:\/\/www.fisiobalance.cat\/wp-content\/uploads\/2021\/05\/espolon-calcaneo-976x1024.jpeg 976w, https:\/\/www.fisiobalance.cat\/wp-content\/uploads\/2021\/05\/espolon-calcaneo-768x806.jpeg 768w, https:\/\/www.fisiobalance.cat\/wp-content\/uploads\/2021\/05\/espolon-calcaneo-1464x1536.jpeg 1464w, https:\/\/www.fisiobalance.cat\/wp-content\/uploads\/2021\/05\/espolon-calcaneo-1952x2048.jpeg 1952w, https:\/\/www.fisiobalance.cat\/wp-content\/uploads\/2021\/05\/espolon-calcaneo-700x734.jpeg 700w, https:\/\/www.fisiobalance.cat\/wp-content\/uploads\/2021\/05\/espolon-calcaneo-300x315.jpeg 300w, https:\/\/www.fisiobalance.cat\/wp-content\/uploads\/2021\/05\/espolon-calcaneo-600x629.jpeg 600w\" sizes=\"auto, (max-width: 286px) 100vw, 286px\" \/><\/p>\n<\/div>\n<div>En realidad los s\u00edntomas y el tratamiento de las fascitis plantar y el espol\u00f3n calc\u00e1neo son muy similares.<\/div>\n<div><\/div>\n<div><\/div>\n<h2 style=\"text-align: center;\">\u00bfCuales son las causas de la fascitis plantar?<\/h2>\n<div>El tipo de pie que sufre frecuentemente fascitis plantar son los <strong>pies cavos<\/strong> (el arco interno del pie m\u00e1s elevado) que condicionar\u00e1 la pisada.<\/div>\n<div><\/div>\n<div>Sin lugar a dudas llevar un <strong>calzado inadecuado<\/strong> condiciona a padecer fascitis plantar. Sobretodo en verano que pasamos de llevar\u00a0un calzado que nos coge el pie a llevar las t\u00edpicas chanclas del verano.<\/div>\n<div>Tambi\u00e9n es muy com\u00fan que aparezca fascitis plantar por el uso prolongado de <strong>tacones.<\/strong><\/div>\n<div>\n<p><img loading=\"lazy\" decoding=\"async\" class=\"wp-image-1675 aligncenter\" src=\"https:\/\/www.fisiobalance.cat\/wp-content\/uploads\/2021\/05\/tacones-fascitis-300x200.jpeg\" alt=\"fascitis plantar\" width=\"440\" height=\"293\" srcset=\"https:\/\/www.fisiobalance.cat\/wp-content\/uploads\/2021\/05\/tacones-fascitis-300x200.jpeg 300w, https:\/\/www.fisiobalance.cat\/wp-content\/uploads\/2021\/05\/tacones-fascitis-1024x683.jpeg 1024w, https:\/\/www.fisiobalance.cat\/wp-content\/uploads\/2021\/05\/tacones-fascitis-768x512.jpeg 768w, https:\/\/www.fisiobalance.cat\/wp-content\/uploads\/2021\/05\/tacones-fascitis-1536x1024.jpeg 1536w, https:\/\/www.fisiobalance.cat\/wp-content\/uploads\/2021\/05\/tacones-fascitis-2048x1365.jpeg 2048w, https:\/\/www.fisiobalance.cat\/wp-content\/uploads\/2021\/05\/tacones-fascitis-700x467.jpeg 700w, https:\/\/www.fisiobalance.cat\/wp-content\/uploads\/2021\/05\/tacones-fascitis-600x400.jpeg 600w\" sizes=\"auto, (max-width: 440px) 100vw, 440px\" \/><\/p>\n<\/div>\n<div>Influye en gran medida el riesgo de padecer fascitis plantar la<strong> intensidad de actividad f\u00edsica<\/strong> e incrementar bruscamente tus rutinas sobretodo las actividades de\u00a0\u00a0impacto: <strong>Running, largas caminatas y saltos.<\/strong><\/div>\n<div><\/div>\n<h2 style=\"text-align: center;\">\u00bf Cu\u00e1l es el mejor tratamiento?<\/h2>\n<div>Lo m\u00e1s importante en estos casos es saber la causa de la lesi\u00f3n y tener un buen <strong>diagn\u00f3stico cl\u00ednico.<\/strong> En este caso es imprescindible mirar el tipo de pie que tengamos (cavo, pronado, plano) para el tipo de tratamiento.<\/div>\n<div>De este modo es interesante el <strong>trabajo multidisciplinar<\/strong> entre un <strong>fisioterapeuta y un pod\u00f3logo.<\/strong><\/div>\n<div>Como fisioterapeutas trabajamos:<\/div>\n<ol>\n<li>La postura global.<\/li>\n<li>Movilidad del pie y extremidades inferiores.<\/li>\n<li>Las contracturas y tensiones del pie y Extremidad inferior.<\/li>\n<li>Estiramientos.<\/li>\n<li><span style=\"color: #008080;\"><strong><a style=\"color: #008080;\" href=\"https:\/\/www.instagram.com\/reel\/Chk4o54gt0-\/?igshid=MDJmNzVkMjY=\">Ejercicios terap\u00e9uticos.<\/a><\/strong><\/span><\/li>\n<li><a href=\"https:\/\/www.fisiobalance.cat\/puncion-seca\/\"><span style=\"color: #008080;\"><strong>Punci\u00f3n seca.<\/strong><\/span><\/a><\/li>\n<li><strong><span style=\"color: #008080;\"><a style=\"color: #008080;\" href=\"https:\/\/www.instagram.com\/reel\/Chk4o54gt0-\/?igshid=MDJmNzVkMjY=\">Vendaje funcional<\/a><\/span><\/strong><\/li>\n<\/ol>\n<p>Os mostramos c\u00f3mo realizar un <strong>vendaje<\/strong> para aliviar los s\u00edntomas de la <span style=\"color: #33cccc;\"><strong>fascitis plantar.<\/strong><\/span><\/p>\n<p>&nbsp;<\/p>\n<h2 style=\"text-align: center;\">\u00bfQu\u00e9 podemos hacer en casa?<\/h2>\n<div>Podemos evitar la fascitis llevando una vida equilibrada y saludable, cuidando nuestros pies y cuerpo. Antes de hacer un tratamiento es importante tener un <strong>correcto diagn\u00f3stico.<\/strong><\/div>\n<div>\n<p><img loading=\"lazy\" decoding=\"async\" class=\"wp-image-1677 aligncenter\" src=\"https:\/\/www.fisiobalance.cat\/wp-content\/uploads\/2021\/05\/fascitis-6-300x194.jpeg\" alt=\"fascitis plantar\" width=\"473\" height=\"306\" srcset=\"https:\/\/www.fisiobalance.cat\/wp-content\/uploads\/2021\/05\/fascitis-6-300x194.jpeg 300w, https:\/\/www.fisiobalance.cat\/wp-content\/uploads\/2021\/05\/fascitis-6-1024x661.jpeg 1024w, https:\/\/www.fisiobalance.cat\/wp-content\/uploads\/2021\/05\/fascitis-6-768x496.jpeg 768w, https:\/\/www.fisiobalance.cat\/wp-content\/uploads\/2021\/05\/fascitis-6-1536x992.jpeg 1536w, https:\/\/www.fisiobalance.cat\/wp-content\/uploads\/2021\/05\/fascitis-6-2048x1322.jpeg 2048w, https:\/\/www.fisiobalance.cat\/wp-content\/uploads\/2021\/05\/fascitis-6-400x260.jpeg 400w, https:\/\/www.fisiobalance.cat\/wp-content\/uploads\/2021\/05\/fascitis-6-700x452.jpeg 700w, https:\/\/www.fisiobalance.cat\/wp-content\/uploads\/2021\/05\/fascitis-6-600x387.jpeg 600w\" sizes=\"auto, (max-width: 473px) 100vw, 473px\" \/><\/p>\n<\/div>\n<h4><strong>Consejos a seguir para evitar la fascitis plantar:<\/strong><\/h4>\n<ul>\n<li>Llevar <strong>calzado c\u00f3modo<\/strong>, ni muy alto ni muy plano sin amortiguaci\u00f3n.<\/li>\n<li>Cuando cambiamos de calzado que sea de <strong>forma lenta y progresiva.<\/strong><\/li>\n<li>Cuidarnos y mantenernos en un <strong>peso correcto.<\/strong><\/li>\n<li>Al empezar un deporte que sea de manera progresiva y guiada por un especialista.<\/li>\n<li>Acudir a un profesional que realice una valoraci\u00f3n de nuestra pisada y la postura.<\/li>\n<\/ul>\n<p>&nbsp;<\/p>\n<h2 style=\"text-align: center;\">\u00bfCu\u00e1l es el tratamiento para la fascitis plantar?<\/h2>\n<ul>\n<li><strong>Mover el pie y masajear el\u00a0tal\u00f3n\u00a0<\/strong> (con nuestras manos cogemos nuestro pie y empezamos a moverlo hac\u00eda todas las direcciones posibles, haciendo estiramientos suaves y flexibiliz\u00e1ndolo).<\/li>\n<li><strong>Crioterapia<\/strong>: poner los pies encima de botella de agua congelada y moverlo hacia delante-atr\u00e1s.<\/li>\n<li><strong>Automasaje la musculatura del pie<\/strong>: (colocamos nuestro pie encima de una pelota de tenis y realizamos c\u00edrculos encima de la pelota \u201cpodemos apoyarnos del todo, pero si es muy doloroso no apoyarse del todo\u201d)<\/li>\n<\/ul>\n<p><img loading=\"lazy\" decoding=\"async\" class=\"aligncenter wp-image-1664 \" src=\"https:\/\/www.fisiobalance.cat\/wp-content\/uploads\/2021\/05\/fascitis-5-300x200.jpeg\" alt=\"automasaje fascia plantar\" width=\"521\" height=\"347\" srcset=\"https:\/\/www.fisiobalance.cat\/wp-content\/uploads\/2021\/05\/fascitis-5-300x200.jpeg 300w, https:\/\/www.fisiobalance.cat\/wp-content\/uploads\/2021\/05\/fascitis-5-1024x684.jpeg 1024w, https:\/\/www.fisiobalance.cat\/wp-content\/uploads\/2021\/05\/fascitis-5-768x513.jpeg 768w, https:\/\/www.fisiobalance.cat\/wp-content\/uploads\/2021\/05\/fascitis-5-1536x1025.jpeg 1536w, https:\/\/www.fisiobalance.cat\/wp-content\/uploads\/2021\/05\/fascitis-5-2048x1367.jpeg 2048w, https:\/\/www.fisiobalance.cat\/wp-content\/uploads\/2021\/05\/fascitis-5-700x467.jpeg 700w, https:\/\/www.fisiobalance.cat\/wp-content\/uploads\/2021\/05\/fascitis-5-600x401.jpeg 600w\" sizes=\"auto, (max-width: 521px) 100vw, 521px\" \/><\/p>\n<ul>\n<li><strong>Masaje miofascial con forma roler del tr\u00edceps sural<\/strong> (gemelos y soleo): hacemos un automasaje con foam roler en gemelos<\/li>\n<\/ul>\n<p>Aqu\u00ed os dejamos una serie de <a href=\"https:\/\/www.instagram.com\/reel\/Chk4o54gt0-\/?igshid=MDJmNzVkMjY=\"><span style=\"color: #33cccc;\"><strong>ejercicios<\/strong> <\/span><\/a>que te ayudar\u00e1n. Haz click en el enlace.<\/p>\n<div><\/div>\n","protected":false},"excerpt":{"rendered":"<p>\u00bfQu\u00e9 es la fascitis plantar? La fascia\u00a0plantar es un tejido conjuntivo situado a lo largo de la planta del pie, desde el calc\u00e1neo (el tal\u00f3n) hasta la base de los metatarsos (justo debajo de los dedos). Este tejido es el encargado de amortiguar los impactos&#8230;<\/p>\n","protected":false},"author":3,"featured_media":1898,"comment_status":"open","ping_status":"open","sticky":false,"template":"","format":"standard","meta":{"footnotes":""},"categories":[69],"tags":[34,72,71,70,66],"class_list":["post-1646","post","type-post","status-publish","format-standard","has-post-thumbnail","hentry","category-fascitis-plantar","tag-castelldefels","tag-dolor-talon","tag-espolon-calcaneo","tag-fascitis-plantar","tag-fisioterapia"],"yoast_head":"<!-- This site is optimized with the Yoast SEO plugin v26.3 - https:\/\/yoast.com\/wordpress\/plugins\/seo\/ -->\n<title>FASCITIS PLANTAR: CAUSAS, S\u00cdNTOMAS Y TRATAMIENTO DE FISIOTERAPIA - Fisiobalance<\/title>\n<meta name=\"description\" content=\"La fascitis plantar es la inflamaci\u00f3n de este tejido fibroso principalmente en la zona de inserci\u00f3n en el calc\u00e1neo.\" \/>\n<meta name=\"robots\" content=\"index, follow, max-snippet:-1, max-image-preview:large, max-video-preview:-1\" \/>\n<link rel=\"canonical\" href=\"https:\/\/www.fisiobalance.cat\/fascitis-plantar-en-castelldefels\/\" \/>\n<meta property=\"og:locale\" content=\"en_US\" \/>\n<meta property=\"og:type\" content=\"article\" \/>\n<meta property=\"og:title\" content=\"FASCITIS PLANTAR: CAUSAS, S\u00cdNTOMAS Y TRATAMIENTO DE FISIOTERAPIA - Fisiobalance\" \/>\n<meta property=\"og:description\" content=\"La fascitis plantar es la inflamaci\u00f3n de este tejido fibroso principalmente en la zona de inserci\u00f3n en el calc\u00e1neo.\" \/>\n<meta property=\"og:url\" content=\"https:\/\/www.fisiobalance.cat\/fascitis-plantar-en-castelldefels\/\" \/>\n<meta property=\"og:site_name\" content=\"Fisiobalance\" \/>\n<meta property=\"article:published_time\" content=\"2021-05-30T08:25:45+00:00\" \/>\n<meta property=\"article:modified_time\" content=\"2023-11-12T10:58:42+00:00\" \/>\n<meta property=\"og:image\" content=\"https:\/\/www.fisiobalance.cat\/wp-content\/uploads\/2021\/05\/fascitis-plantar.jpg\" \/>\n\t<meta property=\"og:image:width\" content=\"1500\" \/>\n\t<meta property=\"og:image:height\" content=\"1000\" \/>\n\t<meta property=\"og:image:type\" content=\"image\/jpeg\" \/>\n<meta name=\"author\" content=\"fisiobalance\" \/>\n<meta name=\"twitter:card\" content=\"summary_large_image\" \/>\n<meta name=\"twitter:label1\" content=\"Written by\" \/>\n\t<meta name=\"twitter:data1\" content=\"fisiobalance\" \/>\n\t<meta name=\"twitter:label2\" content=\"Est. reading time\" \/>\n\t<meta name=\"twitter:data2\" content=\"4 minutes\" \/>\n<script type=\"application\/ld+json\" class=\"yoast-schema-graph\">{\"@context\":\"https:\/\/schema.org\",\"@graph\":[{\"@type\":\"Article\",\"@id\":\"https:\/\/www.fisiobalance.cat\/fascitis-plantar-en-castelldefels\/#article\",\"isPartOf\":{\"@id\":\"https:\/\/www.fisiobalance.cat\/fascitis-plantar-en-castelldefels\/\"},\"author\":{\"name\":\"fisiobalance\",\"@id\":\"https:\/\/www.fisiobalance.cat\/#\/schema\/person\/ff8a94c5457314fcae1821bb17fb59f9\"},\"headline\":\"FASCITIS PLANTAR: CAUSAS, S\u00cdNTOMAS Y TRATAMIENTO DE FISIOTERAPIA\",\"datePublished\":\"2021-05-30T08:25:45+00:00\",\"dateModified\":\"2023-11-12T10:58:42+00:00\",\"mainEntityOfPage\":{\"@id\":\"https:\/\/www.fisiobalance.cat\/fascitis-plantar-en-castelldefels\/\"},\"wordCount\":848,\"commentCount\":0,\"publisher\":{\"@id\":\"https:\/\/www.fisiobalance.cat\/#organization\"},\"image\":{\"@id\":\"https:\/\/www.fisiobalance.cat\/fascitis-plantar-en-castelldefels\/#primaryimage\"},\"thumbnailUrl\":\"https:\/\/www.fisiobalance.cat\/wp-content\/uploads\/2021\/05\/fascitis-plantar.jpg\",\"keywords\":[\"castelldefels\",\"dolor talon\",\"espol\u00f3n calcaneo\",\"fascitis plantar\",\"fisioterapia\"],\"articleSection\":[\"fascitis plantar\"],\"inLanguage\":\"en-US\",\"potentialAction\":[{\"@type\":\"CommentAction\",\"name\":\"Comment\",\"target\":[\"https:\/\/www.fisiobalance.cat\/fascitis-plantar-en-castelldefels\/#respond\"]}]},{\"@type\":\"WebPage\",\"@id\":\"https:\/\/www.fisiobalance.cat\/fascitis-plantar-en-castelldefels\/\",\"url\":\"https:\/\/www.fisiobalance.cat\/fascitis-plantar-en-castelldefels\/\",\"name\":\"FASCITIS PLANTAR: CAUSAS, S\u00cdNTOMAS Y TRATAMIENTO DE FISIOTERAPIA - Fisiobalance\",\"isPartOf\":{\"@id\":\"https:\/\/www.fisiobalance.cat\/#website\"},\"primaryImageOfPage\":{\"@id\":\"https:\/\/www.fisiobalance.cat\/fascitis-plantar-en-castelldefels\/#primaryimage\"},\"image\":{\"@id\":\"https:\/\/www.fisiobalance.cat\/fascitis-plantar-en-castelldefels\/#primaryimage\"},\"thumbnailUrl\":\"https:\/\/www.fisiobalance.cat\/wp-content\/uploads\/2021\/05\/fascitis-plantar.jpg\",\"datePublished\":\"2021-05-30T08:25:45+00:00\",\"dateModified\":\"2023-11-12T10:58:42+00:00\",\"description\":\"La fascitis plantar es la inflamaci\u00f3n de este tejido fibroso principalmente en la zona de inserci\u00f3n en el calc\u00e1neo.\",\"breadcrumb\":{\"@id\":\"https:\/\/www.fisiobalance.cat\/fascitis-plantar-en-castelldefels\/#breadcrumb\"},\"inLanguage\":\"en-US\",\"potentialAction\":[{\"@type\":\"ReadAction\",\"target\":[\"https:\/\/www.fisiobalance.cat\/fascitis-plantar-en-castelldefels\/\"]}]},{\"@type\":\"ImageObject\",\"inLanguage\":\"en-US\",\"@id\":\"https:\/\/www.fisiobalance.cat\/fascitis-plantar-en-castelldefels\/#primaryimage\",\"url\":\"https:\/\/www.fisiobalance.cat\/wp-content\/uploads\/2021\/05\/fascitis-plantar.jpg\",\"contentUrl\":\"https:\/\/www.fisiobalance.cat\/wp-content\/uploads\/2021\/05\/fascitis-plantar.jpg\",\"width\":1500,\"height\":1000},{\"@type\":\"BreadcrumbList\",\"@id\":\"https:\/\/www.fisiobalance.cat\/fascitis-plantar-en-castelldefels\/#breadcrumb\",\"itemListElement\":[{\"@type\":\"ListItem\",\"position\":1,\"name\":\"Portada\",\"item\":\"https:\/\/www.fisiobalance.cat\/en\/\"},{\"@type\":\"ListItem\",\"position\":2,\"name\":\"FASCITIS PLANTAR: CAUSAS, S\u00cdNTOMAS Y TRATAMIENTO DE FISIOTERAPIA\"}]},{\"@type\":\"WebSite\",\"@id\":\"https:\/\/www.fisiobalance.cat\/#website\",\"url\":\"https:\/\/www.fisiobalance.cat\/\",\"name\":\"Fisiobalance\",\"description\":\"\",\"publisher\":{\"@id\":\"https:\/\/www.fisiobalance.cat\/#organization\"},\"potentialAction\":[{\"@type\":\"SearchAction\",\"target\":{\"@type\":\"EntryPoint\",\"urlTemplate\":\"https:\/\/www.fisiobalance.cat\/?s={search_term_string}\"},\"query-input\":{\"@type\":\"PropertyValueSpecification\",\"valueRequired\":true,\"valueName\":\"search_term_string\"}}],\"inLanguage\":\"en-US\"},{\"@type\":\"Organization\",\"@id\":\"https:\/\/www.fisiobalance.cat\/#organization\",\"name\":\"Fisiobalance\",\"url\":\"https:\/\/www.fisiobalance.cat\/\",\"logo\":{\"@type\":\"ImageObject\",\"inLanguage\":\"en-US\",\"@id\":\"https:\/\/www.fisiobalance.cat\/#\/schema\/logo\/image\/\",\"url\":\"https:\/\/www.fisiobalance.cat\/wp-content\/uploads\/2018\/06\/fisiobalance_logo.png\",\"contentUrl\":\"https:\/\/www.fisiobalance.cat\/wp-content\/uploads\/2018\/06\/fisiobalance_logo.png\",\"width\":369,\"height\":53,\"caption\":\"Fisiobalance\"},\"image\":{\"@id\":\"https:\/\/www.fisiobalance.cat\/#\/schema\/logo\/image\/\"}},{\"@type\":\"Person\",\"@id\":\"https:\/\/www.fisiobalance.cat\/#\/schema\/person\/ff8a94c5457314fcae1821bb17fb59f9\",\"name\":\"fisiobalance\",\"image\":{\"@type\":\"ImageObject\",\"inLanguage\":\"en-US\",\"@id\":\"https:\/\/www.fisiobalance.cat\/#\/schema\/person\/image\/\",\"url\":\"https:\/\/secure.gravatar.com\/avatar\/d01b67c6ec8f361b22fadb8cde3b40303b5f70548e5bd5bab7a5dcd8a26cc786?s=96&d=mm&r=g\",\"contentUrl\":\"https:\/\/secure.gravatar.com\/avatar\/d01b67c6ec8f361b22fadb8cde3b40303b5f70548e5bd5bab7a5dcd8a26cc786?s=96&d=mm&r=g\",\"caption\":\"fisiobalance\"},\"url\":\"https:\/\/www.fisiobalance.cat\/en\/author\/fisiobalance\/\"}]}<\/script>\n<!-- \/ Yoast SEO plugin. -->","yoast_head_json":{"title":"FASCITIS PLANTAR: CAUSAS, S\u00cdNTOMAS Y TRATAMIENTO DE FISIOTERAPIA - Fisiobalance","description":"La fascitis plantar es la inflamaci\u00f3n de este tejido fibroso principalmente en la zona de inserci\u00f3n en el calc\u00e1neo.","robots":{"index":"index","follow":"follow","max-snippet":"max-snippet:-1","max-image-preview":"max-image-preview:large","max-video-preview":"max-video-preview:-1"},"canonical":"https:\/\/www.fisiobalance.cat\/fascitis-plantar-en-castelldefels\/","og_locale":"en_US","og_type":"article","og_title":"FASCITIS PLANTAR: CAUSAS, S\u00cdNTOMAS Y TRATAMIENTO DE FISIOTERAPIA - Fisiobalance","og_description":"La fascitis plantar es la inflamaci\u00f3n de este tejido fibroso principalmente en la zona de inserci\u00f3n en el calc\u00e1neo.","og_url":"https:\/\/www.fisiobalance.cat\/fascitis-plantar-en-castelldefels\/","og_site_name":"Fisiobalance","article_published_time":"2021-05-30T08:25:45+00:00","article_modified_time":"2023-11-12T10:58:42+00:00","og_image":[{"width":1500,"height":1000,"url":"https:\/\/www.fisiobalance.cat\/wp-content\/uploads\/2021\/05\/fascitis-plantar.jpg","type":"image\/jpeg"}],"author":"fisiobalance","twitter_card":"summary_large_image","twitter_misc":{"Written by":"fisiobalance","Est. reading time":"4 minutes"},"schema":{"@context":"https:\/\/schema.org","@graph":[{"@type":"Article","@id":"https:\/\/www.fisiobalance.cat\/fascitis-plantar-en-castelldefels\/#article","isPartOf":{"@id":"https:\/\/www.fisiobalance.cat\/fascitis-plantar-en-castelldefels\/"},"author":{"name":"fisiobalance","@id":"https:\/\/www.fisiobalance.cat\/#\/schema\/person\/ff8a94c5457314fcae1821bb17fb59f9"},"headline":"FASCITIS PLANTAR: CAUSAS, S\u00cdNTOMAS Y TRATAMIENTO DE FISIOTERAPIA","datePublished":"2021-05-30T08:25:45+00:00","dateModified":"2023-11-12T10:58:42+00:00","mainEntityOfPage":{"@id":"https:\/\/www.fisiobalance.cat\/fascitis-plantar-en-castelldefels\/"},"wordCount":848,"commentCount":0,"publisher":{"@id":"https:\/\/www.fisiobalance.cat\/#organization"},"image":{"@id":"https:\/\/www.fisiobalance.cat\/fascitis-plantar-en-castelldefels\/#primaryimage"},"thumbnailUrl":"https:\/\/www.fisiobalance.cat\/wp-content\/uploads\/2021\/05\/fascitis-plantar.jpg","keywords":["castelldefels","dolor talon","espol\u00f3n calcaneo","fascitis plantar","fisioterapia"],"articleSection":["fascitis plantar"],"inLanguage":"en-US","potentialAction":[{"@type":"CommentAction","name":"Comment","target":["https:\/\/www.fisiobalance.cat\/fascitis-plantar-en-castelldefels\/#respond"]}]},{"@type":"WebPage","@id":"https:\/\/www.fisiobalance.cat\/fascitis-plantar-en-castelldefels\/","url":"https:\/\/www.fisiobalance.cat\/fascitis-plantar-en-castelldefels\/","name":"FASCITIS PLANTAR: CAUSAS, S\u00cdNTOMAS Y TRATAMIENTO DE FISIOTERAPIA - Fisiobalance","isPartOf":{"@id":"https:\/\/www.fisiobalance.cat\/#website"},"primaryImageOfPage":{"@id":"https:\/\/www.fisiobalance.cat\/fascitis-plantar-en-castelldefels\/#primaryimage"},"image":{"@id":"https:\/\/www.fisiobalance.cat\/fascitis-plantar-en-castelldefels\/#primaryimage"},"thumbnailUrl":"https:\/\/www.fisiobalance.cat\/wp-content\/uploads\/2021\/05\/fascitis-plantar.jpg","datePublished":"2021-05-30T08:25:45+00:00","dateModified":"2023-11-12T10:58:42+00:00","description":"La fascitis plantar es la inflamaci\u00f3n de este tejido fibroso principalmente en la zona de inserci\u00f3n en el calc\u00e1neo.","breadcrumb":{"@id":"https:\/\/www.fisiobalance.cat\/fascitis-plantar-en-castelldefels\/#breadcrumb"},"inLanguage":"en-US","potentialAction":[{"@type":"ReadAction","target":["https:\/\/www.fisiobalance.cat\/fascitis-plantar-en-castelldefels\/"]}]},{"@type":"ImageObject","inLanguage":"en-US","@id":"https:\/\/www.fisiobalance.cat\/fascitis-plantar-en-castelldefels\/#primaryimage","url":"https:\/\/www.fisiobalance.cat\/wp-content\/uploads\/2021\/05\/fascitis-plantar.jpg","contentUrl":"https:\/\/www.fisiobalance.cat\/wp-content\/uploads\/2021\/05\/fascitis-plantar.jpg","width":1500,"height":1000},{"@type":"BreadcrumbList","@id":"https:\/\/www.fisiobalance.cat\/fascitis-plantar-en-castelldefels\/#breadcrumb","itemListElement":[{"@type":"ListItem","position":1,"name":"Portada","item":"https:\/\/www.fisiobalance.cat\/en\/"},{"@type":"ListItem","position":2,"name":"FASCITIS PLANTAR: CAUSAS, S\u00cdNTOMAS Y TRATAMIENTO DE FISIOTERAPIA"}]},{"@type":"WebSite","@id":"https:\/\/www.fisiobalance.cat\/#website","url":"https:\/\/www.fisiobalance.cat\/","name":"Fisiobalance","description":"","publisher":{"@id":"https:\/\/www.fisiobalance.cat\/#organization"},"potentialAction":[{"@type":"SearchAction","target":{"@type":"EntryPoint","urlTemplate":"https:\/\/www.fisiobalance.cat\/?s={search_term_string}"},"query-input":{"@type":"PropertyValueSpecification","valueRequired":true,"valueName":"search_term_string"}}],"inLanguage":"en-US"},{"@type":"Organization","@id":"https:\/\/www.fisiobalance.cat\/#organization","name":"Fisiobalance","url":"https:\/\/www.fisiobalance.cat\/","logo":{"@type":"ImageObject","inLanguage":"en-US","@id":"https:\/\/www.fisiobalance.cat\/#\/schema\/logo\/image\/","url":"https:\/\/www.fisiobalance.cat\/wp-content\/uploads\/2018\/06\/fisiobalance_logo.png","contentUrl":"https:\/\/www.fisiobalance.cat\/wp-content\/uploads\/2018\/06\/fisiobalance_logo.png","width":369,"height":53,"caption":"Fisiobalance"},"image":{"@id":"https:\/\/www.fisiobalance.cat\/#\/schema\/logo\/image\/"}},{"@type":"Person","@id":"https:\/\/www.fisiobalance.cat\/#\/schema\/person\/ff8a94c5457314fcae1821bb17fb59f9","name":"fisiobalance","image":{"@type":"ImageObject","inLanguage":"en-US","@id":"https:\/\/www.fisiobalance.cat\/#\/schema\/person\/image\/","url":"https:\/\/secure.gravatar.com\/avatar\/d01b67c6ec8f361b22fadb8cde3b40303b5f70548e5bd5bab7a5dcd8a26cc786?s=96&d=mm&r=g","contentUrl":"https:\/\/secure.gravatar.com\/avatar\/d01b67c6ec8f361b22fadb8cde3b40303b5f70548e5bd5bab7a5dcd8a26cc786?s=96&d=mm&r=g","caption":"fisiobalance"},"url":"https:\/\/www.fisiobalance.cat\/en\/author\/fisiobalance\/"}]}},"_links":{"self":[{"href":"https:\/\/www.fisiobalance.cat\/en\/wp-json\/wp\/v2\/posts\/1646","targetHints":{"allow":["GET"]}}],"collection":[{"href":"https:\/\/www.fisiobalance.cat\/en\/wp-json\/wp\/v2\/posts"}],"about":[{"href":"https:\/\/www.fisiobalance.cat\/en\/wp-json\/wp\/v2\/types\/post"}],"author":[{"embeddable":true,"href":"https:\/\/www.fisiobalance.cat\/en\/wp-json\/wp\/v2\/users\/3"}],"replies":[{"embeddable":true,"href":"https:\/\/www.fisiobalance.cat\/en\/wp-json\/wp\/v2\/comments?post=1646"}],"version-history":[{"count":38,"href":"https:\/\/www.fisiobalance.cat\/en\/wp-json\/wp\/v2\/posts\/1646\/revisions"}],"predecessor-version":[{"id":4311,"href":"https:\/\/www.fisiobalance.cat\/en\/wp-json\/wp\/v2\/posts\/1646\/revisions\/4311"}],"wp:featuredmedia":[{"embeddable":true,"href":"https:\/\/www.fisiobalance.cat\/en\/wp-json\/wp\/v2\/media\/1898"}],"wp:attachment":[{"href":"https:\/\/www.fisiobalance.cat\/en\/wp-json\/wp\/v2\/media?parent=1646"}],"wp:term":[{"taxonomy":"category","embeddable":true,"href":"https:\/\/www.fisiobalance.cat\/en\/wp-json\/wp\/v2\/categories?post=1646"},{"taxonomy":"post_tag","embeddable":true,"href":"https:\/\/www.fisiobalance.cat\/en\/wp-json\/wp\/v2\/tags?post=1646"}],"curies":[{"name":"wp","href":"https:\/\/api.w.org\/{rel}","templated":true}]}}