{"id":1748,"date":"2021-09-18T21:51:34","date_gmt":"2021-09-18T19:51:34","guid":{"rendered":"https:\/\/www.fisiobalance.cat\/?p=1748"},"modified":"2023-10-04T16:05:24","modified_gmt":"2023-10-04T14:05:24","slug":"sindrome-del-trocanter-mayor","status":"publish","type":"post","link":"https:\/\/www.fisiobalance.cat\/en\/sindrome-del-trocanter-mayor\/","title":{"rendered":"S\u00cdNDROME DEL TROCANTER MAYOR"},"content":{"rendered":"<p>Este S\u00edndrome se caracteriza por dolor en la zona lateral de la cadera y puede ser producido por diversos trastornos:<\/p>\n<ol>\n<li><strong>Tendinopat\u00edas en los m\u00fasculos gl\u00fateos medio y menor.<\/strong><\/li>\n<li><strong>Bursitis trocant\u00e9rica.<\/strong><\/li>\n<li><strong>S\u00edndrome de la cadera en resorte.<\/strong><\/li>\n<\/ol>\n<p>&nbsp;<\/p>\n<p><img loading=\"lazy\" decoding=\"async\" class=\"size-medium wp-image-1752 aligncenter\" src=\"https:\/\/www.fisiobalance.cat\/wp-content\/uploads\/2021\/09\/running-cadera-200x300.jpeg\" alt=\"\" width=\"200\" height=\"300\" srcset=\"https:\/\/www.fisiobalance.cat\/wp-content\/uploads\/2021\/09\/running-cadera-200x300.jpeg 200w, https:\/\/www.fisiobalance.cat\/wp-content\/uploads\/2021\/09\/running-cadera-683x1024.jpeg 683w, https:\/\/www.fisiobalance.cat\/wp-content\/uploads\/2021\/09\/running-cadera-768x1152.jpeg 768w, https:\/\/www.fisiobalance.cat\/wp-content\/uploads\/2021\/09\/running-cadera-1024x1536.jpeg 1024w, https:\/\/www.fisiobalance.cat\/wp-content\/uploads\/2021\/09\/running-cadera-1365x2048.jpeg 1365w, https:\/\/www.fisiobalance.cat\/wp-content\/uploads\/2021\/09\/running-cadera-700x1050.jpeg 700w, https:\/\/www.fisiobalance.cat\/wp-content\/uploads\/2021\/09\/running-cadera-300x450.jpeg 300w, https:\/\/www.fisiobalance.cat\/wp-content\/uploads\/2021\/09\/running-cadera-600x900.jpeg 600w, https:\/\/www.fisiobalance.cat\/wp-content\/uploads\/2021\/09\/running-cadera-scaled.jpeg 1707w\" sizes=\"auto, (max-width: 200px) 100vw, 200px\" \/><\/p>\n<p>El troc\u00e1nter mayor es el punto de anclaje de los tendones de cinco m\u00fasculos: <strong>gl\u00fateo medio, el gl\u00fateo menor, piramidal y los obturatores externo e interno.<\/strong><\/p>\n<p>Como suele suceder en el hombro, a causa del sobreuso se pueden producir un deterioro y lesi\u00f3n de estas estructuras (manguito rotador de la cadera) y se puede producir <strong>bursistis, tendinitis, una tendinosis y posibles desgarros.<\/strong><\/p>\n<p>Este proceso se produce con mayor frecuencia en el <strong>gl\u00fateo medio.<\/strong><\/p>\n<p><img loading=\"lazy\" decoding=\"async\" class=\"size-medium wp-image-1754 aligncenter\" src=\"https:\/\/www.fisiobalance.cat\/wp-content\/uploads\/2021\/09\/gluteo-medio--300x300.jpeg\" alt=\"\" width=\"300\" height=\"300\" srcset=\"https:\/\/www.fisiobalance.cat\/wp-content\/uploads\/2021\/09\/gluteo-medio--300x300.jpeg 300w, https:\/\/www.fisiobalance.cat\/wp-content\/uploads\/2021\/09\/gluteo-medio--1024x1024.jpeg 1024w, https:\/\/www.fisiobalance.cat\/wp-content\/uploads\/2021\/09\/gluteo-medio--150x150.jpeg 150w, https:\/\/www.fisiobalance.cat\/wp-content\/uploads\/2021\/09\/gluteo-medio--768x768.jpeg 768w, https:\/\/www.fisiobalance.cat\/wp-content\/uploads\/2021\/09\/gluteo-medio--1536x1536.jpeg 1536w, https:\/\/www.fisiobalance.cat\/wp-content\/uploads\/2021\/09\/gluteo-medio--2048x2048.jpeg 2048w, https:\/\/www.fisiobalance.cat\/wp-content\/uploads\/2021\/09\/gluteo-medio--570x570.jpeg 570w, https:\/\/www.fisiobalance.cat\/wp-content\/uploads\/2021\/09\/gluteo-medio--500x500.jpeg 500w, https:\/\/www.fisiobalance.cat\/wp-content\/uploads\/2021\/09\/gluteo-medio--1000x1000.jpeg 1000w, https:\/\/www.fisiobalance.cat\/wp-content\/uploads\/2021\/09\/gluteo-medio--700x700.jpeg 700w, https:\/\/www.fisiobalance.cat\/wp-content\/uploads\/2021\/09\/gluteo-medio--600x600.jpeg 600w, https:\/\/www.fisiobalance.cat\/wp-content\/uploads\/2021\/09\/gluteo-medio--100x100.jpeg 100w\" sizes=\"auto, (max-width: 300px) 100vw, 300px\" \/><\/p>\n<h2>S\u00edntomas:<\/h2>\n<ul>\n<li>Presencia de dolor al <strong>tumbarse de lado sobre el lado<\/strong> afectado.<\/li>\n<li>Dolor al Sentarse con las <strong>piernas cruzadas.<\/strong><\/li>\n<li>Dolor durante la <strong>marcha y la carrera<\/strong><\/li>\n<li>Dolor en la <strong>abducci\u00f3n de cadera<\/strong> resistida.<\/li>\n<li>Dolor en el <strong>apoyo monopodal<\/strong> durante mucho tiempo y\/o con carga.<\/li>\n<li>P\u00e9rdida de los rangos de movimiento de la cadera.<\/li>\n<li>Disminuci\u00f3n de la fuerza de abducci\u00f3n (separaci\u00f3n) de la cadera cuando hay <strong>desgarros de los tendones gl\u00fateos.<\/strong><\/li>\n<\/ul>\n<h2><\/h2>\n<h2>Causas<\/h2>\n<p>Este dolor en el troc\u00e1nter mayor del f\u00e9mur puede estar provocado por varias causas, como por ejemplo desequilibrios muculares o puntos gatillos activos.<\/p>\n<h2>Desequilibrio muscular<\/h2>\n<p>Esto significa que, en muchas ocasiones a causa\u00a0 de una atrofia de gl\u00fateo medio sobresolicitando al TFL se produce excesiva <em>tensi\u00f3n en la cintilla iliotibial.<\/em><\/p>\n<p>Por esta raz\u00f3n, el tratamiento debe estar enfocado en aumentar la fuerza de los abductores, es decir, los musculors que se insertane n el trocanter (gl\u00fateo medio y menor), porque de esta manera se requerir\u00e1 menos la contracci\u00f3n de los abductores que tensan la cintilla iliotibial.<\/p>\n<p><span style=\"color: #33cccc;\"><strong><a style=\"color: #33cccc;\" href=\"https:\/\/www.instagram.com\/p\/B_A0CQEK9Af\/?utm_medium=copy_link\">Ejercicios para tonificar el gl\u00fateo medio<\/a>:<\/strong><\/span><\/p>\n<p><img loading=\"lazy\" decoding=\"async\" class=\"size-medium wp-image-1756 aligncenter\" src=\"https:\/\/www.fisiobalance.cat\/wp-content\/uploads\/2021\/09\/tonificar-gluteo-medio-200x300.jpeg\" alt=\"\" width=\"200\" height=\"300\" srcset=\"https:\/\/www.fisiobalance.cat\/wp-content\/uploads\/2021\/09\/tonificar-gluteo-medio-200x300.jpeg 200w, https:\/\/www.fisiobalance.cat\/wp-content\/uploads\/2021\/09\/tonificar-gluteo-medio-683x1024.jpeg 683w, https:\/\/www.fisiobalance.cat\/wp-content\/uploads\/2021\/09\/tonificar-gluteo-medio-768x1152.jpeg 768w, https:\/\/www.fisiobalance.cat\/wp-content\/uploads\/2021\/09\/tonificar-gluteo-medio-1024x1536.jpeg 1024w, https:\/\/www.fisiobalance.cat\/wp-content\/uploads\/2021\/09\/tonificar-gluteo-medio-1365x2048.jpeg 1365w, https:\/\/www.fisiobalance.cat\/wp-content\/uploads\/2021\/09\/tonificar-gluteo-medio-700x1050.jpeg 700w, https:\/\/www.fisiobalance.cat\/wp-content\/uploads\/2021\/09\/tonificar-gluteo-medio-300x450.jpeg 300w, https:\/\/www.fisiobalance.cat\/wp-content\/uploads\/2021\/09\/tonificar-gluteo-medio-600x900.jpeg 600w, https:\/\/www.fisiobalance.cat\/wp-content\/uploads\/2021\/09\/tonificar-gluteo-medio-scaled.jpeg 1707w\" sizes=\"auto, (max-width: 200px) 100vw, 200px\" \/><\/p>\n<p>&nbsp;<\/p>\n<h2>Puntos gatillos miofasciales activos<\/h2>\n<p>Podr\u00eda estar causado por diferentes <a href=\"https:\/\/www.fisiobalance.cat\/la-tecnica-de-puncion-seca-para-tratar-el-dolor-muscular\/\"><strong><span style=\"color: #33cccc;\">puntos gatillo miofasciales (PG)<\/span><\/strong><\/a> activos en algunos m\u00fasculos, como el gl\u00fateo mayor, el gl\u00fateo medio, el gl\u00fateo menor, el piramidal, el tensor de la fascia lata o el vasto externo del cu\u00e1driceps seg\u00fan los mapas de dolor referido y las relaciones anat\u00f3micas de estas estructuras.<\/p>\n<p><img loading=\"lazy\" decoding=\"async\" class=\"alignnone size-medium wp-image-3021 aligncenter\" src=\"https:\/\/www.fisiobalance.cat\/wp-content\/uploads\/2021\/09\/CLAUSEN-112-300x200.jpg\" alt=\"\" width=\"300\" height=\"200\" srcset=\"https:\/\/www.fisiobalance.cat\/wp-content\/uploads\/2021\/09\/CLAUSEN-112-300x200.jpg 300w, https:\/\/www.fisiobalance.cat\/wp-content\/uploads\/2021\/09\/CLAUSEN-112-1024x683.jpg 1024w, https:\/\/www.fisiobalance.cat\/wp-content\/uploads\/2021\/09\/CLAUSEN-112-768x512.jpg 768w, https:\/\/www.fisiobalance.cat\/wp-content\/uploads\/2021\/09\/CLAUSEN-112-1536x1024.jpg 1536w, https:\/\/www.fisiobalance.cat\/wp-content\/uploads\/2021\/09\/CLAUSEN-112-2048x1365.jpg 2048w, https:\/\/www.fisiobalance.cat\/wp-content\/uploads\/2021\/09\/CLAUSEN-112-700x467.jpg 700w, https:\/\/www.fisiobalance.cat\/wp-content\/uploads\/2021\/09\/CLAUSEN-112-600x400.jpg 600w\" sizes=\"auto, (max-width: 300px) 100vw, 300px\" \/><\/p>\n<p>&nbsp;<\/p>\n<p>&nbsp;<\/p>\n","protected":false},"excerpt":{"rendered":"<p>Este S\u00edndrome se caracteriza por dolor en la zona lateral de la cadera y puede ser producido por diversos trastornos: Tendinopat\u00edas en los m\u00fasculos gl\u00fateos medio y menor. Bursitis trocant\u00e9rica. S\u00edndrome de la cadera en resorte. &nbsp; El troc\u00e1nter mayor es el punto de anclaje&#8230;<\/p>\n","protected":false},"author":3,"featured_media":1892,"comment_status":"open","ping_status":"open","sticky":false,"template":"","format":"standard","meta":{"footnotes":""},"categories":[246],"tags":[133,110],"class_list":["post-1748","post","type-post","status-publish","format-standard","has-post-thumbnail","hentry","category-fisioterapia","tag-sindrome-de-la-cintilla-iliotibial","tag-sindrome-trocanter-mayor-castelldefels"],"yoast_head":"<!-- This site is optimized with the Yoast SEO plugin v26.3 - https:\/\/yoast.com\/wordpress\/plugins\/seo\/ -->\n<title>S\u00cdNDROME DEL TROCANTER MAYOR - Fisiobalance<\/title>\n<meta name=\"description\" content=\"El s\u00edndrome del troc\u00e1nter mayor: dolor en la zona lateral de la cadera debido a tendinopat\u00edas en los m\u00fasculos gl\u00fateos medio y menor.\" \/>\n<meta name=\"robots\" content=\"index, follow, max-snippet:-1, max-image-preview:large, max-video-preview:-1\" \/>\n<link rel=\"canonical\" href=\"https:\/\/www.fisiobalance.cat\/sindrome-del-trocanter-mayor\/\" \/>\n<meta property=\"og:locale\" content=\"en_US\" \/>\n<meta property=\"og:type\" content=\"article\" \/>\n<meta property=\"og:title\" content=\"S\u00cdNDROME DEL TROCANTER MAYOR - Fisiobalance\" \/>\n<meta property=\"og:description\" content=\"El s\u00edndrome del troc\u00e1nter mayor: dolor en la zona lateral de la cadera debido a tendinopat\u00edas en los m\u00fasculos gl\u00fateos medio y menor.\" \/>\n<meta property=\"og:url\" content=\"https:\/\/www.fisiobalance.cat\/sindrome-del-trocanter-mayor\/\" \/>\n<meta property=\"og:site_name\" content=\"Fisiobalance\" \/>\n<meta property=\"article:published_time\" content=\"2021-09-18T19:51:34+00:00\" \/>\n<meta property=\"article:modified_time\" content=\"2023-10-04T14:05:24+00:00\" \/>\n<meta property=\"og:image\" content=\"https:\/\/www.fisiobalance.cat\/wp-content\/uploads\/2021\/09\/running-cadera.jpg\" \/>\n\t<meta property=\"og:image:width\" content=\"1500\" \/>\n\t<meta property=\"og:image:height\" content=\"1000\" \/>\n\t<meta property=\"og:image:type\" content=\"image\/jpeg\" \/>\n<meta name=\"author\" content=\"fisiobalance\" \/>\n<meta name=\"twitter:card\" content=\"summary_large_image\" \/>\n<meta name=\"twitter:label1\" content=\"Written by\" \/>\n\t<meta name=\"twitter:data1\" content=\"fisiobalance\" \/>\n\t<meta name=\"twitter:label2\" content=\"Est. reading time\" \/>\n\t<meta name=\"twitter:data2\" content=\"2 minutes\" \/>\n<script type=\"application\/ld+json\" class=\"yoast-schema-graph\">{\"@context\":\"https:\/\/schema.org\",\"@graph\":[{\"@type\":\"Article\",\"@id\":\"https:\/\/www.fisiobalance.cat\/sindrome-del-trocanter-mayor\/#article\",\"isPartOf\":{\"@id\":\"https:\/\/www.fisiobalance.cat\/sindrome-del-trocanter-mayor\/\"},\"author\":{\"name\":\"fisiobalance\",\"@id\":\"https:\/\/www.fisiobalance.cat\/#\/schema\/person\/ff8a94c5457314fcae1821bb17fb59f9\"},\"headline\":\"S\u00cdNDROME DEL TROCANTER MAYOR\",\"datePublished\":\"2021-09-18T19:51:34+00:00\",\"dateModified\":\"2023-10-04T14:05:24+00:00\",\"mainEntityOfPage\":{\"@id\":\"https:\/\/www.fisiobalance.cat\/sindrome-del-trocanter-mayor\/\"},\"wordCount\":381,\"commentCount\":0,\"publisher\":{\"@id\":\"https:\/\/www.fisiobalance.cat\/#organization\"},\"image\":{\"@id\":\"https:\/\/www.fisiobalance.cat\/sindrome-del-trocanter-mayor\/#primaryimage\"},\"thumbnailUrl\":\"https:\/\/www.fisiobalance.cat\/wp-content\/uploads\/2021\/09\/running-cadera.jpg\",\"keywords\":[\"sindrome de la cintilla iliotibial\",\"sindrome trocanter mayor castelldefels\"],\"articleSection\":[\"Fisioterapia\"],\"inLanguage\":\"en-US\",\"potentialAction\":[{\"@type\":\"CommentAction\",\"name\":\"Comment\",\"target\":[\"https:\/\/www.fisiobalance.cat\/sindrome-del-trocanter-mayor\/#respond\"]}]},{\"@type\":\"WebPage\",\"@id\":\"https:\/\/www.fisiobalance.cat\/sindrome-del-trocanter-mayor\/\",\"url\":\"https:\/\/www.fisiobalance.cat\/sindrome-del-trocanter-mayor\/\",\"name\":\"S\u00cdNDROME DEL TROCANTER MAYOR - Fisiobalance\",\"isPartOf\":{\"@id\":\"https:\/\/www.fisiobalance.cat\/#website\"},\"primaryImageOfPage\":{\"@id\":\"https:\/\/www.fisiobalance.cat\/sindrome-del-trocanter-mayor\/#primaryimage\"},\"image\":{\"@id\":\"https:\/\/www.fisiobalance.cat\/sindrome-del-trocanter-mayor\/#primaryimage\"},\"thumbnailUrl\":\"https:\/\/www.fisiobalance.cat\/wp-content\/uploads\/2021\/09\/running-cadera.jpg\",\"datePublished\":\"2021-09-18T19:51:34+00:00\",\"dateModified\":\"2023-10-04T14:05:24+00:00\",\"description\":\"El s\u00edndrome del troc\u00e1nter mayor: dolor en la zona lateral de la cadera debido a tendinopat\u00edas en los m\u00fasculos gl\u00fateos medio y menor.\",\"breadcrumb\":{\"@id\":\"https:\/\/www.fisiobalance.cat\/sindrome-del-trocanter-mayor\/#breadcrumb\"},\"inLanguage\":\"en-US\",\"potentialAction\":[{\"@type\":\"ReadAction\",\"target\":[\"https:\/\/www.fisiobalance.cat\/sindrome-del-trocanter-mayor\/\"]}]},{\"@type\":\"ImageObject\",\"inLanguage\":\"en-US\",\"@id\":\"https:\/\/www.fisiobalance.cat\/sindrome-del-trocanter-mayor\/#primaryimage\",\"url\":\"https:\/\/www.fisiobalance.cat\/wp-content\/uploads\/2021\/09\/running-cadera.jpg\",\"contentUrl\":\"https:\/\/www.fisiobalance.cat\/wp-content\/uploads\/2021\/09\/running-cadera.jpg\",\"width\":1500,\"height\":1000},{\"@type\":\"BreadcrumbList\",\"@id\":\"https:\/\/www.fisiobalance.cat\/sindrome-del-trocanter-mayor\/#breadcrumb\",\"itemListElement\":[{\"@type\":\"ListItem\",\"position\":1,\"name\":\"Portada\",\"item\":\"https:\/\/www.fisiobalance.cat\/en\/\"},{\"@type\":\"ListItem\",\"position\":2,\"name\":\"S\u00cdNDROME DEL TROCANTER MAYOR\"}]},{\"@type\":\"WebSite\",\"@id\":\"https:\/\/www.fisiobalance.cat\/#website\",\"url\":\"https:\/\/www.fisiobalance.cat\/\",\"name\":\"Fisiobalance\",\"description\":\"\",\"publisher\":{\"@id\":\"https:\/\/www.fisiobalance.cat\/#organization\"},\"potentialAction\":[{\"@type\":\"SearchAction\",\"target\":{\"@type\":\"EntryPoint\",\"urlTemplate\":\"https:\/\/www.fisiobalance.cat\/?s={search_term_string}\"},\"query-input\":{\"@type\":\"PropertyValueSpecification\",\"valueRequired\":true,\"valueName\":\"search_term_string\"}}],\"inLanguage\":\"en-US\"},{\"@type\":\"Organization\",\"@id\":\"https:\/\/www.fisiobalance.cat\/#organization\",\"name\":\"Fisiobalance\",\"url\":\"https:\/\/www.fisiobalance.cat\/\",\"logo\":{\"@type\":\"ImageObject\",\"inLanguage\":\"en-US\",\"@id\":\"https:\/\/www.fisiobalance.cat\/#\/schema\/logo\/image\/\",\"url\":\"https:\/\/www.fisiobalance.cat\/wp-content\/uploads\/2018\/06\/fisiobalance_logo.png\",\"contentUrl\":\"https:\/\/www.fisiobalance.cat\/wp-content\/uploads\/2018\/06\/fisiobalance_logo.png\",\"width\":369,\"height\":53,\"caption\":\"Fisiobalance\"},\"image\":{\"@id\":\"https:\/\/www.fisiobalance.cat\/#\/schema\/logo\/image\/\"}},{\"@type\":\"Person\",\"@id\":\"https:\/\/www.fisiobalance.cat\/#\/schema\/person\/ff8a94c5457314fcae1821bb17fb59f9\",\"name\":\"fisiobalance\",\"image\":{\"@type\":\"ImageObject\",\"inLanguage\":\"en-US\",\"@id\":\"https:\/\/www.fisiobalance.cat\/#\/schema\/person\/image\/\",\"url\":\"https:\/\/secure.gravatar.com\/avatar\/d01b67c6ec8f361b22fadb8cde3b40303b5f70548e5bd5bab7a5dcd8a26cc786?s=96&d=mm&r=g\",\"contentUrl\":\"https:\/\/secure.gravatar.com\/avatar\/d01b67c6ec8f361b22fadb8cde3b40303b5f70548e5bd5bab7a5dcd8a26cc786?s=96&d=mm&r=g\",\"caption\":\"fisiobalance\"},\"url\":\"https:\/\/www.fisiobalance.cat\/en\/author\/fisiobalance\/\"}]}<\/script>\n<!-- \/ Yoast SEO plugin. -->","yoast_head_json":{"title":"S\u00cdNDROME DEL TROCANTER MAYOR - Fisiobalance","description":"El s\u00edndrome del troc\u00e1nter mayor: dolor en la zona lateral de la cadera debido a tendinopat\u00edas en los m\u00fasculos gl\u00fateos medio y menor.","robots":{"index":"index","follow":"follow","max-snippet":"max-snippet:-1","max-image-preview":"max-image-preview:large","max-video-preview":"max-video-preview:-1"},"canonical":"https:\/\/www.fisiobalance.cat\/sindrome-del-trocanter-mayor\/","og_locale":"en_US","og_type":"article","og_title":"S\u00cdNDROME DEL TROCANTER MAYOR - Fisiobalance","og_description":"El s\u00edndrome del troc\u00e1nter mayor: dolor en la zona lateral de la cadera debido a tendinopat\u00edas en los m\u00fasculos gl\u00fateos medio y menor.","og_url":"https:\/\/www.fisiobalance.cat\/sindrome-del-trocanter-mayor\/","og_site_name":"Fisiobalance","article_published_time":"2021-09-18T19:51:34+00:00","article_modified_time":"2023-10-04T14:05:24+00:00","og_image":[{"width":1500,"height":1000,"url":"https:\/\/www.fisiobalance.cat\/wp-content\/uploads\/2021\/09\/running-cadera.jpg","type":"image\/jpeg"}],"author":"fisiobalance","twitter_card":"summary_large_image","twitter_misc":{"Written by":"fisiobalance","Est. reading time":"2 minutes"},"schema":{"@context":"https:\/\/schema.org","@graph":[{"@type":"Article","@id":"https:\/\/www.fisiobalance.cat\/sindrome-del-trocanter-mayor\/#article","isPartOf":{"@id":"https:\/\/www.fisiobalance.cat\/sindrome-del-trocanter-mayor\/"},"author":{"name":"fisiobalance","@id":"https:\/\/www.fisiobalance.cat\/#\/schema\/person\/ff8a94c5457314fcae1821bb17fb59f9"},"headline":"S\u00cdNDROME DEL TROCANTER MAYOR","datePublished":"2021-09-18T19:51:34+00:00","dateModified":"2023-10-04T14:05:24+00:00","mainEntityOfPage":{"@id":"https:\/\/www.fisiobalance.cat\/sindrome-del-trocanter-mayor\/"},"wordCount":381,"commentCount":0,"publisher":{"@id":"https:\/\/www.fisiobalance.cat\/#organization"},"image":{"@id":"https:\/\/www.fisiobalance.cat\/sindrome-del-trocanter-mayor\/#primaryimage"},"thumbnailUrl":"https:\/\/www.fisiobalance.cat\/wp-content\/uploads\/2021\/09\/running-cadera.jpg","keywords":["sindrome de la cintilla iliotibial","sindrome trocanter mayor castelldefels"],"articleSection":["Fisioterapia"],"inLanguage":"en-US","potentialAction":[{"@type":"CommentAction","name":"Comment","target":["https:\/\/www.fisiobalance.cat\/sindrome-del-trocanter-mayor\/#respond"]}]},{"@type":"WebPage","@id":"https:\/\/www.fisiobalance.cat\/sindrome-del-trocanter-mayor\/","url":"https:\/\/www.fisiobalance.cat\/sindrome-del-trocanter-mayor\/","name":"S\u00cdNDROME DEL TROCANTER MAYOR - Fisiobalance","isPartOf":{"@id":"https:\/\/www.fisiobalance.cat\/#website"},"primaryImageOfPage":{"@id":"https:\/\/www.fisiobalance.cat\/sindrome-del-trocanter-mayor\/#primaryimage"},"image":{"@id":"https:\/\/www.fisiobalance.cat\/sindrome-del-trocanter-mayor\/#primaryimage"},"thumbnailUrl":"https:\/\/www.fisiobalance.cat\/wp-content\/uploads\/2021\/09\/running-cadera.jpg","datePublished":"2021-09-18T19:51:34+00:00","dateModified":"2023-10-04T14:05:24+00:00","description":"El s\u00edndrome del troc\u00e1nter mayor: dolor en la zona lateral de la cadera debido a tendinopat\u00edas en los m\u00fasculos gl\u00fateos medio y menor.","breadcrumb":{"@id":"https:\/\/www.fisiobalance.cat\/sindrome-del-trocanter-mayor\/#breadcrumb"},"inLanguage":"en-US","potentialAction":[{"@type":"ReadAction","target":["https:\/\/www.fisiobalance.cat\/sindrome-del-trocanter-mayor\/"]}]},{"@type":"ImageObject","inLanguage":"en-US","@id":"https:\/\/www.fisiobalance.cat\/sindrome-del-trocanter-mayor\/#primaryimage","url":"https:\/\/www.fisiobalance.cat\/wp-content\/uploads\/2021\/09\/running-cadera.jpg","contentUrl":"https:\/\/www.fisiobalance.cat\/wp-content\/uploads\/2021\/09\/running-cadera.jpg","width":1500,"height":1000},{"@type":"BreadcrumbList","@id":"https:\/\/www.fisiobalance.cat\/sindrome-del-trocanter-mayor\/#breadcrumb","itemListElement":[{"@type":"ListItem","position":1,"name":"Portada","item":"https:\/\/www.fisiobalance.cat\/en\/"},{"@type":"ListItem","position":2,"name":"S\u00cdNDROME DEL TROCANTER MAYOR"}]},{"@type":"WebSite","@id":"https:\/\/www.fisiobalance.cat\/#website","url":"https:\/\/www.fisiobalance.cat\/","name":"Fisiobalance","description":"","publisher":{"@id":"https:\/\/www.fisiobalance.cat\/#organization"},"potentialAction":[{"@type":"SearchAction","target":{"@type":"EntryPoint","urlTemplate":"https:\/\/www.fisiobalance.cat\/?s={search_term_string}"},"query-input":{"@type":"PropertyValueSpecification","valueRequired":true,"valueName":"search_term_string"}}],"inLanguage":"en-US"},{"@type":"Organization","@id":"https:\/\/www.fisiobalance.cat\/#organization","name":"Fisiobalance","url":"https:\/\/www.fisiobalance.cat\/","logo":{"@type":"ImageObject","inLanguage":"en-US","@id":"https:\/\/www.fisiobalance.cat\/#\/schema\/logo\/image\/","url":"https:\/\/www.fisiobalance.cat\/wp-content\/uploads\/2018\/06\/fisiobalance_logo.png","contentUrl":"https:\/\/www.fisiobalance.cat\/wp-content\/uploads\/2018\/06\/fisiobalance_logo.png","width":369,"height":53,"caption":"Fisiobalance"},"image":{"@id":"https:\/\/www.fisiobalance.cat\/#\/schema\/logo\/image\/"}},{"@type":"Person","@id":"https:\/\/www.fisiobalance.cat\/#\/schema\/person\/ff8a94c5457314fcae1821bb17fb59f9","name":"fisiobalance","image":{"@type":"ImageObject","inLanguage":"en-US","@id":"https:\/\/www.fisiobalance.cat\/#\/schema\/person\/image\/","url":"https:\/\/secure.gravatar.com\/avatar\/d01b67c6ec8f361b22fadb8cde3b40303b5f70548e5bd5bab7a5dcd8a26cc786?s=96&d=mm&r=g","contentUrl":"https:\/\/secure.gravatar.com\/avatar\/d01b67c6ec8f361b22fadb8cde3b40303b5f70548e5bd5bab7a5dcd8a26cc786?s=96&d=mm&r=g","caption":"fisiobalance"},"url":"https:\/\/www.fisiobalance.cat\/en\/author\/fisiobalance\/"}]}},"_links":{"self":[{"href":"https:\/\/www.fisiobalance.cat\/en\/wp-json\/wp\/v2\/posts\/1748","targetHints":{"allow":["GET"]}}],"collection":[{"href":"https:\/\/www.fisiobalance.cat\/en\/wp-json\/wp\/v2\/posts"}],"about":[{"href":"https:\/\/www.fisiobalance.cat\/en\/wp-json\/wp\/v2\/types\/post"}],"author":[{"embeddable":true,"href":"https:\/\/www.fisiobalance.cat\/en\/wp-json\/wp\/v2\/users\/3"}],"replies":[{"embeddable":true,"href":"https:\/\/www.fisiobalance.cat\/en\/wp-json\/wp\/v2\/comments?post=1748"}],"version-history":[{"count":30,"href":"https:\/\/www.fisiobalance.cat\/en\/wp-json\/wp\/v2\/posts\/1748\/revisions"}],"predecessor-version":[{"id":3584,"href":"https:\/\/www.fisiobalance.cat\/en\/wp-json\/wp\/v2\/posts\/1748\/revisions\/3584"}],"wp:featuredmedia":[{"embeddable":true,"href":"https:\/\/www.fisiobalance.cat\/en\/wp-json\/wp\/v2\/media\/1892"}],"wp:attachment":[{"href":"https:\/\/www.fisiobalance.cat\/en\/wp-json\/wp\/v2\/media?parent=1748"}],"wp:term":[{"taxonomy":"category","embeddable":true,"href":"https:\/\/www.fisiobalance.cat\/en\/wp-json\/wp\/v2\/categories?post=1748"},{"taxonomy":"post_tag","embeddable":true,"href":"https:\/\/www.fisiobalance.cat\/en\/wp-json\/wp\/v2\/tags?post=1748"}],"curies":[{"name":"wp","href":"https:\/\/api.w.org\/{rel}","templated":true}]}}