{"id":3505,"date":"2023-02-16T22:41:47","date_gmt":"2023-02-16T21:41:47","guid":{"rendered":"https:\/\/www.fisiobalance.cat\/?p=3505"},"modified":"2023-10-04T16:04:42","modified_gmt":"2023-10-04T14:04:42","slug":"dolor-orofacial-y-disfunciones-temporomandibulares","status":"publish","type":"post","link":"https:\/\/www.fisiobalance.cat\/en\/dolor-orofacial-y-disfunciones-temporomandibulares\/","title":{"rendered":"DOLOR OROFACIAL Y DISFUNCION TEMPOROMANDIBULAR"},"content":{"rendered":"<p>El <strong>dolor orofacial<\/strong> estudia las entidades cl\u00ednicas que cursan con dolor en el \u00e1rea de la boca, cara, cabeza y cuello.<\/p>\n<p>El dolor es una <strong>experiencia subjetiva<\/strong> que depende de muchos factores.\u00a0 No hay dos personas con la misma afectaci\u00f3n que sufran el mismo dolor. Y dentro del <em>dolor orofacial,<\/em> encontramos las <strong>disfunciones temporomandibulares.<\/strong><\/p>\n<p><img loading=\"lazy\" decoding=\"async\" class=\"alignnone size-medium wp-image-3532 aligncenter\" src=\"https:\/\/www.fisiobalance.cat\/wp-content\/uploads\/2023\/02\/dolor-mandibula-300x190.jpeg\" alt=\"\" width=\"300\" height=\"190\" srcset=\"https:\/\/www.fisiobalance.cat\/wp-content\/uploads\/2023\/02\/dolor-mandibula-300x190.jpeg 300w, https:\/\/www.fisiobalance.cat\/wp-content\/uploads\/2023\/02\/dolor-mandibula-1024x647.jpeg 1024w, https:\/\/www.fisiobalance.cat\/wp-content\/uploads\/2023\/02\/dolor-mandibula-768x485.jpeg 768w, https:\/\/www.fisiobalance.cat\/wp-content\/uploads\/2023\/02\/dolor-mandibula-1536x971.jpeg 1536w, https:\/\/www.fisiobalance.cat\/wp-content\/uploads\/2023\/02\/dolor-mandibula-2048x1295.jpeg 2048w, https:\/\/www.fisiobalance.cat\/wp-content\/uploads\/2023\/02\/dolor-mandibula-700x442.jpeg 700w, https:\/\/www.fisiobalance.cat\/wp-content\/uploads\/2023\/02\/dolor-mandibula-600x379.jpeg 600w\" sizes=\"auto, (max-width: 300px) 100vw, 300px\" \/><\/p>\n<h2>Disfunciones temporomandibulares<\/h2>\n<p>La disfunci\u00f3n temporomandibular es un t\u00e9rmino general que abarca entidades cl\u00ednicas que involucran la musculatura masticatoria, la articulaci\u00f3n temporomandibular y estructuras relacionadas. Las diferentes entidades pueden aparecer de forma aislada o combinada.<\/p>\n<p>En muchas ocasiones el <strong>dolor cervicodorsal e incluso lumbar<\/strong> puede ser un factor de riesgo para padecer dolor temporomandibular. El 59% de los individuos con dolor temporomandibular tambi\u00e9n presentan dolor cervicodorsal o lumbar.<\/p>\n<h2>Anatom\u00eda<\/h2>\n<p>Para comprender en qu\u00e9 consisten las <strong>disfunciones temporomandibulares,<\/strong> primero debemos conocer la anatom\u00eda y funci\u00f3n de la articulaci\u00f3n temporomandibular (ATM).<br \/>\nLa <strong>ATM<\/strong> es la articulaci\u00f3n que conforman el hueso temporal (que forma parte del cr\u00e1neo) con el hueso mandibular.<\/p>\n<p><img loading=\"lazy\" decoding=\"async\" class=\"wp-image-3528 aligncenter\" src=\"https:\/\/www.fisiobalance.cat\/wp-content\/uploads\/2023\/02\/masetero-temporal-300x197.jpeg\" alt=\"\" width=\"344\" height=\"226\" srcset=\"https:\/\/www.fisiobalance.cat\/wp-content\/uploads\/2023\/02\/masetero-temporal-300x197.jpeg 300w, https:\/\/www.fisiobalance.cat\/wp-content\/uploads\/2023\/02\/masetero-temporal-1024x674.jpeg 1024w, https:\/\/www.fisiobalance.cat\/wp-content\/uploads\/2023\/02\/masetero-temporal-768x505.jpeg 768w, https:\/\/www.fisiobalance.cat\/wp-content\/uploads\/2023\/02\/masetero-temporal-1536x1010.jpeg 1536w, https:\/\/www.fisiobalance.cat\/wp-content\/uploads\/2023\/02\/masetero-temporal-2048x1347.jpeg 2048w, https:\/\/www.fisiobalance.cat\/wp-content\/uploads\/2023\/02\/masetero-temporal-700x460.jpeg 700w, https:\/\/www.fisiobalance.cat\/wp-content\/uploads\/2023\/02\/masetero-temporal-600x395.jpeg 600w\" sizes=\"auto, (max-width: 344px) 100vw, 344px\" \/><\/p>\n<p>Tenemos una a cada lado de la cara, y es la articulaci\u00f3n que mediante el movimiento de la mand\u00edbula permite <strong>hablar, masticar y respirar.<\/strong><\/p>\n<p>Dentro de esta curiosa articulaci\u00f3n, a parte de los huesos que la conforman, encontraremos un <strong>disco intrararticular<\/strong>, un <strong>sistema ligamentoso y la c\u00e1psula articular.<\/strong> Todas estructuras y la musculatura que la rodea deben estar en perfectas condiciones para el movimiento de la mand\u00edbula.<\/p>\n<p><img loading=\"lazy\" decoding=\"async\" class=\"size-medium wp-image-3522 aligncenter\" src=\"https:\/\/www.fisiobalance.cat\/wp-content\/uploads\/2023\/02\/Temporal-y-masndibula-300x300.jpeg\" alt=\"\" width=\"300\" height=\"300\" srcset=\"https:\/\/www.fisiobalance.cat\/wp-content\/uploads\/2023\/02\/Temporal-y-masndibula-300x300.jpeg 300w, https:\/\/www.fisiobalance.cat\/wp-content\/uploads\/2023\/02\/Temporal-y-masndibula-1024x1024.jpeg 1024w, https:\/\/www.fisiobalance.cat\/wp-content\/uploads\/2023\/02\/Temporal-y-masndibula-150x150.jpeg 150w, https:\/\/www.fisiobalance.cat\/wp-content\/uploads\/2023\/02\/Temporal-y-masndibula-768x768.jpeg 768w, https:\/\/www.fisiobalance.cat\/wp-content\/uploads\/2023\/02\/Temporal-y-masndibula-1536x1536.jpeg 1536w, https:\/\/www.fisiobalance.cat\/wp-content\/uploads\/2023\/02\/Temporal-y-masndibula-2048x2048.jpeg 2048w, https:\/\/www.fisiobalance.cat\/wp-content\/uploads\/2023\/02\/Temporal-y-masndibula-570x570.jpeg 570w, https:\/\/www.fisiobalance.cat\/wp-content\/uploads\/2023\/02\/Temporal-y-masndibula-500x500.jpeg 500w, https:\/\/www.fisiobalance.cat\/wp-content\/uploads\/2023\/02\/Temporal-y-masndibula-1000x1000.jpeg 1000w, https:\/\/www.fisiobalance.cat\/wp-content\/uploads\/2023\/02\/Temporal-y-masndibula-700x700.jpeg 700w, https:\/\/www.fisiobalance.cat\/wp-content\/uploads\/2023\/02\/Temporal-y-masndibula-600x600.jpeg 600w, https:\/\/www.fisiobalance.cat\/wp-content\/uploads\/2023\/02\/Temporal-y-masndibula-100x100.jpeg 100w\" sizes=\"auto, (max-width: 300px) 100vw, 300px\" \/><\/p>\n<h2>Movimientos de la articulaci\u00f3n temporomandibular<\/h2>\n<p>La ATM permite los movimientos de apertura, cierre, protusiva, retrusiva y diducci\u00f3n derecha e izquierda.<\/p>\n<ul>\n<li>La <strong>apertura<\/strong> y el cierre nos permiten abrir y cerrar la boca.<\/li>\n<li>La <strong>protusiva<\/strong> permite realizar un desplazamiento de la mand\u00edbula hacia anterior respecto el cr\u00e1neo, y la <strong>retrusiva<\/strong> hacia atr\u00e1s.<\/li>\n<li>La <strong>diducci\u00f3n<\/strong> permite realizar un desplazamiento lateral de la mand\u00edbula, lo podemos hacer hacia la derecha o la izquierda.<\/li>\n<\/ul>\n<h2>Desordenes o disfunciones de la articulaci\u00f3n temporomandibular<\/h2>\n<p>Los desordenes de la ATM se clasifican en 3 grupos: <strong>trastornos musculares, desplazamiento del disco articular y otras condiciones articulares.<\/strong><\/p>\n<p>El desplazamiento del disco articular es el m\u00e1s frecuente dentro de la ATM y puede cursar con diferentes niveles. El desplazamiento del disco suele ser hacia <strong>anterior, anteromedial o anterolateral.<\/strong><\/p>\n<h2>\u00bfQu\u00e9 s\u00edntomas debo presentar en caso de desplazamiento discal?<\/h2>\n<ol>\n<li>Presencia de ruidos articulares en apertura.<\/li>\n<li>Posible limitaci\u00f3n en la apertura bucal.<\/li>\n<li>Dolor acentuado con el movimiento articular.<\/li>\n<li>Dolor al tocar la articulaci\u00f3n.<\/li>\n<\/ol>\n<h2>Entonces\u2026 \u00bfQu\u00e9 papel tiene la musculatura en todo esto?<\/h2>\n<blockquote><p>La musculatura puede estar afectada por <strong>factores locales:<\/strong><\/p>\n<ul>\n<li>fractura dental<\/li>\n<li>implante<\/li>\n<li>masticaci\u00f3n de chicle<\/li>\n<li>traumatismo maxilar<\/li>\n<li>inyecci\u00f3n oral\u2026<\/li>\n<\/ul>\n<p>o bien por <strong>factores sist\u00e9micos:<\/strong><\/p>\n<ul>\n<li>afectaciones autoinmunes<\/li>\n<li>afectaciones v\u00edricas<\/li>\n<\/ul>\n<p>La primera respuesta a estas afectaciones es la coocontracci\u00f3n protectora o fijaci\u00f3n muscular.<\/p>\n<p>En resumen, la actividad muscular queda alterada normalmente <strong>aumentando el tono muscular<\/strong> para proteger la estructura amenazada de una lesi\u00f3n mayor.<\/p><\/blockquote>\n<h2>Sintomatolog\u00eda de la alteraci\u00f3n muscular:<\/h2>\n<ol>\n<li>Dolor en la palpaci\u00f3n muscular.<\/li>\n<li>Dolor en las actividades b\u00e1sicas (hablar, respirar o masticar).<\/li>\n<li>Dificultad en la apertura de la boca.<\/li>\n<\/ol>\n<p><img loading=\"lazy\" decoding=\"async\" class=\"size-medium wp-image-3525 aligncenter\" src=\"https:\/\/www.fisiobalance.cat\/wp-content\/uploads\/2023\/02\/tratamiento-de-fisioterapia-300x200.jpeg\" alt=\"\" width=\"300\" height=\"200\" srcset=\"https:\/\/www.fisiobalance.cat\/wp-content\/uploads\/2023\/02\/tratamiento-de-fisioterapia-300x200.jpeg 300w, https:\/\/www.fisiobalance.cat\/wp-content\/uploads\/2023\/02\/tratamiento-de-fisioterapia-1024x681.jpeg 1024w, https:\/\/www.fisiobalance.cat\/wp-content\/uploads\/2023\/02\/tratamiento-de-fisioterapia-768x511.jpeg 768w, https:\/\/www.fisiobalance.cat\/wp-content\/uploads\/2023\/02\/tratamiento-de-fisioterapia-1536x1022.jpeg 1536w, https:\/\/www.fisiobalance.cat\/wp-content\/uploads\/2023\/02\/tratamiento-de-fisioterapia-2048x1363.jpeg 2048w, https:\/\/www.fisiobalance.cat\/wp-content\/uploads\/2023\/02\/tratamiento-de-fisioterapia-700x466.jpeg 700w, https:\/\/www.fisiobalance.cat\/wp-content\/uploads\/2023\/02\/tratamiento-de-fisioterapia-600x399.jpeg 600w\" sizes=\"auto, (max-width: 300px) 100vw, 300px\" \/><\/p>\n<h2>Tratamiento de fisioterapia especialista en trastornos temporomandibualres<\/h2>\n<p>El <a href=\"https:\/\/www.instagram.com\/reel\/CofzLikgZoH\/?igshid=YmMyMTA2M2Y=\"><strong>tratamiento en fisioterapia<\/strong><\/a> de los desordenes de la ATM tendr\u00e1 como objetivo <strong>reducir el dolor y mejorar la funcionalidad.<\/strong><br \/>\nPara conseguir nuestros objetivos utilizaremos diferentes t\u00e9cnicas:<\/p>\n<ol>\n<li><strong>Movilizaciones articulares<\/strong> para recuperar la movilidad.<\/li>\n<li>Terapia manual, tratamiento de <strong>puntos gatillo, masaje y t\u00e9cnicas miofasciales<\/strong> con la finalidad de relajar toda esa musculatura que tiene un exceso de tensi\u00f3n.<\/li>\n<li><strong>Estiramiento muscular<\/strong> para relajar la musculatura.<\/li>\n<li><strong>Ejercicio terap\u00e9utico<\/strong> para remodelar y readaptar estructuras a nuevas condiciones.<\/li>\n<li>Trabajo de correcci\u00f3n postural. La articulaci\u00f3n temporomandibular est\u00e1 intimamente relacionada con las cervicales superiores, por lo que una postura incorrecta de cabeza y cuello puede ser una perpetuante de una disfunci\u00f3n temporomandibular.<\/li>\n<li>T\u00e9cnicas de <strong>respiraci\u00f3n<\/strong>. Ya que hay patrones as\u00ed como linguales como respiratorios que pueden agravar los s\u00edntomas.<\/li>\n<li><a href=\"https:\/\/www.fisiobalance.cat\/recomendaciones-para-disminuir-las-molestias-producida-por-trastornos-de-atm\/\">Recomendaciones para disminuir los s\u00edntomas.<\/a><\/li>\n<\/ol>\n<p><img loading=\"lazy\" decoding=\"async\" class=\"size-medium wp-image-2037 aligncenter\" src=\"https:\/\/www.fisiobalance.cat\/wp-content\/uploads\/2022\/03\/bruxismo-300x200.jpg\" alt=\"\" width=\"300\" height=\"200\" srcset=\"https:\/\/www.fisiobalance.cat\/wp-content\/uploads\/2022\/03\/bruxismo-300x200.jpg 300w, https:\/\/www.fisiobalance.cat\/wp-content\/uploads\/2022\/03\/bruxismo.jpg 500w\" sizes=\"auto, (max-width: 300px) 100vw, 300px\" \/><\/p>\n","protected":false},"excerpt":{"rendered":"<p>El dolor orofacial estudia las entidades cl\u00ednicas que cursan con dolor en el \u00e1rea de la boca, cara, cabeza y cuello. El dolor es una experiencia subjetiva que depende de muchos factores.\u00a0 No hay dos personas con la misma afectaci\u00f3n que sufran el mismo dolor&#8230;.<\/p>\n","protected":false},"author":3,"featured_media":3906,"comment_status":"open","ping_status":"open","sticky":false,"template":"","format":"standard","meta":{"footnotes":""},"categories":[246],"tags":[],"class_list":["post-3505","post","type-post","status-publish","format-standard","has-post-thumbnail","hentry","category-fisioterapia"],"yoast_head":"<!-- This site is optimized with the Yoast SEO plugin v26.3 - https:\/\/yoast.com\/wordpress\/plugins\/seo\/ -->\n<title>dolor orofacial y trastornos y\/o disfunciones mandibulares. fisioterapia<\/title>\n<meta name=\"description\" content=\"EL dolor orofacial cursa con dolor en el \u00e1rea de la boca, cara, cabeza y\/o cuello. Dentro del dolor orofacial encontramos las disfunciones temporomandibulares que pueden ser de origen muscular o articular. La fisioterapia dispone de diferentes t\u00e9cnicas para mejorar la sintomatolog\u00eda a trav\u00e9s de movilizaciones articulares, tratameinto de PGM, estiramientos, ejercicios espec\u00edficos entre otros. %\" \/>\n<meta name=\"robots\" content=\"index, follow, max-snippet:-1, max-image-preview:large, max-video-preview:-1\" \/>\n<link rel=\"canonical\" href=\"https:\/\/www.fisiobalance.cat\/dolor-orofacial-y-disfunciones-temporomandibulares\/\" \/>\n<meta property=\"og:locale\" content=\"en_US\" \/>\n<meta property=\"og:type\" content=\"article\" \/>\n<meta property=\"og:title\" content=\"Dolor orofacial y disfunci\u00f3n temporomandibular. S\u00edntomatologia y tratamiento de fisioterapia\" \/>\n<meta property=\"og:description\" content=\"EL dolor orofacial cursa con dolor en el \u00e1rea de la boca, cara, cabeza y\/o cuello. Dentro del dolor orofacial encontramos las disfunciones temporomandibulares que pueden ser de origen muscular o articular. La fisioterapia dispone de diferentes t\u00e9cnicas para mejorar la sintomatolog\u00eda a trav\u00e9s de movilizaciones articulares, tratameinto de PGM, estiramientos, ejercicios espec\u00edficos entre otros. %\" \/>\n<meta property=\"og:url\" content=\"https:\/\/www.fisiobalance.cat\/dolor-orofacial-y-disfunciones-temporomandibulares\/\" \/>\n<meta property=\"og:site_name\" content=\"Fisiobalance\" \/>\n<meta property=\"article:published_time\" content=\"2023-02-16T21:41:47+00:00\" \/>\n<meta property=\"article:modified_time\" content=\"2023-10-04T14:04:42+00:00\" \/>\n<meta property=\"og:image\" content=\"https:\/\/www.fisiobalance.cat\/wp-content\/uploads\/2022\/03\/bruxismo.jpg\" \/>\n\t<meta property=\"og:image:width\" content=\"500\" \/>\n\t<meta property=\"og:image:height\" content=\"333\" \/>\n\t<meta property=\"og:image:type\" content=\"image\/jpeg\" \/>\n<meta name=\"author\" content=\"fisiobalance\" \/>\n<meta name=\"twitter:card\" content=\"summary_large_image\" \/>\n<meta name=\"twitter:label1\" content=\"Written by\" \/>\n\t<meta name=\"twitter:data1\" content=\"fisiobalance\" \/>\n\t<meta name=\"twitter:label2\" content=\"Est. reading time\" \/>\n\t<meta name=\"twitter:data2\" content=\"3 minutes\" \/>\n<script type=\"application\/ld+json\" class=\"yoast-schema-graph\">{\"@context\":\"https:\/\/schema.org\",\"@graph\":[{\"@type\":\"Article\",\"@id\":\"https:\/\/www.fisiobalance.cat\/dolor-orofacial-y-disfunciones-temporomandibulares\/#article\",\"isPartOf\":{\"@id\":\"https:\/\/www.fisiobalance.cat\/dolor-orofacial-y-disfunciones-temporomandibulares\/\"},\"author\":{\"name\":\"fisiobalance\",\"@id\":\"https:\/\/www.fisiobalance.cat\/#\/schema\/person\/ff8a94c5457314fcae1821bb17fb59f9\"},\"headline\":\"DOLOR OROFACIAL Y DISFUNCION TEMPOROMANDIBULAR\",\"datePublished\":\"2023-02-16T21:41:47+00:00\",\"dateModified\":\"2023-10-04T14:04:42+00:00\",\"mainEntityOfPage\":{\"@id\":\"https:\/\/www.fisiobalance.cat\/dolor-orofacial-y-disfunciones-temporomandibulares\/\"},\"wordCount\":672,\"commentCount\":0,\"publisher\":{\"@id\":\"https:\/\/www.fisiobalance.cat\/#organization\"},\"image\":{\"@id\":\"https:\/\/www.fisiobalance.cat\/dolor-orofacial-y-disfunciones-temporomandibulares\/#primaryimage\"},\"thumbnailUrl\":\"https:\/\/www.fisiobalance.cat\/wp-content\/uploads\/2023\/02\/orofacial.jpg\",\"articleSection\":[\"Fisioterapia\"],\"inLanguage\":\"en-US\",\"potentialAction\":[{\"@type\":\"CommentAction\",\"name\":\"Comment\",\"target\":[\"https:\/\/www.fisiobalance.cat\/dolor-orofacial-y-disfunciones-temporomandibulares\/#respond\"]}]},{\"@type\":\"WebPage\",\"@id\":\"https:\/\/www.fisiobalance.cat\/dolor-orofacial-y-disfunciones-temporomandibulares\/\",\"url\":\"https:\/\/www.fisiobalance.cat\/dolor-orofacial-y-disfunciones-temporomandibulares\/\",\"name\":\"dolor orofacial y trastornos y\/o disfunciones mandibulares. fisioterapia\",\"isPartOf\":{\"@id\":\"https:\/\/www.fisiobalance.cat\/#website\"},\"primaryImageOfPage\":{\"@id\":\"https:\/\/www.fisiobalance.cat\/dolor-orofacial-y-disfunciones-temporomandibulares\/#primaryimage\"},\"image\":{\"@id\":\"https:\/\/www.fisiobalance.cat\/dolor-orofacial-y-disfunciones-temporomandibulares\/#primaryimage\"},\"thumbnailUrl\":\"https:\/\/www.fisiobalance.cat\/wp-content\/uploads\/2023\/02\/orofacial.jpg\",\"datePublished\":\"2023-02-16T21:41:47+00:00\",\"dateModified\":\"2023-10-04T14:04:42+00:00\",\"description\":\"EL dolor orofacial cursa con dolor en el \u00e1rea de la boca, cara, cabeza y\/o cuello. Dentro del dolor orofacial encontramos las disfunciones temporomandibulares que pueden ser de origen muscular o articular. La fisioterapia dispone de diferentes t\u00e9cnicas para mejorar la sintomatolog\u00eda a trav\u00e9s de movilizaciones articulares, tratameinto de PGM, estiramientos, ejercicios espec\u00edficos entre otros. %\",\"breadcrumb\":{\"@id\":\"https:\/\/www.fisiobalance.cat\/dolor-orofacial-y-disfunciones-temporomandibulares\/#breadcrumb\"},\"inLanguage\":\"en-US\",\"potentialAction\":[{\"@type\":\"ReadAction\",\"target\":[\"https:\/\/www.fisiobalance.cat\/dolor-orofacial-y-disfunciones-temporomandibulares\/\"]}]},{\"@type\":\"ImageObject\",\"inLanguage\":\"en-US\",\"@id\":\"https:\/\/www.fisiobalance.cat\/dolor-orofacial-y-disfunciones-temporomandibulares\/#primaryimage\",\"url\":\"https:\/\/www.fisiobalance.cat\/wp-content\/uploads\/2023\/02\/orofacial.jpg\",\"contentUrl\":\"https:\/\/www.fisiobalance.cat\/wp-content\/uploads\/2023\/02\/orofacial.jpg\",\"width\":2048,\"height\":1365},{\"@type\":\"BreadcrumbList\",\"@id\":\"https:\/\/www.fisiobalance.cat\/dolor-orofacial-y-disfunciones-temporomandibulares\/#breadcrumb\",\"itemListElement\":[{\"@type\":\"ListItem\",\"position\":1,\"name\":\"Portada\",\"item\":\"https:\/\/www.fisiobalance.cat\/en\/\"},{\"@type\":\"ListItem\",\"position\":2,\"name\":\"DOLOR OROFACIAL Y DISFUNCION TEMPOROMANDIBULAR\"}]},{\"@type\":\"WebSite\",\"@id\":\"https:\/\/www.fisiobalance.cat\/#website\",\"url\":\"https:\/\/www.fisiobalance.cat\/\",\"name\":\"Fisiobalance\",\"description\":\"\",\"publisher\":{\"@id\":\"https:\/\/www.fisiobalance.cat\/#organization\"},\"potentialAction\":[{\"@type\":\"SearchAction\",\"target\":{\"@type\":\"EntryPoint\",\"urlTemplate\":\"https:\/\/www.fisiobalance.cat\/?s={search_term_string}\"},\"query-input\":{\"@type\":\"PropertyValueSpecification\",\"valueRequired\":true,\"valueName\":\"search_term_string\"}}],\"inLanguage\":\"en-US\"},{\"@type\":\"Organization\",\"@id\":\"https:\/\/www.fisiobalance.cat\/#organization\",\"name\":\"Fisiobalance\",\"url\":\"https:\/\/www.fisiobalance.cat\/\",\"logo\":{\"@type\":\"ImageObject\",\"inLanguage\":\"en-US\",\"@id\":\"https:\/\/www.fisiobalance.cat\/#\/schema\/logo\/image\/\",\"url\":\"https:\/\/www.fisiobalance.cat\/wp-content\/uploads\/2018\/06\/fisiobalance_logo.png\",\"contentUrl\":\"https:\/\/www.fisiobalance.cat\/wp-content\/uploads\/2018\/06\/fisiobalance_logo.png\",\"width\":369,\"height\":53,\"caption\":\"Fisiobalance\"},\"image\":{\"@id\":\"https:\/\/www.fisiobalance.cat\/#\/schema\/logo\/image\/\"}},{\"@type\":\"Person\",\"@id\":\"https:\/\/www.fisiobalance.cat\/#\/schema\/person\/ff8a94c5457314fcae1821bb17fb59f9\",\"name\":\"fisiobalance\",\"image\":{\"@type\":\"ImageObject\",\"inLanguage\":\"en-US\",\"@id\":\"https:\/\/www.fisiobalance.cat\/#\/schema\/person\/image\/\",\"url\":\"https:\/\/secure.gravatar.com\/avatar\/d01b67c6ec8f361b22fadb8cde3b40303b5f70548e5bd5bab7a5dcd8a26cc786?s=96&d=mm&r=g\",\"contentUrl\":\"https:\/\/secure.gravatar.com\/avatar\/d01b67c6ec8f361b22fadb8cde3b40303b5f70548e5bd5bab7a5dcd8a26cc786?s=96&d=mm&r=g\",\"caption\":\"fisiobalance\"},\"url\":\"https:\/\/www.fisiobalance.cat\/en\/author\/fisiobalance\/\"}]}<\/script>\n<!-- \/ Yoast SEO plugin. -->","yoast_head_json":{"title":"dolor orofacial y trastornos y\/o disfunciones mandibulares. fisioterapia","description":"EL dolor orofacial cursa con dolor en el \u00e1rea de la boca, cara, cabeza y\/o cuello. Dentro del dolor orofacial encontramos las disfunciones temporomandibulares que pueden ser de origen muscular o articular. La fisioterapia dispone de diferentes t\u00e9cnicas para mejorar la sintomatolog\u00eda a trav\u00e9s de movilizaciones articulares, tratameinto de PGM, estiramientos, ejercicios espec\u00edficos entre otros. %","robots":{"index":"index","follow":"follow","max-snippet":"max-snippet:-1","max-image-preview":"max-image-preview:large","max-video-preview":"max-video-preview:-1"},"canonical":"https:\/\/www.fisiobalance.cat\/dolor-orofacial-y-disfunciones-temporomandibulares\/","og_locale":"en_US","og_type":"article","og_title":"Dolor orofacial y disfunci\u00f3n temporomandibular. S\u00edntomatologia y tratamiento de fisioterapia","og_description":"EL dolor orofacial cursa con dolor en el \u00e1rea de la boca, cara, cabeza y\/o cuello. Dentro del dolor orofacial encontramos las disfunciones temporomandibulares que pueden ser de origen muscular o articular. La fisioterapia dispone de diferentes t\u00e9cnicas para mejorar la sintomatolog\u00eda a trav\u00e9s de movilizaciones articulares, tratameinto de PGM, estiramientos, ejercicios espec\u00edficos entre otros. %","og_url":"https:\/\/www.fisiobalance.cat\/dolor-orofacial-y-disfunciones-temporomandibulares\/","og_site_name":"Fisiobalance","article_published_time":"2023-02-16T21:41:47+00:00","article_modified_time":"2023-10-04T14:04:42+00:00","og_image":[{"width":500,"height":333,"url":"https:\/\/www.fisiobalance.cat\/wp-content\/uploads\/2022\/03\/bruxismo.jpg","type":"image\/jpeg"}],"author":"fisiobalance","twitter_card":"summary_large_image","twitter_misc":{"Written by":"fisiobalance","Est. reading time":"3 minutes"},"schema":{"@context":"https:\/\/schema.org","@graph":[{"@type":"Article","@id":"https:\/\/www.fisiobalance.cat\/dolor-orofacial-y-disfunciones-temporomandibulares\/#article","isPartOf":{"@id":"https:\/\/www.fisiobalance.cat\/dolor-orofacial-y-disfunciones-temporomandibulares\/"},"author":{"name":"fisiobalance","@id":"https:\/\/www.fisiobalance.cat\/#\/schema\/person\/ff8a94c5457314fcae1821bb17fb59f9"},"headline":"DOLOR OROFACIAL Y DISFUNCION TEMPOROMANDIBULAR","datePublished":"2023-02-16T21:41:47+00:00","dateModified":"2023-10-04T14:04:42+00:00","mainEntityOfPage":{"@id":"https:\/\/www.fisiobalance.cat\/dolor-orofacial-y-disfunciones-temporomandibulares\/"},"wordCount":672,"commentCount":0,"publisher":{"@id":"https:\/\/www.fisiobalance.cat\/#organization"},"image":{"@id":"https:\/\/www.fisiobalance.cat\/dolor-orofacial-y-disfunciones-temporomandibulares\/#primaryimage"},"thumbnailUrl":"https:\/\/www.fisiobalance.cat\/wp-content\/uploads\/2023\/02\/orofacial.jpg","articleSection":["Fisioterapia"],"inLanguage":"en-US","potentialAction":[{"@type":"CommentAction","name":"Comment","target":["https:\/\/www.fisiobalance.cat\/dolor-orofacial-y-disfunciones-temporomandibulares\/#respond"]}]},{"@type":"WebPage","@id":"https:\/\/www.fisiobalance.cat\/dolor-orofacial-y-disfunciones-temporomandibulares\/","url":"https:\/\/www.fisiobalance.cat\/dolor-orofacial-y-disfunciones-temporomandibulares\/","name":"dolor orofacial y trastornos y\/o disfunciones mandibulares. fisioterapia","isPartOf":{"@id":"https:\/\/www.fisiobalance.cat\/#website"},"primaryImageOfPage":{"@id":"https:\/\/www.fisiobalance.cat\/dolor-orofacial-y-disfunciones-temporomandibulares\/#primaryimage"},"image":{"@id":"https:\/\/www.fisiobalance.cat\/dolor-orofacial-y-disfunciones-temporomandibulares\/#primaryimage"},"thumbnailUrl":"https:\/\/www.fisiobalance.cat\/wp-content\/uploads\/2023\/02\/orofacial.jpg","datePublished":"2023-02-16T21:41:47+00:00","dateModified":"2023-10-04T14:04:42+00:00","description":"EL dolor orofacial cursa con dolor en el \u00e1rea de la boca, cara, cabeza y\/o cuello. Dentro del dolor orofacial encontramos las disfunciones temporomandibulares que pueden ser de origen muscular o articular. La fisioterapia dispone de diferentes t\u00e9cnicas para mejorar la sintomatolog\u00eda a trav\u00e9s de movilizaciones articulares, tratameinto de PGM, estiramientos, ejercicios espec\u00edficos entre otros. %","breadcrumb":{"@id":"https:\/\/www.fisiobalance.cat\/dolor-orofacial-y-disfunciones-temporomandibulares\/#breadcrumb"},"inLanguage":"en-US","potentialAction":[{"@type":"ReadAction","target":["https:\/\/www.fisiobalance.cat\/dolor-orofacial-y-disfunciones-temporomandibulares\/"]}]},{"@type":"ImageObject","inLanguage":"en-US","@id":"https:\/\/www.fisiobalance.cat\/dolor-orofacial-y-disfunciones-temporomandibulares\/#primaryimage","url":"https:\/\/www.fisiobalance.cat\/wp-content\/uploads\/2023\/02\/orofacial.jpg","contentUrl":"https:\/\/www.fisiobalance.cat\/wp-content\/uploads\/2023\/02\/orofacial.jpg","width":2048,"height":1365},{"@type":"BreadcrumbList","@id":"https:\/\/www.fisiobalance.cat\/dolor-orofacial-y-disfunciones-temporomandibulares\/#breadcrumb","itemListElement":[{"@type":"ListItem","position":1,"name":"Portada","item":"https:\/\/www.fisiobalance.cat\/en\/"},{"@type":"ListItem","position":2,"name":"DOLOR OROFACIAL Y DISFUNCION TEMPOROMANDIBULAR"}]},{"@type":"WebSite","@id":"https:\/\/www.fisiobalance.cat\/#website","url":"https:\/\/www.fisiobalance.cat\/","name":"Fisiobalance","description":"","publisher":{"@id":"https:\/\/www.fisiobalance.cat\/#organization"},"potentialAction":[{"@type":"SearchAction","target":{"@type":"EntryPoint","urlTemplate":"https:\/\/www.fisiobalance.cat\/?s={search_term_string}"},"query-input":{"@type":"PropertyValueSpecification","valueRequired":true,"valueName":"search_term_string"}}],"inLanguage":"en-US"},{"@type":"Organization","@id":"https:\/\/www.fisiobalance.cat\/#organization","name":"Fisiobalance","url":"https:\/\/www.fisiobalance.cat\/","logo":{"@type":"ImageObject","inLanguage":"en-US","@id":"https:\/\/www.fisiobalance.cat\/#\/schema\/logo\/image\/","url":"https:\/\/www.fisiobalance.cat\/wp-content\/uploads\/2018\/06\/fisiobalance_logo.png","contentUrl":"https:\/\/www.fisiobalance.cat\/wp-content\/uploads\/2018\/06\/fisiobalance_logo.png","width":369,"height":53,"caption":"Fisiobalance"},"image":{"@id":"https:\/\/www.fisiobalance.cat\/#\/schema\/logo\/image\/"}},{"@type":"Person","@id":"https:\/\/www.fisiobalance.cat\/#\/schema\/person\/ff8a94c5457314fcae1821bb17fb59f9","name":"fisiobalance","image":{"@type":"ImageObject","inLanguage":"en-US","@id":"https:\/\/www.fisiobalance.cat\/#\/schema\/person\/image\/","url":"https:\/\/secure.gravatar.com\/avatar\/d01b67c6ec8f361b22fadb8cde3b40303b5f70548e5bd5bab7a5dcd8a26cc786?s=96&d=mm&r=g","contentUrl":"https:\/\/secure.gravatar.com\/avatar\/d01b67c6ec8f361b22fadb8cde3b40303b5f70548e5bd5bab7a5dcd8a26cc786?s=96&d=mm&r=g","caption":"fisiobalance"},"url":"https:\/\/www.fisiobalance.cat\/en\/author\/fisiobalance\/"}]}},"_links":{"self":[{"href":"https:\/\/www.fisiobalance.cat\/en\/wp-json\/wp\/v2\/posts\/3505","targetHints":{"allow":["GET"]}}],"collection":[{"href":"https:\/\/www.fisiobalance.cat\/en\/wp-json\/wp\/v2\/posts"}],"about":[{"href":"https:\/\/www.fisiobalance.cat\/en\/wp-json\/wp\/v2\/types\/post"}],"author":[{"embeddable":true,"href":"https:\/\/www.fisiobalance.cat\/en\/wp-json\/wp\/v2\/users\/3"}],"replies":[{"embeddable":true,"href":"https:\/\/www.fisiobalance.cat\/en\/wp-json\/wp\/v2\/comments?post=3505"}],"version-history":[{"count":16,"href":"https:\/\/www.fisiobalance.cat\/en\/wp-json\/wp\/v2\/posts\/3505\/revisions"}],"predecessor-version":[{"id":3542,"href":"https:\/\/www.fisiobalance.cat\/en\/wp-json\/wp\/v2\/posts\/3505\/revisions\/3542"}],"wp:featuredmedia":[{"embeddable":true,"href":"https:\/\/www.fisiobalance.cat\/en\/wp-json\/wp\/v2\/media\/3906"}],"wp:attachment":[{"href":"https:\/\/www.fisiobalance.cat\/en\/wp-json\/wp\/v2\/media?parent=3505"}],"wp:term":[{"taxonomy":"category","embeddable":true,"href":"https:\/\/www.fisiobalance.cat\/en\/wp-json\/wp\/v2\/categories?post=3505"},{"taxonomy":"post_tag","embeddable":true,"href":"https:\/\/www.fisiobalance.cat\/en\/wp-json\/wp\/v2\/tags?post=3505"}],"curies":[{"name":"wp","href":"https:\/\/api.w.org\/{rel}","templated":true}]}}