{"id":5381,"date":"2025-01-23T13:44:08","date_gmt":"2025-01-23T12:44:08","guid":{"rendered":"https:\/\/www.fisiobalance.cat\/?p=5381"},"modified":"2025-01-27T20:48:58","modified_gmt":"2025-01-27T19:48:58","slug":"fisioterapia-y-estres","status":"publish","type":"post","link":"https:\/\/www.fisiobalance.cat\/en\/fisioterapia-y-estres\/","title":{"rendered":"Fisioterapia y estr\u00e9s: La conexi\u00f3n entre cuerpo y mente | FisioBalance Castelldefels"},"content":{"rendered":"<p><img loading=\"lazy\" decoding=\"async\" class=\"aligncenter wp-image-5385\" src=\"https:\/\/www.fisiobalance.cat\/wp-content\/uploads\/2025\/01\/Fisioterapia-y-estres-La-conexion-entre-cuerpo-y-mente.--300x88.png\" alt=\"\" width=\"754\" height=\"221\" srcset=\"https:\/\/www.fisiobalance.cat\/wp-content\/uploads\/2025\/01\/Fisioterapia-y-estres-La-conexion-entre-cuerpo-y-mente.--300x88.png 300w, https:\/\/www.fisiobalance.cat\/wp-content\/uploads\/2025\/01\/Fisioterapia-y-estres-La-conexion-entre-cuerpo-y-mente.--1024x302.png 1024w, https:\/\/www.fisiobalance.cat\/wp-content\/uploads\/2025\/01\/Fisioterapia-y-estres-La-conexion-entre-cuerpo-y-mente.--768x226.png 768w, https:\/\/www.fisiobalance.cat\/wp-content\/uploads\/2025\/01\/Fisioterapia-y-estres-La-conexion-entre-cuerpo-y-mente.--1536x453.png 1536w, https:\/\/www.fisiobalance.cat\/wp-content\/uploads\/2025\/01\/Fisioterapia-y-estres-La-conexion-entre-cuerpo-y-mente.--2048x603.png 2048w, https:\/\/www.fisiobalance.cat\/wp-content\/uploads\/2025\/01\/Fisioterapia-y-estres-La-conexion-entre-cuerpo-y-mente.--700x206.png 700w, https:\/\/www.fisiobalance.cat\/wp-content\/uploads\/2025\/01\/Fisioterapia-y-estres-La-conexion-entre-cuerpo-y-mente.--600x177.png 600w\" sizes=\"auto, (max-width: 754px) 100vw, 754px\" \/><\/p>\n<p class=\"cvGsUA direction-ltr align-start para-style-body\"><span class=\"OYPEnA font-feature-liga-off font-feature-clig-off font-feature-calt-off text-decoration-none text-strikethrough-none\">En nuestra vida cotidiana, el estr\u00e9s es casi inevitable. Las exigencias laborales, familiares y personales pueden acumularse,<\/span><strong><span class=\"OYPEnA font-feature-liga-off font-feature-clig-off font-feature-calt-off text-decoration-none text-strikethrough-none\"> causando un impacto negativo no solo en nuestra mente sino tambi\u00e9n en nuestro cuerpo.<\/span><\/strong><\/p>\n<p class=\"cvGsUA direction-ltr align-start para-style-body\"><span class=\"OYPEnA font-feature-liga-off font-feature-clig-off font-feature-calt-off text-decoration-none text-strikethrough-none\">En Fisiobalance Castelldefels, entendemos c\u00f3mo el estr\u00e9s puede manifestarse f\u00edsicamente y sabemos que <\/span><span class=\"OYPEnA font-feature-liga-off font-feature-clig-off font-feature-calt-off text-decoration-none text-strikethrough-none\"><strong>la fisioterapia es una herramienta esencial<\/strong> <\/span><span class=\"OYPEnA font-feature-liga-off font-feature-clig-off font-feature-calt-off text-decoration-none text-strikethrough-none\">para aliviar sus efectos, ayud\u00e1ndote a recuperar el equilibrio entre tu cuerpo y tu mente.<\/span><\/p>\n<h2 class=\"cvGsUA direction-ltr align-start para-style-body\"><span class=\"OYPEnA font-feature-liga-off font-feature-clig-off font-feature-calt-off text-decoration-none text-strikethrough-none\">\u00bfC\u00f3mo afecta el estr\u00e9s a nuestro cuerpo?<\/span><\/h2>\n<p class=\"cvGsUA direction-ltr align-start para-style-body\"><span class=\"OYPEnA font-feature-liga-off font-feature-clig-off font-feature-calt-off text-decoration-none text-strikethrough-none\">Cuando estamos estresados, nuestro cuerpo activa una <\/span><strong><span class=\"OYPEnA font-feature-liga-off font-feature-clig-off font-feature-calt-off text-decoration-none text-strikethrough-none\">respuesta natural conocida como &#8220;lucha o huida&#8221;<\/span><\/strong><span class=\"OYPEnA font-feature-liga-off font-feature-clig-off font-feature-calt-off text-decoration-none text-strikethrough-none\"><strong>.<\/strong> Esta reacci\u00f3n, aunque es \u00fatil en situaciones de peligro, puede convertirse en un problema si se activa continuamente debido al <\/span><span class=\"OYPEnA font-feature-liga-off font-feature-clig-off font-feature-calt-off text-decoration-none text-strikethrough-none\">estr\u00e9s cr\u00f3nico.<\/span><\/p>\n<p class=\"cvGsUA direction-ltr align-start para-style-body\"><span class=\"OYPEnA font-feature-liga-off font-feature-clig-off font-feature-calt-off text-decoration-none text-strikethrough-none\">Algunos de los efectos f\u00edsicos m\u00e1s comunes del estr\u00e9s incluyen:<\/span><\/p>\n<ul>\n<li><strong><span class=\"OYPEnA font-feature-liga-off font-feature-clig-off font-feature-calt-off text-decoration-none text-strikethrough-none\">Dolor muscular:<\/span><\/strong><span class=\"OYPEnA font-feature-liga-off font-feature-clig-off font-feature-calt-off text-decoration-none text-strikethrough-none\"> La tensi\u00f3n acumulada en \u00e1reas como el cuello, los hombros y la espalda es una de las manifestaciones m\u00e1s habituales.<\/span><\/li>\n<li><strong>Cefalea tensional<\/strong>: dolor de cabeza debido a la sobrecarga muscular de las cervicales<img loading=\"lazy\" decoding=\"async\" class=\"alignnone size-medium wp-image-1726\" src=\"https:\/\/www.fisiobalance.cat\/wp-content\/uploads\/2021\/07\/cervicalgia-300x200.jpeg\" alt=\"\" width=\"300\" height=\"200\" srcset=\"https:\/\/www.fisiobalance.cat\/wp-content\/uploads\/2021\/07\/cervicalgia-300x200.jpeg 300w, https:\/\/www.fisiobalance.cat\/wp-content\/uploads\/2021\/07\/cervicalgia-1024x683.jpeg 1024w, https:\/\/www.fisiobalance.cat\/wp-content\/uploads\/2021\/07\/cervicalgia-768x513.jpeg 768w, https:\/\/www.fisiobalance.cat\/wp-content\/uploads\/2021\/07\/cervicalgia-1536x1025.jpeg 1536w, https:\/\/www.fisiobalance.cat\/wp-content\/uploads\/2021\/07\/cervicalgia-2048x1367.jpeg 2048w, https:\/\/www.fisiobalance.cat\/wp-content\/uploads\/2021\/07\/cervicalgia-700x467.jpeg 700w, https:\/\/www.fisiobalance.cat\/wp-content\/uploads\/2021\/07\/cervicalgia-600x400.jpeg 600w\" sizes=\"auto, (max-width: 300px) 100vw, 300px\" \/><\/li>\n<li><span class=\"OYPEnA font-feature-liga-off font-feature-clig-off font-feature-calt-off text-decoration-none text-strikethrough-none\"><strong>Problemas posturales<\/strong>: <\/span><span class=\"OYPEnA font-feature-liga-off font-feature-clig-off font-feature-calt-off text-decoration-none text-strikethrough-none\">El estr\u00e9s prolongado puede llevarnos a adoptar posturas incorrectas, contribuyendo al desarrollo de dolores cr\u00f3nicos.<\/span><\/li>\n<li><strong><span class=\"OYPEnA font-feature-liga-off font-feature-clig-off font-feature-calt-off text-decoration-none text-strikethrough-none\">Fatiga y agotamiento:<\/span><\/strong><span class=\"OYPEnA font-feature-liga-off font-feature-clig-off font-feature-calt-off text-decoration-none text-strikethrough-none\"> La sensaci\u00f3n constante de tensi\u00f3n y la falta de descanso adecuado afectan a los m\u00fasculos y a la energ\u00eda general del cuerpo.<\/span><\/li>\n<li><strong><span class=\"OYPEnA font-feature-liga-off font-feature-clig-off font-feature-calt-off text-decoration-none text-strikethrough-none\">Alteraci\u00f3n de la respiraci\u00f3n y el tr\u00e1nsito intestinal:<\/span><\/strong><span class=\"OYPEnA font-feature-liga-off font-feature-clig-off font-feature-calt-off text-decoration-none text-strikethrough-none\"> El estr\u00e9s puede alterar nuestra forma de respirar, haci\u00e9ndola m\u00e1s superficial y tor\u00e1cicas superior y a un ritmo m\u00e1s r\u00e1pida. Esta respiraci\u00f3n tor\u00e1cica superior hace que l diafragma trabaje menos y ejerza menos presiones abdominales y haga m\u00e1s lento los movimientos perist\u00e1lticos del colon (digestiones m\u00e1s lentas).<\/span><\/li>\n<\/ul>\n<h2 class=\"cvGsUA direction-ltr align-start para-style-body\"><span class=\"OYPEnA font-feature-liga-off font-feature-clig-off font-feature-calt-off text-decoration-none text-strikethrough-none\">Baja el nivel de estr\u00e9s con los tratamientos de fisioterapia<\/span><\/h2>\n<p class=\"cvGsUA direction-ltr align-start para-style-body\"><span class=\"OYPEnA font-feature-liga-off font-feature-clig-off font-feature-calt-off text-decoration-none text-strikethrough-none\">En Fisiobalance Castelldefels, trabajamos con un <\/span><span class=\"OYPEnA font-feature-liga-off font-feature-clig-off font-feature-calt-off text-decoration-none text-strikethrough-none\">enfoque integral, <\/span><span class=\"OYPEnA font-feature-liga-off font-feature-clig-off font-feature-calt-off text-decoration-none text-strikethrough-none\">entendiendo que la mente y el cuerpo est\u00e1n profundamente conectados.<\/span><\/p>\n<p class=\"cvGsUA direction-ltr align-start para-style-body\"><span class=\"OYPEnA font-feature-liga-off font-feature-clig-off font-feature-calt-off text-decoration-none text-strikethrough-none\">La fisioterapia<\/span><span class=\"OYPEnA font-feature-liga-off font-feature-clig-off font-feature-calt-off text-decoration-none text-strikethrough-none\"> no solo trata los s\u00edntomas f\u00edsicos, sino que tambi\u00e9n se dirige a las ra\u00edces del problema, <\/span><span class=\"OYPEnA font-feature-liga-off font-feature-clig-off font-feature-calt-off text-decoration-none text-strikethrough-none\">ayudando a aliviar la tensi\u00f3n acumulada y restaurar el bienestar.<\/span><\/p>\n<ol>\n<li class=\"cvGsUA direction-ltr align-start para-style-body\"><strong><span class=\"OYPEnA font-feature-liga-off font-feature-clig-off font-feature-calt-off text-decoration-none text-strikethrough-none\">Masaje terap\u00e9utico para aliviar la tensi\u00f3n: <\/span><\/strong>El masaje terap\u00e9utico es una t\u00e9cnica clave para liberar la tensi\u00f3n muscular acumulada por el estr\u00e9s. <span class=\"OYPEnA font-feature-liga-off font-feature-clig-off font-feature-calt-off text-decoration-none text-strikethrough-none\">En nuestra cl\u00ednica de fisioterapia en Castelldefels, <\/span><span class=\"OYPEnA font-feature-liga-off font-feature-clig-off font-feature-calt-off text-decoration-none text-strikethrough-none\">personalizamos el tratamiento para cada paciente, <\/span><span class=\"OYPEnA font-feature-liga-off font-feature-clig-off font-feature-calt-off text-decoration-none text-strikethrough-none\">asegur\u00e1ndonos de trabajar en las \u00e1reas m\u00e1s afectadas y devolviendo a tus m\u00fasculos la elasticidad y el alivio que necesitan.<\/span><\/li>\n<li><strong>Acupuntura:<\/strong> Equilibra los sistemas del organismos a trav\u00e9s de los meridianos con agujas de acupuntura.<\/li>\n<li><strong>Osteopatia:<\/strong> con t\u00e9cnicas miofasciales y craneales equilibramos el sistema musculoesqueletico y miofascial.<img loading=\"lazy\" decoding=\"async\" class=\"alignnone size-medium wp-image-1242\" src=\"https:\/\/www.fisiobalance.cat\/wp-content\/uploads\/2020\/07\/fisioterapia-300x200.jpg\" alt=\"\" width=\"300\" height=\"200\" srcset=\"https:\/\/www.fisiobalance.cat\/wp-content\/uploads\/2020\/07\/fisioterapia-300x200.jpg 300w, https:\/\/www.fisiobalance.cat\/wp-content\/uploads\/2020\/07\/fisioterapia.jpg 450w\" sizes=\"auto, (max-width: 300px) 100vw, 300px\" \/><\/li>\n<li class=\"cvGsUA direction-ltr align-start para-style-body\"><strong><span class=\"OYPEnA font-feature-liga-off font-feature-clig-off font-feature-calt-off text-decoration-none text-strikethrough-none\">Terapias Manuales:<\/span><\/strong><span class=\"OYPEnA font-feature-liga-off font-feature-clig-off font-feature-calt-off text-decoration-none text-strikethrough-none\"> Utilizamos t\u00e9cnicas como la <\/span><span class=\"OYPEnA font-feature-liga-off font-feature-clig-off font-feature-calt-off text-decoration-none text-strikethrough-none\">terapia manual<\/span><span class=\"OYPEnA font-feature-liga-off font-feature-clig-off font-feature-calt-off text-decoration-none text-strikethrough-none\"> y ejercicios de relajaci\u00f3n para reducir los niveles de estr\u00e9s f\u00edsico y mental. Esto no solo disminuye el dolor, sino que tambi\u00e9n induce un estado de calma general que impacta positivamente en tu bienestar emocional.<\/span><\/li>\n<li class=\"cvGsUA direction-ltr align-start para-style-body\"><strong><span class=\"OYPEnA font-feature-liga-off font-feature-clig-off font-feature-calt-off text-decoration-none text-strikethrough-none\">Reeducaci\u00f3n postural: <\/span><\/strong><span class=\"OYPEnA font-feature-liga-off font-feature-clig-off font-feature-calt-off text-decoration-none text-strikethrough-none\">El estr\u00e9s cr\u00f3nico a menudo nos hace adoptar posturas que perjudican nuestra columna vertebral y nuestros m\u00fasculos. A trav\u00e9s de la reeducaci\u00f3n postural, <\/span><span class=\"OYPEnA font-feature-liga-off font-feature-clig-off font-feature-calt-off text-decoration-none text-strikethrough-none\">trabajamos para corregir estas alteraciones<\/span><span class=\"OYPEnA font-feature-liga-off font-feature-clig-off font-feature-calt-off text-decoration-none text-strikethrough-none\">, devolvi\u00e9ndote una postura adecuada que previene futuros dolores.<\/span><\/li>\n<li class=\"cvGsUA direction-ltr align-start para-style-body\"><strong><span class=\"OYPEnA font-feature-liga-off font-feature-clig-off font-feature-calt-off text-decoration-none text-strikethrough-none\">Ejercicios para una respiraci\u00f3n profunda y saludable<\/span><\/strong><span class=\"OYPEnA font-feature-liga-off font-feature-clig-off font-feature-calt-off text-decoration-none text-strikethrough-none\"><strong>:<\/strong> En Fisiobalance Castelldefels, integramos ejercicios de respiraci\u00f3n que favorecen la relajaci\u00f3n y reducen los niveles de ansiedad. <\/span><span class=\"OYPEnA font-feature-liga-off font-feature-clig-off font-feature-calt-off text-decoration-none text-strikethrough-none\">Aprender a respirar profundamente mejora la oxigenaci\u00f3n del cuerpo, calma la mente y rompe el ciclo de la tensi\u00f3n.<\/span><\/li>\n<li class=\"cvGsUA direction-ltr align-start para-style-body\"><span class=\"OYPEnA font-feature-liga-off font-feature-clig-off font-feature-calt-off text-decoration-none text-strikethrough-none\"><strong>Ejercicio terap\u00e9utico:<\/strong> <\/span><span class=\"OYPEnA font-feature-liga-off font-feature-clig-off font-feature-calt-off text-decoration-none text-strikethrough-none\">El movimiento adecuado es un ant\u00eddoto natural contra el estr\u00e9s. Dise\u00f1amos programas de ejercicio terap\u00e9utico adaptados a cada paciente, fomentando la liberaci\u00f3n de endorfinas (hormonas de la felicidad) mientras fortalecemos tu cuerpo.<\/span><\/li>\n<\/ol>\n<h2 class=\"cvGsUA direction-ltr align-start para-style-body\"><span class=\"OYPEnA font-feature-liga-off font-feature-clig-off font-feature-calt-off text-decoration-none text-strikethrough-none\">Los beneficios de la fisioterapia en la gesti\u00f3n del estr\u00e9s<\/span><\/h2>\n<p class=\"cvGsUA direction-ltr align-start para-style-body\"><span class=\"OYPEnA font-feature-liga-off font-feature-clig-off font-feature-calt-off text-decoration-none text-strikethrough-none\">Elegir un tratamiento de fisioterapia en Fisiobalance Castelldefels tiene beneficios profundos para quienes lidian con el estr\u00e9s.<\/span><\/p>\n<p class=\"cvGsUA direction-ltr align-start para-style-body\"><span class=\"OYPEnA font-feature-liga-off font-feature-clig-off font-feature-calt-off text-decoration-none text-strikethrough-none\">Algunos de los m\u00e1s destacados incluyen:<\/span><\/p>\n<ul>\n<li><strong><span class=\"OYPEnA font-feature-liga-off font-feature-clig-off font-feature-calt-off text-decoration-none text-strikethrough-none\">Reducci\u00f3n del dolor muscular y articular<\/span><\/strong><\/li>\n<li><span class=\"OYPEnA font-feature-liga-off font-feature-clig-off font-feature-calt-off text-decoration-none text-strikethrough-none\">Mayor <\/span><span class=\"OYPEnA font-feature-liga-off font-feature-clig-off font-feature-calt-off text-decoration-none text-strikethrough-none\">capacidad de <strong>relajaci\u00f3n<\/strong><\/span><\/li>\n<li><span class=\"OYPEnA font-feature-liga-off font-feature-clig-off font-feature-calt-off text-decoration-none text-strikethrough-none\">Mejora de la <strong>c<\/strong><\/span><strong><span class=\"OYPEnA font-feature-liga-off font-feature-clig-off font-feature-calt-off text-decoration-none text-strikethrough-none\">alidad del sue\u00f1o<\/span><\/strong><\/li>\n<li><span class=\"OYPEnA font-feature-liga-off font-feature-clig-off font-feature-calt-off text-decoration-none text-strikethrough-none\"><strong>Fortalecimiento<\/strong> del <strong>sistema<\/strong> <strong>inmunol\u00f3gico<\/strong><\/span><\/li>\n<li><span class=\"OYPEnA font-feature-liga-off font-feature-clig-off font-feature-calt-off text-decoration-none text-strikethrough-none\">Incremento en la <\/span><strong><span class=\"OYPEnA font-feature-liga-off font-feature-clig-off font-feature-calt-off text-decoration-none text-strikethrough-none\">energ\u00eda y vitalidad<\/span><\/strong><\/li>\n<\/ul>\n<p class=\"cvGsUA direction-ltr align-start para-style-body\"><span class=\"OYPEnA font-feature-liga-off font-feature-clig-off font-feature-calt-off text-decoration-none text-strikethrough-none\">Nuestro objetivo es que recuperes la conexi\u00f3n con tu cuerpo y mente para enfrentar el d\u00eda a d\u00eda con una mayor sensaci\u00f3n de equilibrio y bienestar.<\/span><\/p>\n<h2 class=\"cvGsUA direction-ltr align-start para-style-body\"><span class=\"OYPEnA font-feature-liga-off font-feature-clig-off font-feature-calt-off text-decoration-none text-strikethrough-none\">\u00bfPor qu\u00e9 elegir Fisiobalance Castelldefels?<\/span><\/h2>\n<p class=\"cvGsUA direction-ltr align-start para-style-body\"><span class=\"OYPEnA font-feature-liga-off font-feature-clig-off font-feature-calt-off text-decoration-none text-strikethrough-none\">En Fisiobalance Castelldefels, sabemos que cada persona experimenta el estr\u00e9s de manera diferente. <\/span><strong><span class=\"OYPEnA font-feature-liga-off font-feature-clig-off font-feature-calt-off text-decoration-none text-strikethrough-none\">Por eso, nuestros tratamientos est\u00e1n dise\u00f1ados a medida, adapt\u00e1ndonos a las necesidades espec\u00edficas de cada paciente.<\/span><\/strong><\/p>\n<p class=\"cvGsUA direction-ltr align-start para-style-body\"><span class=\"OYPEnA font-feature-liga-off font-feature-clig-off font-feature-calt-off text-decoration-none text-strikethrough-none\"><img loading=\"lazy\" decoding=\"async\" class=\"alignnone size-medium wp-image-2005\" src=\"https:\/\/www.fisiobalance.cat\/wp-content\/uploads\/2022\/03\/slide-equipo-300x200.jpg\" alt=\"\" width=\"300\" height=\"200\" srcset=\"https:\/\/www.fisiobalance.cat\/wp-content\/uploads\/2022\/03\/slide-equipo-300x200.jpg 300w, https:\/\/www.fisiobalance.cat\/wp-content\/uploads\/2022\/03\/slide-equipo-1024x682.jpg 1024w, https:\/\/www.fisiobalance.cat\/wp-content\/uploads\/2022\/03\/slide-equipo-768x512.jpg 768w, https:\/\/www.fisiobalance.cat\/wp-content\/uploads\/2022\/03\/slide-equipo-1536x1024.jpg 1536w, https:\/\/www.fisiobalance.cat\/wp-content\/uploads\/2022\/03\/slide-equipo-700x467.jpg 700w, https:\/\/www.fisiobalance.cat\/wp-content\/uploads\/2022\/03\/slide-equipo-600x400.jpg 600w, https:\/\/www.fisiobalance.cat\/wp-content\/uploads\/2022\/03\/slide-equipo.jpg 2000w\" sizes=\"auto, (max-width: 300px) 100vw, 300px\" \/><\/span><\/p>\n<p class=\"cvGsUA direction-ltr align-start para-style-body\"><span class=\"OYPEnA font-feature-liga-off font-feature-clig-off font-feature-calt-off text-decoration-none text-strikethrough-none\">Trabajamos con profesionales sanitarios colegiados, altamente capacitados que <\/span><span class=\"OYPEnA font-feature-liga-off font-feature-clig-off font-feature-calt-off text-decoration-none text-strikethrough-none\">combinan experiencia t\u00e9cnica con empat\u00eda<\/span><span class=\"OYPEnA font-feature-liga-off font-feature-clig-off font-feature-calt-off text-decoration-none text-strikethrough-none\">, creando un entorno de confianza donde podr\u00e1s sentirte cuidado desde el primer momento.<\/span><\/p>\n<p class=\"cvGsUA direction-ltr align-start para-style-body\"><span class=\"OYPEnA font-feature-liga-off font-feature-clig-off font-feature-calt-off text-decoration-none text-strikethrough-none\">Estamos ubicados en Castelldefels, accesibles tanto para los habitantes de la ciudad como para los alrededores.<\/span><\/p>\n<h2 class=\"cvGsUA direction-ltr align-start para-style-body\"><span class=\"OYPEnA font-feature-liga-off font-feature-clig-off font-feature-calt-off text-decoration-none text-strikethrough-none\">T\u00f3mate un respiro, tu salud lo merece<\/span><\/h2>\n<p class=\"cvGsUA direction-ltr align-start para-style-body\"><span class=\"OYPEnA font-feature-liga-off font-feature-clig-off font-feature-calt-off text-decoration-none text-strikethrough-none\">Si sientes que el estr\u00e9s est\u00e1 pasando factura a tu cuerpo, <\/span><span class=\"OYPEnA font-feature-liga-off font-feature-clig-off font-feature-calt-off text-decoration-none text-strikethrough-none\">no lo dejes pasar.<\/span><span class=\"OYPEnA font-feature-liga-off font-feature-clig-off font-feature-calt-off text-decoration-none text-strikethrough-none\"> Reserva una cita en Fisiobalance Castelldefels y permite que la fisioterapia sea el puente hacia un bienestar completo.<\/span><\/p>\n<p class=\"cvGsUA direction-ltr align-start para-style-body\"><span class=\"OYPEnA font-feature-liga-off font-feature-clig-off font-feature-calt-off text-decoration-none text-strikethrough-none\">\u00bfEst\u00e1s listo para dar el primer paso?<\/span><\/p>\n<p class=\"cvGsUA direction-ltr align-start para-style-body\"><span class=\"OYPEnA font-feature-liga-off font-feature-clig-off font-feature-calt-off text-decoration-none text-strikethrough-none\">Cont\u00e1ctanos hoy mismo y comienza a recuperar tu equilibrio.<\/span><\/p>\n<p class=\"cvGsUA direction-ltr align-start para-style-body\"><span class=\"OYPEnA font-feature-liga-off font-feature-clig-off font-feature-calt-off text-decoration-none text-strikethrough-none\">Programa tu pr\u00f3xima cita o visita nuestra p\u00e1gina web en <\/span><a class=\"OYPEnA font-feature-liga-off font-feature-clig-off font-feature-calt-off text-decoration-underline text-strikethrough-none\" draggable=\"false\" href=\"http:\/\/www.fisiobalance.cat\/\" target=\"_blank\" rel=\"noopener\">www.fisiobalance.cat<\/a><span class=\"OYPEnA font-feature-liga-off font-feature-clig-off font-feature-calt-off text-decoration-none text-strikethrough-none\"> ll\u00e1manos a trav\u00e9s del 659 884 200, estaremos encantados de resolver cualquiera de tus dudas.<\/span><\/p>\n<p><img loading=\"lazy\" decoding=\"async\" class=\"aligncenter wp-image-4494\" src=\"https:\/\/www.fisiobalance.cat\/wp-content\/uploads\/2024\/01\/Contacto-1-3-300x88.png\" alt=\"\" width=\"836\" height=\"245\" srcset=\"https:\/\/www.fisiobalance.cat\/wp-content\/uploads\/2024\/01\/Contacto-1-3-300x88.png 300w, https:\/\/www.fisiobalance.cat\/wp-content\/uploads\/2024\/01\/Contacto-1-3-768x226.png 768w, https:\/\/www.fisiobalance.cat\/wp-content\/uploads\/2024\/01\/Contacto-1-3-2048x603.png 2048w, https:\/\/www.fisiobalance.cat\/wp-content\/uploads\/2024\/01\/Contacto-1-3-700x206.png 700w, https:\/\/www.fisiobalance.cat\/wp-content\/uploads\/2024\/01\/Contacto-1-3-600x177.png 600w\" sizes=\"auto, (max-width: 836px) 100vw, 836px\" \/><\/p>\n<p class=\"cvGsUA align-start para-style-body direction-ltr\">\n","protected":false},"excerpt":{"rendered":"<p>En nuestra vida cotidiana, el estr\u00e9s es casi inevitable. Las exigencias laborales, familiares y personales pueden acumularse, causando un impacto negativo no solo en nuestra mente sino tambi\u00e9n en nuestro cuerpo. En Fisiobalance Castelldefels, entendemos c\u00f3mo el estr\u00e9s puede manifestarse f\u00edsicamente y sabemos que la&#8230;<\/p>\n","protected":false},"author":4,"featured_media":5382,"comment_status":"open","ping_status":"open","sticky":false,"template":"","format":"standard","meta":{"footnotes":""},"categories":[297,265,246,298,304],"tags":[34,378,266,258,66,254,255],"class_list":["post-5381","post","type-post","status-publish","format-standard","has-post-thumbnail","hentry","category-dolor-cabeza","category-fisiobalance-castelldefels","category-fisioterapia","category-higiene-postural","category-vida-saludable","tag-castelldefels","tag-estres","tag-fisiobalance","tag-fisiobalance-castelldefels","tag-fisioterapia","tag-fisioterapia-castelldefels","tag-fisioterapia-personalizada"],"yoast_head":"<!-- This site is optimized with the Yoast SEO plugin v26.3 - https:\/\/yoast.com\/wordpress\/plugins\/seo\/ -->\n<title>Fisioterapia y estr\u00e9s: La conexi\u00f3n entre cuerpo y mente | FisioBalance Castelldefels - Fisiobalance<\/title>\n<meta name=\"description\" content=\"En nuestra vida cotidiana, el estr\u00e9s es casi inevitable. Las exigencias laborales, familiares y personales pueden acumularse, causando un impacto negativo no solo en nuestra mente sino tambi\u00e9n en nuestro cuerpo.\" \/>\n<meta name=\"robots\" content=\"index, follow, max-snippet:-1, max-image-preview:large, max-video-preview:-1\" \/>\n<link rel=\"canonical\" href=\"https:\/\/www.fisiobalance.cat\/fisioterapia-y-estres\/\" \/>\n<meta property=\"og:locale\" content=\"en_US\" \/>\n<meta property=\"og:type\" content=\"article\" \/>\n<meta property=\"og:title\" content=\"Fisioterapia y estr\u00e9s: La conexi\u00f3n entre cuerpo y mente | FisioBalance Castelldefels - Fisiobalance\" \/>\n<meta property=\"og:description\" content=\"En nuestra vida cotidiana, el estr\u00e9s es casi inevitable. Las exigencias laborales, familiares y personales pueden acumularse, causando un impacto negativo no solo en nuestra mente sino tambi\u00e9n en nuestro cuerpo.\" \/>\n<meta property=\"og:url\" content=\"https:\/\/www.fisiobalance.cat\/fisioterapia-y-estres\/\" \/>\n<meta property=\"og:site_name\" content=\"Fisiobalance\" \/>\n<meta property=\"article:published_time\" content=\"2025-01-23T12:44:08+00:00\" \/>\n<meta property=\"article:modified_time\" content=\"2025-01-27T19:48:58+00:00\" \/>\n<meta property=\"og:image\" content=\"https:\/\/www.fisiobalance.cat\/wp-content\/uploads\/2025\/01\/Fisioterapia-y-estres-La-conexion-entre-cuerpo-y-mente.png\" \/>\n\t<meta property=\"og:image:width\" content=\"1080\" \/>\n\t<meta property=\"og:image:height\" content=\"1080\" \/>\n\t<meta property=\"og:image:type\" content=\"image\/png\" \/>\n<meta name=\"author\" content=\"Judith B.\" \/>\n<meta name=\"twitter:card\" content=\"summary_large_image\" \/>\n<meta name=\"twitter:label1\" content=\"Written by\" \/>\n\t<meta name=\"twitter:data1\" content=\"Judith B.\" \/>\n\t<meta name=\"twitter:label2\" content=\"Est. reading time\" \/>\n\t<meta name=\"twitter:data2\" content=\"5 minutes\" \/>\n<script type=\"application\/ld+json\" class=\"yoast-schema-graph\">{\"@context\":\"https:\/\/schema.org\",\"@graph\":[{\"@type\":\"Article\",\"@id\":\"https:\/\/www.fisiobalance.cat\/fisioterapia-y-estres\/#article\",\"isPartOf\":{\"@id\":\"https:\/\/www.fisiobalance.cat\/fisioterapia-y-estres\/\"},\"author\":{\"name\":\"Judith B.\",\"@id\":\"https:\/\/www.fisiobalance.cat\/#\/schema\/person\/d13995e8461df82666781bd895eb057b\"},\"headline\":\"Fisioterapia y estr\u00e9s: La conexi\u00f3n entre cuerpo y mente | FisioBalance Castelldefels\",\"datePublished\":\"2025-01-23T12:44:08+00:00\",\"dateModified\":\"2025-01-27T19:48:58+00:00\",\"mainEntityOfPage\":{\"@id\":\"https:\/\/www.fisiobalance.cat\/fisioterapia-y-estres\/\"},\"wordCount\":909,\"commentCount\":0,\"publisher\":{\"@id\":\"https:\/\/www.fisiobalance.cat\/#organization\"},\"image\":{\"@id\":\"https:\/\/www.fisiobalance.cat\/fisioterapia-y-estres\/#primaryimage\"},\"thumbnailUrl\":\"https:\/\/www.fisiobalance.cat\/wp-content\/uploads\/2025\/01\/Fisioterapia-y-estres-La-conexion-entre-cuerpo-y-mente.png\",\"keywords\":[\"castelldefels\",\"ESTR\u00c9S\",\"fisiobalance\",\"FisioBalance Castelldefels\",\"fisioterapia\",\"Fisioterapia Castelldefels\",\"Fisioterapia personalizada\"],\"articleSection\":[\"Dolor cabeza\",\"Fisiobalance Castelldefels\",\"Fisioterapia\",\"Higiene postural\",\"Vida saludable\"],\"inLanguage\":\"en-US\",\"potentialAction\":[{\"@type\":\"CommentAction\",\"name\":\"Comment\",\"target\":[\"https:\/\/www.fisiobalance.cat\/fisioterapia-y-estres\/#respond\"]}]},{\"@type\":\"WebPage\",\"@id\":\"https:\/\/www.fisiobalance.cat\/fisioterapia-y-estres\/\",\"url\":\"https:\/\/www.fisiobalance.cat\/fisioterapia-y-estres\/\",\"name\":\"Fisioterapia y estr\u00e9s: La conexi\u00f3n entre cuerpo y mente | FisioBalance Castelldefels - Fisiobalance\",\"isPartOf\":{\"@id\":\"https:\/\/www.fisiobalance.cat\/#website\"},\"primaryImageOfPage\":{\"@id\":\"https:\/\/www.fisiobalance.cat\/fisioterapia-y-estres\/#primaryimage\"},\"image\":{\"@id\":\"https:\/\/www.fisiobalance.cat\/fisioterapia-y-estres\/#primaryimage\"},\"thumbnailUrl\":\"https:\/\/www.fisiobalance.cat\/wp-content\/uploads\/2025\/01\/Fisioterapia-y-estres-La-conexion-entre-cuerpo-y-mente.png\",\"datePublished\":\"2025-01-23T12:44:08+00:00\",\"dateModified\":\"2025-01-27T19:48:58+00:00\",\"description\":\"En nuestra vida cotidiana, el estr\u00e9s es casi inevitable. Las exigencias laborales, familiares y personales pueden acumularse, causando un impacto negativo no solo en nuestra mente sino tambi\u00e9n en nuestro cuerpo.\",\"breadcrumb\":{\"@id\":\"https:\/\/www.fisiobalance.cat\/fisioterapia-y-estres\/#breadcrumb\"},\"inLanguage\":\"en-US\",\"potentialAction\":[{\"@type\":\"ReadAction\",\"target\":[\"https:\/\/www.fisiobalance.cat\/fisioterapia-y-estres\/\"]}]},{\"@type\":\"ImageObject\",\"inLanguage\":\"en-US\",\"@id\":\"https:\/\/www.fisiobalance.cat\/fisioterapia-y-estres\/#primaryimage\",\"url\":\"https:\/\/www.fisiobalance.cat\/wp-content\/uploads\/2025\/01\/Fisioterapia-y-estres-La-conexion-entre-cuerpo-y-mente.png\",\"contentUrl\":\"https:\/\/www.fisiobalance.cat\/wp-content\/uploads\/2025\/01\/Fisioterapia-y-estres-La-conexion-entre-cuerpo-y-mente.png\",\"width\":1080,\"height\":1080},{\"@type\":\"BreadcrumbList\",\"@id\":\"https:\/\/www.fisiobalance.cat\/fisioterapia-y-estres\/#breadcrumb\",\"itemListElement\":[{\"@type\":\"ListItem\",\"position\":1,\"name\":\"Portada\",\"item\":\"https:\/\/www.fisiobalance.cat\/en\/\"},{\"@type\":\"ListItem\",\"position\":2,\"name\":\"Fisioterapia y estr\u00e9s: La conexi\u00f3n entre cuerpo y mente | FisioBalance Castelldefels\"}]},{\"@type\":\"WebSite\",\"@id\":\"https:\/\/www.fisiobalance.cat\/#website\",\"url\":\"https:\/\/www.fisiobalance.cat\/\",\"name\":\"Fisiobalance\",\"description\":\"\",\"publisher\":{\"@id\":\"https:\/\/www.fisiobalance.cat\/#organization\"},\"potentialAction\":[{\"@type\":\"SearchAction\",\"target\":{\"@type\":\"EntryPoint\",\"urlTemplate\":\"https:\/\/www.fisiobalance.cat\/?s={search_term_string}\"},\"query-input\":{\"@type\":\"PropertyValueSpecification\",\"valueRequired\":true,\"valueName\":\"search_term_string\"}}],\"inLanguage\":\"en-US\"},{\"@type\":\"Organization\",\"@id\":\"https:\/\/www.fisiobalance.cat\/#organization\",\"name\":\"Fisiobalance\",\"url\":\"https:\/\/www.fisiobalance.cat\/\",\"logo\":{\"@type\":\"ImageObject\",\"inLanguage\":\"en-US\",\"@id\":\"https:\/\/www.fisiobalance.cat\/#\/schema\/logo\/image\/\",\"url\":\"https:\/\/www.fisiobalance.cat\/wp-content\/uploads\/2018\/06\/fisiobalance_logo.png\",\"contentUrl\":\"https:\/\/www.fisiobalance.cat\/wp-content\/uploads\/2018\/06\/fisiobalance_logo.png\",\"width\":369,\"height\":53,\"caption\":\"Fisiobalance\"},\"image\":{\"@id\":\"https:\/\/www.fisiobalance.cat\/#\/schema\/logo\/image\/\"}},{\"@type\":\"Person\",\"@id\":\"https:\/\/www.fisiobalance.cat\/#\/schema\/person\/d13995e8461df82666781bd895eb057b\",\"name\":\"Judith B.\",\"image\":{\"@type\":\"ImageObject\",\"inLanguage\":\"en-US\",\"@id\":\"https:\/\/www.fisiobalance.cat\/#\/schema\/person\/image\/\",\"url\":\"https:\/\/secure.gravatar.com\/avatar\/8685e93a081991151a26aa2a7294e0eec35dc79370af6c42cd6313f871fc656b?s=96&d=mm&r=g\",\"contentUrl\":\"https:\/\/secure.gravatar.com\/avatar\/8685e93a081991151a26aa2a7294e0eec35dc79370af6c42cd6313f871fc656b?s=96&d=mm&r=g\",\"caption\":\"Judith B.\"},\"url\":\"https:\/\/www.fisiobalance.cat\/en\/author\/judith-barreiro\/\"}]}<\/script>\n<!-- \/ Yoast SEO plugin. -->","yoast_head_json":{"title":"Fisioterapia y estr\u00e9s: La conexi\u00f3n entre cuerpo y mente | FisioBalance Castelldefels - Fisiobalance","description":"En nuestra vida cotidiana, el estr\u00e9s es casi inevitable. Las exigencias laborales, familiares y personales pueden acumularse, causando un impacto negativo no solo en nuestra mente sino tambi\u00e9n en nuestro cuerpo.","robots":{"index":"index","follow":"follow","max-snippet":"max-snippet:-1","max-image-preview":"max-image-preview:large","max-video-preview":"max-video-preview:-1"},"canonical":"https:\/\/www.fisiobalance.cat\/fisioterapia-y-estres\/","og_locale":"en_US","og_type":"article","og_title":"Fisioterapia y estr\u00e9s: La conexi\u00f3n entre cuerpo y mente | FisioBalance Castelldefels - Fisiobalance","og_description":"En nuestra vida cotidiana, el estr\u00e9s es casi inevitable. Las exigencias laborales, familiares y personales pueden acumularse, causando un impacto negativo no solo en nuestra mente sino tambi\u00e9n en nuestro cuerpo.","og_url":"https:\/\/www.fisiobalance.cat\/fisioterapia-y-estres\/","og_site_name":"Fisiobalance","article_published_time":"2025-01-23T12:44:08+00:00","article_modified_time":"2025-01-27T19:48:58+00:00","og_image":[{"width":1080,"height":1080,"url":"https:\/\/www.fisiobalance.cat\/wp-content\/uploads\/2025\/01\/Fisioterapia-y-estres-La-conexion-entre-cuerpo-y-mente.png","type":"image\/png"}],"author":"Judith B.","twitter_card":"summary_large_image","twitter_misc":{"Written by":"Judith B.","Est. reading time":"5 minutes"},"schema":{"@context":"https:\/\/schema.org","@graph":[{"@type":"Article","@id":"https:\/\/www.fisiobalance.cat\/fisioterapia-y-estres\/#article","isPartOf":{"@id":"https:\/\/www.fisiobalance.cat\/fisioterapia-y-estres\/"},"author":{"name":"Judith B.","@id":"https:\/\/www.fisiobalance.cat\/#\/schema\/person\/d13995e8461df82666781bd895eb057b"},"headline":"Fisioterapia y estr\u00e9s: La conexi\u00f3n entre cuerpo y mente | FisioBalance Castelldefels","datePublished":"2025-01-23T12:44:08+00:00","dateModified":"2025-01-27T19:48:58+00:00","mainEntityOfPage":{"@id":"https:\/\/www.fisiobalance.cat\/fisioterapia-y-estres\/"},"wordCount":909,"commentCount":0,"publisher":{"@id":"https:\/\/www.fisiobalance.cat\/#organization"},"image":{"@id":"https:\/\/www.fisiobalance.cat\/fisioterapia-y-estres\/#primaryimage"},"thumbnailUrl":"https:\/\/www.fisiobalance.cat\/wp-content\/uploads\/2025\/01\/Fisioterapia-y-estres-La-conexion-entre-cuerpo-y-mente.png","keywords":["castelldefels","ESTR\u00c9S","fisiobalance","FisioBalance Castelldefels","fisioterapia","Fisioterapia Castelldefels","Fisioterapia personalizada"],"articleSection":["Dolor cabeza","Fisiobalance Castelldefels","Fisioterapia","Higiene postural","Vida saludable"],"inLanguage":"en-US","potentialAction":[{"@type":"CommentAction","name":"Comment","target":["https:\/\/www.fisiobalance.cat\/fisioterapia-y-estres\/#respond"]}]},{"@type":"WebPage","@id":"https:\/\/www.fisiobalance.cat\/fisioterapia-y-estres\/","url":"https:\/\/www.fisiobalance.cat\/fisioterapia-y-estres\/","name":"Fisioterapia y estr\u00e9s: La conexi\u00f3n entre cuerpo y mente | FisioBalance Castelldefels - Fisiobalance","isPartOf":{"@id":"https:\/\/www.fisiobalance.cat\/#website"},"primaryImageOfPage":{"@id":"https:\/\/www.fisiobalance.cat\/fisioterapia-y-estres\/#primaryimage"},"image":{"@id":"https:\/\/www.fisiobalance.cat\/fisioterapia-y-estres\/#primaryimage"},"thumbnailUrl":"https:\/\/www.fisiobalance.cat\/wp-content\/uploads\/2025\/01\/Fisioterapia-y-estres-La-conexion-entre-cuerpo-y-mente.png","datePublished":"2025-01-23T12:44:08+00:00","dateModified":"2025-01-27T19:48:58+00:00","description":"En nuestra vida cotidiana, el estr\u00e9s es casi inevitable. Las exigencias laborales, familiares y personales pueden acumularse, causando un impacto negativo no solo en nuestra mente sino tambi\u00e9n en nuestro cuerpo.","breadcrumb":{"@id":"https:\/\/www.fisiobalance.cat\/fisioterapia-y-estres\/#breadcrumb"},"inLanguage":"en-US","potentialAction":[{"@type":"ReadAction","target":["https:\/\/www.fisiobalance.cat\/fisioterapia-y-estres\/"]}]},{"@type":"ImageObject","inLanguage":"en-US","@id":"https:\/\/www.fisiobalance.cat\/fisioterapia-y-estres\/#primaryimage","url":"https:\/\/www.fisiobalance.cat\/wp-content\/uploads\/2025\/01\/Fisioterapia-y-estres-La-conexion-entre-cuerpo-y-mente.png","contentUrl":"https:\/\/www.fisiobalance.cat\/wp-content\/uploads\/2025\/01\/Fisioterapia-y-estres-La-conexion-entre-cuerpo-y-mente.png","width":1080,"height":1080},{"@type":"BreadcrumbList","@id":"https:\/\/www.fisiobalance.cat\/fisioterapia-y-estres\/#breadcrumb","itemListElement":[{"@type":"ListItem","position":1,"name":"Portada","item":"https:\/\/www.fisiobalance.cat\/en\/"},{"@type":"ListItem","position":2,"name":"Fisioterapia y estr\u00e9s: La conexi\u00f3n entre cuerpo y mente | FisioBalance Castelldefels"}]},{"@type":"WebSite","@id":"https:\/\/www.fisiobalance.cat\/#website","url":"https:\/\/www.fisiobalance.cat\/","name":"Fisiobalance","description":"","publisher":{"@id":"https:\/\/www.fisiobalance.cat\/#organization"},"potentialAction":[{"@type":"SearchAction","target":{"@type":"EntryPoint","urlTemplate":"https:\/\/www.fisiobalance.cat\/?s={search_term_string}"},"query-input":{"@type":"PropertyValueSpecification","valueRequired":true,"valueName":"search_term_string"}}],"inLanguage":"en-US"},{"@type":"Organization","@id":"https:\/\/www.fisiobalance.cat\/#organization","name":"Fisiobalance","url":"https:\/\/www.fisiobalance.cat\/","logo":{"@type":"ImageObject","inLanguage":"en-US","@id":"https:\/\/www.fisiobalance.cat\/#\/schema\/logo\/image\/","url":"https:\/\/www.fisiobalance.cat\/wp-content\/uploads\/2018\/06\/fisiobalance_logo.png","contentUrl":"https:\/\/www.fisiobalance.cat\/wp-content\/uploads\/2018\/06\/fisiobalance_logo.png","width":369,"height":53,"caption":"Fisiobalance"},"image":{"@id":"https:\/\/www.fisiobalance.cat\/#\/schema\/logo\/image\/"}},{"@type":"Person","@id":"https:\/\/www.fisiobalance.cat\/#\/schema\/person\/d13995e8461df82666781bd895eb057b","name":"Judith B.","image":{"@type":"ImageObject","inLanguage":"en-US","@id":"https:\/\/www.fisiobalance.cat\/#\/schema\/person\/image\/","url":"https:\/\/secure.gravatar.com\/avatar\/8685e93a081991151a26aa2a7294e0eec35dc79370af6c42cd6313f871fc656b?s=96&d=mm&r=g","contentUrl":"https:\/\/secure.gravatar.com\/avatar\/8685e93a081991151a26aa2a7294e0eec35dc79370af6c42cd6313f871fc656b?s=96&d=mm&r=g","caption":"Judith B."},"url":"https:\/\/www.fisiobalance.cat\/en\/author\/judith-barreiro\/"}]}},"_links":{"self":[{"href":"https:\/\/www.fisiobalance.cat\/en\/wp-json\/wp\/v2\/posts\/5381","targetHints":{"allow":["GET"]}}],"collection":[{"href":"https:\/\/www.fisiobalance.cat\/en\/wp-json\/wp\/v2\/posts"}],"about":[{"href":"https:\/\/www.fisiobalance.cat\/en\/wp-json\/wp\/v2\/types\/post"}],"author":[{"embeddable":true,"href":"https:\/\/www.fisiobalance.cat\/en\/wp-json\/wp\/v2\/users\/4"}],"replies":[{"embeddable":true,"href":"https:\/\/www.fisiobalance.cat\/en\/wp-json\/wp\/v2\/comments?post=5381"}],"version-history":[{"count":3,"href":"https:\/\/www.fisiobalance.cat\/en\/wp-json\/wp\/v2\/posts\/5381\/revisions"}],"predecessor-version":[{"id":5395,"href":"https:\/\/www.fisiobalance.cat\/en\/wp-json\/wp\/v2\/posts\/5381\/revisions\/5395"}],"wp:featuredmedia":[{"embeddable":true,"href":"https:\/\/www.fisiobalance.cat\/en\/wp-json\/wp\/v2\/media\/5382"}],"wp:attachment":[{"href":"https:\/\/www.fisiobalance.cat\/en\/wp-json\/wp\/v2\/media?parent=5381"}],"wp:term":[{"taxonomy":"category","embeddable":true,"href":"https:\/\/www.fisiobalance.cat\/en\/wp-json\/wp\/v2\/categories?post=5381"},{"taxonomy":"post_tag","embeddable":true,"href":"https:\/\/www.fisiobalance.cat\/en\/wp-json\/wp\/v2\/tags?post=5381"}],"curies":[{"name":"wp","href":"https:\/\/api.w.org\/{rel}","templated":true}]}}