{"id":5432,"date":"2025-03-17T20:57:41","date_gmt":"2025-03-17T19:57:41","guid":{"rendered":"https:\/\/www.fisiobalance.cat\/?p=5432"},"modified":"2025-03-17T20:59:25","modified_gmt":"2025-03-17T19:59:25","slug":"colico-del-lactante-fisioterapia","status":"publish","type":"post","link":"https:\/\/www.fisiobalance.cat\/en\/colico-del-lactante-fisioterapia\/","title":{"rendered":"C\u00f3lico del lactante: C\u00f3mo la fisioterapia y la osteopat\u00eda pueden ayudar a tu beb\u00e9"},"content":{"rendered":"<p><img loading=\"lazy\" decoding=\"async\" class=\"aligncenter wp-image-5433\" src=\"https:\/\/www.fisiobalance.cat\/wp-content\/uploads\/2025\/03\/Todo-sobre-el-colico-del-lactante--300x88.png\" alt=\"\" width=\"606\" height=\"178\" srcset=\"https:\/\/www.fisiobalance.cat\/wp-content\/uploads\/2025\/03\/Todo-sobre-el-colico-del-lactante--300x88.png 300w, https:\/\/www.fisiobalance.cat\/wp-content\/uploads\/2025\/03\/Todo-sobre-el-colico-del-lactante--1024x302.png 1024w, https:\/\/www.fisiobalance.cat\/wp-content\/uploads\/2025\/03\/Todo-sobre-el-colico-del-lactante--768x226.png 768w, https:\/\/www.fisiobalance.cat\/wp-content\/uploads\/2025\/03\/Todo-sobre-el-colico-del-lactante--1536x453.png 1536w, https:\/\/www.fisiobalance.cat\/wp-content\/uploads\/2025\/03\/Todo-sobre-el-colico-del-lactante--2048x603.png 2048w, https:\/\/www.fisiobalance.cat\/wp-content\/uploads\/2025\/03\/Todo-sobre-el-colico-del-lactante--700x206.png 700w, https:\/\/www.fisiobalance.cat\/wp-content\/uploads\/2025\/03\/Todo-sobre-el-colico-del-lactante--600x177.png 600w\" sizes=\"auto, (max-width: 606px) 100vw, 606px\" \/><\/p>\n<p class=\"cvGsUA direction-ltr align-start para-style-body\"><span class=\"OYPEnA font-feature-liga-off font-feature-clig-off font-feature-calt-off text-decoration-none text-strikethrough-none\">El c\u00f3lico del lactante es una de las preocupaciones m\u00e1s comunes entre los padres de reci\u00e9n nacidos. <\/span><strong><span class=\"OYPEnA font-feature-liga-off font-feature-clig-off font-feature-calt-off text-decoration-none text-strikethrough-none\">Se estima que hasta el 40% de los beb\u00e9s pueden experimentar episodios de llanto inconsolable<\/span><\/strong><span class=\"OYPEnA font-feature-liga-off font-feature-clig-off font-feature-calt-off text-decoration-none text-strikethrough-none\">, que a menudo se asocian con molestias digestivas.<\/span><\/p>\n<p class=\"cvGsUA direction-ltr align-start para-style-body\"><span class=\"OYPEnA font-feature-liga-off font-feature-clig-off font-feature-calt-off text-decoration-none text-strikethrough-none\">Si tu beb\u00e9 sufre de c\u00f3licos, <\/span><span class=\"OYPEnA font-feature-liga-off font-feature-clig-off font-feature-calt-off text-decoration-none text-strikethrough-none\"><strong>en Fisiobalance Castelldefels podemos ayudarte<\/strong>.<\/span><span class=\"OYPEnA font-feature-liga-off font-feature-clig-off font-feature-calt-off text-decoration-none text-strikethrough-none\"> A trav\u00e9s de la fisioterapia pedi\u00e1trica y la osteopat\u00eda, es posible aliviar sus s\u00edntomas de manera natural y mejorar su bienestar.<\/span><\/p>\n<p>&nbsp;<\/p>\n<h2 class=\"cvGsUA direction-ltr align-start para-style-body\"><span class=\"OYPEnA font-feature-liga-off font-feature-clig-off font-feature-calt-off text-decoration-none text-strikethrough-none\">\u00bfQu\u00e9 es el c\u00f3lico del lactante?<\/span><\/h2>\n<p class=\"cvGsUA direction-ltr align-start para-style-body\"><span class=\"OYPEnA font-feature-liga-off font-feature-clig-off font-feature-calt-off text-decoration-none text-strikethrough-none\">El c\u00f3lico del lactante se define como episodios de llanto intenso en beb\u00e9s sanos, generalmente <\/span><strong><span class=\"OYPEnA font-feature-liga-off font-feature-clig-off font-feature-calt-off text-decoration-none text-strikethrough-none\">durante m\u00e1s de 3 horas al d\u00eda, al menos 3 d\u00edas a la semana y durante 3 semanas seguidas<\/span><\/strong><span class=\"OYPEnA font-feature-liga-off font-feature-clig-off font-feature-calt-off text-decoration-none text-strikethrough-none\"><strong>.<\/strong> Suele aparecer en las primeras semanas de vida y tiende a desaparecer alrededor de los 3-4 meses.<\/span><\/p>\n<p class=\"cvGsUA direction-ltr align-start para-style-body\"><span class=\"OYPEnA font-feature-liga-off font-feature-clig-off font-feature-calt-off text-decoration-none text-strikethrough-none\">S\u00edntomas m\u00e1s comunes:<\/span><\/p>\n<p class=\"cvGsUA direction-ltr align-start para-style-body\"><span class=\"OYPEnA font-feature-liga-off font-feature-clig-off font-feature-calt-off text-decoration-none text-strikethrough-none\">\u2705 Llanto inconsolable, especialmente por la <\/span><span class=\"OYPEnA font-feature-liga-off font-feature-clig-off font-feature-calt-off text-decoration-none text-strikethrough-none\">tarde o noche<\/span><\/p>\n<p class=\"cvGsUA direction-ltr align-start para-style-body\"><span class=\"OYPEnA font-feature-liga-off font-feature-clig-off font-feature-calt-off text-decoration-none text-strikethrough-none\">\u2705 Movimientos de piernas como si <\/span><span class=\"OYPEnA font-feature-liga-off font-feature-clig-off font-feature-calt-off text-decoration-none text-strikethrough-none\">presentara dolor abdominal<\/span><\/p>\n<p class=\"cvGsUA direction-ltr align-start para-style-body\"><span class=\"OYPEnA font-feature-liga-off font-feature-clig-off font-feature-calt-off text-decoration-none text-strikethrough-none\">\u2705 Abdomen hinchado y tenso<\/span><\/p>\n<p class=\"cvGsUA direction-ltr align-start para-style-body\"><span class=\"OYPEnA font-feature-liga-off font-feature-clig-off font-feature-calt-off text-decoration-none text-strikethrough-none\">\u2705 Dificultad para expulsar gases<\/span><\/p>\n<p class=\"cvGsUA direction-ltr align-start para-style-body\"><span class=\"OYPEnA font-feature-liga-off font-feature-clig-off font-feature-calt-off text-decoration-none text-strikethrough-none\">\u2705 Alteraciones en el sue\u00f1o y la alimentaci\u00f3n<\/span><\/p>\n<p class=\"cvGsUA direction-ltr align-start para-style-body\"><span class=\"OYPEnA font-feature-liga-off font-feature-clig-off font-feature-calt-off text-decoration-none text-strikethrough-none\">A pesar de ser una condici\u00f3n benigna, el c\u00f3lico del lactante puede generar mucho estr\u00e9s en los padres y afectar el descanso del beb\u00e9.<\/span><\/p>\n<p>&nbsp;<\/p>\n<h2 class=\"cvGsUA direction-ltr align-start para-style-body\"><span class=\"OYPEnA font-feature-liga-off font-feature-clig-off font-feature-calt-off text-decoration-none text-strikethrough-none\">Causas del c\u00f3lico del lactante<\/span><\/h2>\n<p class=\"cvGsUA direction-ltr align-start para-style-body\"><span class=\"OYPEnA font-feature-liga-off font-feature-clig-off font-feature-calt-off text-decoration-none text-strikethrough-none\">El origen del c\u00f3lico no est\u00e1 completamente definido, pero algunas causas pueden ser:<\/span><\/p>\n<ul>\n<li><span class=\"OYPEnA font-feature-liga-off font-feature-clig-off font-feature-calt-off text-decoration-none text-strikethrough-none\"><strong>Inmadurez del sistema digestivo<\/strong>: <\/span><span class=\"OYPEnA font-feature-liga-off font-feature-clig-off font-feature-calt-off text-decoration-none text-strikethrough-none\">El intestino del beb\u00e9 a\u00fan no ha desarrollado completamente su funci\u00f3n.<\/span><\/li>\n<li><span class=\"OYPEnA font-feature-liga-off font-feature-clig-off font-feature-calt-off text-decoration-none text-strikethrough-none\"><strong>Aire en el est\u00f3mago<\/strong>: <\/span><span class=\"OYPEnA font-feature-liga-off font-feature-clig-off font-feature-calt-off text-decoration-none text-strikethrough-none\">La succi\u00f3n durante la lactancia o el biber\u00f3n puede hacer que trague aire, generando gases.<\/span><\/li>\n<li><span class=\"OYPEnA font-feature-liga-off font-feature-clig-off font-feature-calt-off text-decoration-none text-strikethrough-none\"><strong>Alergias o intolerancias<\/strong>:<\/span><span class=\"OYPEnA font-feature-liga-off font-feature-clig-off font-feature-calt-off text-decoration-none text-strikethrough-none\"> Algunas prote\u00ednas de la leche pueden generar molestias digestivas.<\/span><\/li>\n<\/ul>\n<p>&nbsp;<\/p>\n<h2 class=\"cvGsUA direction-ltr align-start para-style-body\"><span class=\"OYPEnA font-feature-liga-off font-feature-clig-off font-feature-calt-off text-decoration-none text-strikethrough-none\">\u00bfC\u00f3mo puede ayudar la fisioterapia y la osteopat\u00eda?<\/span><\/h2>\n<p class=\"cvGsUA direction-ltr align-start para-style-body\"><span class=\"OYPEnA font-feature-liga-off font-feature-clig-off font-feature-calt-off text-decoration-none text-strikethrough-none\">En Fisiobalance Castelldefels, aplicamos t\u00e9cnicas manuales suaves para aliviar el malestar del beb\u00e9 y mejorar su digesti\u00f3n.<\/span><\/p>\n<h3 class=\"cvGsUA direction-ltr align-start para-style-body\"><strong><span class=\"OYPEnA font-feature-liga-off font-feature-clig-off font-feature-calt-off text-decoration-none text-strikethrough-none\">1. Osteopat\u00eda pedi\u00e1trica<\/span><\/strong><\/h3>\n<p class=\"cvGsUA direction-ltr align-start para-style-body\"><span class=\"OYPEnA font-feature-liga-off font-feature-clig-off font-feature-calt-off text-decoration-none text-strikethrough-none\">La osteopat\u00eda es una terapia manual que ayuda a liberar tensiones en el cr\u00e1neo, la columna y el abdomen del beb\u00e9. Se centra en:<\/span><\/p>\n<ul>\n<li><span class=\"OYPEnA font-feature-liga-off font-feature-clig-off font-feature-calt-off text-decoration-none text-strikethrough-none\">Mejorar la movilidad del diafragma para favorecer la digesti\u00f3n.<\/span><\/li>\n<li><span class=\"OYPEnA font-feature-liga-off font-feature-clig-off font-feature-calt-off text-decoration-none text-strikethrough-none\">Relajar la musculatura abdominal y reducir los gases.<\/span><\/li>\n<li><span class=\"OYPEnA font-feature-liga-off font-feature-clig-off font-feature-calt-off text-decoration-none text-strikethrough-none\">Equilibrar el sistema nervioso para que el beb\u00e9 est\u00e9 m\u00e1s tranquilo.<\/span><\/li>\n<\/ul>\n<p>&nbsp;<\/p>\n<h3><strong><span class=\"OYPEnA font-feature-liga-off font-feature-clig-off font-feature-calt-off text-decoration-none text-strikethrough-none\">2. Masajes y t\u00e9cnicas fisioterap\u00e9uticas<\/span><\/strong><\/h3>\n<p class=\"cvGsUA direction-ltr align-start para-style-body\"><span class=\"OYPEnA font-feature-liga-off font-feature-clig-off font-feature-calt-off text-decoration-none text-strikethrough-none\">A trav\u00e9s de masajes abdominales espec\u00edficos, ayudamos a:<\/span><\/p>\n<ul>\n<li><span class=\"OYPEnA font-feature-liga-off font-feature-clig-off font-feature-calt-off text-decoration-none text-strikethrough-none\">Favorecer el tr\u00e1nsito intestinal.<\/span><\/li>\n<li><span class=\"OYPEnA font-feature-liga-off font-feature-clig-off font-feature-calt-off text-decoration-none text-strikethrough-none\">Reducir la acumulaci\u00f3n de gases.<\/span><\/li>\n<\/ul>\n<p>&nbsp;<\/p>\n<h3><strong><span class=\"OYPEnA font-feature-liga-off font-feature-clig-off font-feature-calt-off text-decoration-none text-strikethrough-none\">3. Consejos para padres<\/span><\/strong><\/h3>\n<p class=\"cvGsUA direction-ltr align-start para-style-body\"><span class=\"OYPEnA font-feature-liga-off font-feature-clig-off font-feature-calt-off text-decoration-none text-strikethrough-none\">Adem\u00e1s del tratamiento, ense\u00f1amos a los padres t\u00e9cnicas para aliviar los c\u00f3licos en casa, como:<\/span><\/p>\n<p class=\"cvGsUA direction-ltr align-start para-style-body\"><span class=\"OYPEnA font-feature-liga-off font-feature-clig-off font-feature-calt-off text-decoration-none text-strikethrough-none\">\u2705 Posturas que facilitan la expulsi\u00f3n de <\/span><span class=\"OYPEnA font-feature-liga-off font-feature-clig-off font-feature-calt-off text-decoration-none text-strikethrough-none\">gases.<\/span><\/p>\n<p class=\"cvGsUA direction-ltr align-start para-style-body\"><span class=\"OYPEnA font-feature-liga-off font-feature-clig-off font-feature-calt-off text-decoration-none text-strikethrough-none\">\u2705 T\u00e9cnicas de masaje abdominal.<\/span><\/p>\n<p class=\"cvGsUA direction-ltr align-start para-style-body\"><span class=\"OYPEnA font-feature-liga-off font-feature-clig-off font-feature-calt-off text-decoration-none text-strikethrough-none\">\u2705 Consejos sobre alimentaci\u00f3n y lactancia.<\/span><\/p>\n<h2 class=\"cvGsUA direction-ltr align-start para-style-body\"><span class=\"OYPEnA font-feature-liga-off font-feature-clig-off font-feature-calt-off text-decoration-none text-strikethrough-none\">Conclusi\u00f3n<\/span><\/h2>\n<p class=\"cvGsUA direction-ltr align-start para-style-body\"><span class=\"OYPEnA font-feature-liga-off font-feature-clig-off font-feature-calt-off text-decoration-none text-strikethrough-none\">El c\u00f3lico del lactante es un proceso temporal, pero puede ser muy angustiante para los padres. Con la ayuda de la fisioterapia y la osteopat\u00eda, es posible aliviar los s\u00edntomas y mejorar el bienestar del beb\u00e9 de manera natural.<\/span><\/p>\n<p class=\"cvGsUA direction-ltr align-start para-style-body\"><span class=\"OYPEnA font-feature-liga-off font-feature-clig-off font-feature-calt-off text-decoration-none text-strikethrough-none\">\ud83d\udccd En <\/span><strong><span class=\"OYPEnA font-feature-liga-off font-feature-clig-off font-feature-calt-off text-decoration-none text-strikethrough-none\">Fisiobalance Castelldefels<\/span><\/strong><span class=\"OYPEnA font-feature-liga-off font-feature-clig-off font-feature-calt-off text-decoration-none text-strikethrough-none\">, estamos aqu\u00ed para ayudarte. Contacta con nosotros y descubre c\u00f3mo podemos aliviar el malestar de tu beb\u00e9.<\/span><\/p>\n<p class=\"cvGsUA direction-ltr align-start para-style-body\"><span class=\"OYPEnA font-feature-liga-off font-feature-clig-off font-feature-calt-off text-decoration-none text-strikethrough-none\">\ud83d\udc49 Reserva tu cita <a href=\"https:\/\/app.clinic-cloud.com\/citaonline.php\/fisiobalance\">aqu\u00ed<\/a>.<\/span><\/p>\n<p>&nbsp;<\/p>\n<p><a href=\"https:\/\/app.clinic-cloud.com\/citaonline.php\/fisiobalance\"><img loading=\"lazy\" decoding=\"async\" class=\"aligncenter wp-image-4518\" src=\"https:\/\/www.fisiobalance.cat\/wp-content\/uploads\/2024\/02\/Contacto--300x88.png\" alt=\"\" width=\"637\" height=\"187\" srcset=\"https:\/\/www.fisiobalance.cat\/wp-content\/uploads\/2024\/02\/Contacto--300x88.png 300w, https:\/\/www.fisiobalance.cat\/wp-content\/uploads\/2024\/02\/Contacto--1024x302.png 1024w, https:\/\/www.fisiobalance.cat\/wp-content\/uploads\/2024\/02\/Contacto--768x226.png 768w, https:\/\/www.fisiobalance.cat\/wp-content\/uploads\/2024\/02\/Contacto--1536x453.png 1536w, https:\/\/www.fisiobalance.cat\/wp-content\/uploads\/2024\/02\/Contacto--2048x603.png 2048w, https:\/\/www.fisiobalance.cat\/wp-content\/uploads\/2024\/02\/Contacto--700x206.png 700w, https:\/\/www.fisiobalance.cat\/wp-content\/uploads\/2024\/02\/Contacto--600x177.png 600w\" sizes=\"auto, (max-width: 637px) 100vw, 637px\" \/><\/a><\/p>\n","protected":false},"excerpt":{"rendered":"<p>El c\u00f3lico del lactante es una de las preocupaciones m\u00e1s comunes entre los padres de reci\u00e9n nacidos. Se estima que hasta el 40% de los beb\u00e9s pueden experimentar episodios de llanto inconsolable, que a menudo se asocian con molestias digestivas. Si tu beb\u00e9 sufre de&#8230;<\/p>\n","protected":false},"author":4,"featured_media":5436,"comment_status":"open","ping_status":"open","sticky":false,"template":"","format":"standard","meta":{"footnotes":""},"categories":[380,381,379,265,246,382,383],"tags":[387,388,389,386,384,385],"class_list":["post-5432","post","type-post","status-publish","format-standard","has-post-thumbnail","hentry","category-bebe","category-bebes","category-colico-del-lactante","category-fisiobalance-castelldefels","category-fisioterapia","category-osteopatia-pediatrica","category-tratamiento-osteopatia","tag-bebe","tag-bebes","tag-causas-del-colico-del-lactante","tag-colico-del-lactante","tag-osteopatia","tag-osteopatia-pediatrica"],"yoast_head":"<!-- This site is optimized with the Yoast SEO plugin v26.3 - https:\/\/yoast.com\/wordpress\/plugins\/seo\/ -->\n<title>C\u00f3lico del lactante: C\u00f3mo la fisioterapia y la osteopat\u00eda pueden ayudar a tu beb\u00e9 - Fisiobalance<\/title>\n<meta name=\"description\" content=\"C\u00f3lico del lactante: El c\u00f3lico del lactante es una de las preocupaciones m\u00e1s comunes entre los padres de reci\u00e9n nacidos.\" \/>\n<meta name=\"robots\" content=\"index, follow, max-snippet:-1, max-image-preview:large, max-video-preview:-1\" \/>\n<link rel=\"canonical\" href=\"https:\/\/www.fisiobalance.cat\/colico-del-lactante-fisioterapia\/\" \/>\n<meta property=\"og:locale\" content=\"en_US\" \/>\n<meta property=\"og:type\" content=\"article\" \/>\n<meta property=\"og:title\" content=\"C\u00f3lico del lactante: C\u00f3mo la fisioterapia y la osteopat\u00eda pueden ayudar a tu beb\u00e9 - Fisiobalance\" \/>\n<meta property=\"og:description\" content=\"C\u00f3lico del lactante: El c\u00f3lico del lactante es una de las preocupaciones m\u00e1s comunes entre los padres de reci\u00e9n nacidos.\" \/>\n<meta property=\"og:url\" content=\"https:\/\/www.fisiobalance.cat\/colico-del-lactante-fisioterapia\/\" \/>\n<meta property=\"og:site_name\" content=\"Fisiobalance\" \/>\n<meta property=\"article:published_time\" content=\"2025-03-17T19:57:41+00:00\" \/>\n<meta property=\"article:modified_time\" content=\"2025-03-17T19:59:25+00:00\" \/>\n<meta property=\"og:image\" content=\"https:\/\/www.fisiobalance.cat\/wp-content\/uploads\/2025\/03\/Todo-sobre-el-colico-del-lactante.png\" \/>\n\t<meta property=\"og:image:width\" content=\"1080\" \/>\n\t<meta property=\"og:image:height\" content=\"1080\" \/>\n\t<meta property=\"og:image:type\" content=\"image\/png\" \/>\n<meta name=\"author\" content=\"Judith B.\" \/>\n<meta name=\"twitter:card\" content=\"summary_large_image\" \/>\n<meta name=\"twitter:label1\" content=\"Written by\" \/>\n\t<meta name=\"twitter:data1\" content=\"Judith B.\" \/>\n\t<meta name=\"twitter:label2\" content=\"Est. reading time\" \/>\n\t<meta name=\"twitter:data2\" content=\"3 minutes\" \/>\n<script type=\"application\/ld+json\" class=\"yoast-schema-graph\">{\"@context\":\"https:\/\/schema.org\",\"@graph\":[{\"@type\":\"Article\",\"@id\":\"https:\/\/www.fisiobalance.cat\/colico-del-lactante-fisioterapia\/#article\",\"isPartOf\":{\"@id\":\"https:\/\/www.fisiobalance.cat\/colico-del-lactante-fisioterapia\/\"},\"author\":{\"name\":\"Judith B.\",\"@id\":\"https:\/\/www.fisiobalance.cat\/#\/schema\/person\/d13995e8461df82666781bd895eb057b\"},\"headline\":\"C\u00f3lico del lactante: C\u00f3mo la fisioterapia y la osteopat\u00eda pueden ayudar a tu beb\u00e9\",\"datePublished\":\"2025-03-17T19:57:41+00:00\",\"dateModified\":\"2025-03-17T19:59:25+00:00\",\"mainEntityOfPage\":{\"@id\":\"https:\/\/www.fisiobalance.cat\/colico-del-lactante-fisioterapia\/\"},\"wordCount\":526,\"commentCount\":0,\"publisher\":{\"@id\":\"https:\/\/www.fisiobalance.cat\/#organization\"},\"image\":{\"@id\":\"https:\/\/www.fisiobalance.cat\/colico-del-lactante-fisioterapia\/#primaryimage\"},\"thumbnailUrl\":\"https:\/\/www.fisiobalance.cat\/wp-content\/uploads\/2025\/03\/Todo-sobre-el-colico-del-lactante.png\",\"keywords\":[\"Beb\u00e9\",\"Beb\u00e9s\",\"Causas del c\u00f3lico del lactante\",\"C\u00f3lico del lactante\",\"Osteopat\u00eda\",\"Osteopat\u00eda pedi\u00e1trica\"],\"articleSection\":[\"Beb\u00e9\",\"Beb\u00e9s\",\"C\u00f3lico del lactante\",\"Fisiobalance Castelldefels\",\"Fisioterapia\",\"Osteopat\u00eda pedi\u00e1trica\",\"Tratamiento Osteopat\u00eda\"],\"inLanguage\":\"en-US\",\"potentialAction\":[{\"@type\":\"CommentAction\",\"name\":\"Comment\",\"target\":[\"https:\/\/www.fisiobalance.cat\/colico-del-lactante-fisioterapia\/#respond\"]}]},{\"@type\":\"WebPage\",\"@id\":\"https:\/\/www.fisiobalance.cat\/colico-del-lactante-fisioterapia\/\",\"url\":\"https:\/\/www.fisiobalance.cat\/colico-del-lactante-fisioterapia\/\",\"name\":\"C\u00f3lico del lactante: C\u00f3mo la fisioterapia y la osteopat\u00eda pueden ayudar a tu beb\u00e9 - Fisiobalance\",\"isPartOf\":{\"@id\":\"https:\/\/www.fisiobalance.cat\/#website\"},\"primaryImageOfPage\":{\"@id\":\"https:\/\/www.fisiobalance.cat\/colico-del-lactante-fisioterapia\/#primaryimage\"},\"image\":{\"@id\":\"https:\/\/www.fisiobalance.cat\/colico-del-lactante-fisioterapia\/#primaryimage\"},\"thumbnailUrl\":\"https:\/\/www.fisiobalance.cat\/wp-content\/uploads\/2025\/03\/Todo-sobre-el-colico-del-lactante.png\",\"datePublished\":\"2025-03-17T19:57:41+00:00\",\"dateModified\":\"2025-03-17T19:59:25+00:00\",\"description\":\"C\u00f3lico del lactante: El c\u00f3lico del lactante es una de las preocupaciones m\u00e1s comunes entre los padres de reci\u00e9n nacidos.\",\"breadcrumb\":{\"@id\":\"https:\/\/www.fisiobalance.cat\/colico-del-lactante-fisioterapia\/#breadcrumb\"},\"inLanguage\":\"en-US\",\"potentialAction\":[{\"@type\":\"ReadAction\",\"target\":[\"https:\/\/www.fisiobalance.cat\/colico-del-lactante-fisioterapia\/\"]}]},{\"@type\":\"ImageObject\",\"inLanguage\":\"en-US\",\"@id\":\"https:\/\/www.fisiobalance.cat\/colico-del-lactante-fisioterapia\/#primaryimage\",\"url\":\"https:\/\/www.fisiobalance.cat\/wp-content\/uploads\/2025\/03\/Todo-sobre-el-colico-del-lactante.png\",\"contentUrl\":\"https:\/\/www.fisiobalance.cat\/wp-content\/uploads\/2025\/03\/Todo-sobre-el-colico-del-lactante.png\",\"width\":1080,\"height\":1080},{\"@type\":\"BreadcrumbList\",\"@id\":\"https:\/\/www.fisiobalance.cat\/colico-del-lactante-fisioterapia\/#breadcrumb\",\"itemListElement\":[{\"@type\":\"ListItem\",\"position\":1,\"name\":\"Portada\",\"item\":\"https:\/\/www.fisiobalance.cat\/en\/\"},{\"@type\":\"ListItem\",\"position\":2,\"name\":\"C\u00f3lico del lactante: C\u00f3mo la fisioterapia y la osteopat\u00eda pueden ayudar a tu beb\u00e9\"}]},{\"@type\":\"WebSite\",\"@id\":\"https:\/\/www.fisiobalance.cat\/#website\",\"url\":\"https:\/\/www.fisiobalance.cat\/\",\"name\":\"Fisiobalance\",\"description\":\"\",\"publisher\":{\"@id\":\"https:\/\/www.fisiobalance.cat\/#organization\"},\"potentialAction\":[{\"@type\":\"SearchAction\",\"target\":{\"@type\":\"EntryPoint\",\"urlTemplate\":\"https:\/\/www.fisiobalance.cat\/?s={search_term_string}\"},\"query-input\":{\"@type\":\"PropertyValueSpecification\",\"valueRequired\":true,\"valueName\":\"search_term_string\"}}],\"inLanguage\":\"en-US\"},{\"@type\":\"Organization\",\"@id\":\"https:\/\/www.fisiobalance.cat\/#organization\",\"name\":\"Fisiobalance\",\"url\":\"https:\/\/www.fisiobalance.cat\/\",\"logo\":{\"@type\":\"ImageObject\",\"inLanguage\":\"en-US\",\"@id\":\"https:\/\/www.fisiobalance.cat\/#\/schema\/logo\/image\/\",\"url\":\"https:\/\/www.fisiobalance.cat\/wp-content\/uploads\/2018\/06\/fisiobalance_logo.png\",\"contentUrl\":\"https:\/\/www.fisiobalance.cat\/wp-content\/uploads\/2018\/06\/fisiobalance_logo.png\",\"width\":369,\"height\":53,\"caption\":\"Fisiobalance\"},\"image\":{\"@id\":\"https:\/\/www.fisiobalance.cat\/#\/schema\/logo\/image\/\"}},{\"@type\":\"Person\",\"@id\":\"https:\/\/www.fisiobalance.cat\/#\/schema\/person\/d13995e8461df82666781bd895eb057b\",\"name\":\"Judith B.\",\"image\":{\"@type\":\"ImageObject\",\"inLanguage\":\"en-US\",\"@id\":\"https:\/\/www.fisiobalance.cat\/#\/schema\/person\/image\/\",\"url\":\"https:\/\/secure.gravatar.com\/avatar\/8685e93a081991151a26aa2a7294e0eec35dc79370af6c42cd6313f871fc656b?s=96&d=mm&r=g\",\"contentUrl\":\"https:\/\/secure.gravatar.com\/avatar\/8685e93a081991151a26aa2a7294e0eec35dc79370af6c42cd6313f871fc656b?s=96&d=mm&r=g\",\"caption\":\"Judith B.\"},\"url\":\"https:\/\/www.fisiobalance.cat\/en\/author\/judith-barreiro\/\"}]}<\/script>\n<!-- \/ Yoast SEO plugin. -->","yoast_head_json":{"title":"C\u00f3lico del lactante: C\u00f3mo la fisioterapia y la osteopat\u00eda pueden ayudar a tu beb\u00e9 - Fisiobalance","description":"C\u00f3lico del lactante: El c\u00f3lico del lactante es una de las preocupaciones m\u00e1s comunes entre los padres de reci\u00e9n nacidos.","robots":{"index":"index","follow":"follow","max-snippet":"max-snippet:-1","max-image-preview":"max-image-preview:large","max-video-preview":"max-video-preview:-1"},"canonical":"https:\/\/www.fisiobalance.cat\/colico-del-lactante-fisioterapia\/","og_locale":"en_US","og_type":"article","og_title":"C\u00f3lico del lactante: C\u00f3mo la fisioterapia y la osteopat\u00eda pueden ayudar a tu beb\u00e9 - Fisiobalance","og_description":"C\u00f3lico del lactante: El c\u00f3lico del lactante es una de las preocupaciones m\u00e1s comunes entre los padres de reci\u00e9n nacidos.","og_url":"https:\/\/www.fisiobalance.cat\/colico-del-lactante-fisioterapia\/","og_site_name":"Fisiobalance","article_published_time":"2025-03-17T19:57:41+00:00","article_modified_time":"2025-03-17T19:59:25+00:00","og_image":[{"width":1080,"height":1080,"url":"https:\/\/www.fisiobalance.cat\/wp-content\/uploads\/2025\/03\/Todo-sobre-el-colico-del-lactante.png","type":"image\/png"}],"author":"Judith B.","twitter_card":"summary_large_image","twitter_misc":{"Written by":"Judith B.","Est. reading time":"3 minutes"},"schema":{"@context":"https:\/\/schema.org","@graph":[{"@type":"Article","@id":"https:\/\/www.fisiobalance.cat\/colico-del-lactante-fisioterapia\/#article","isPartOf":{"@id":"https:\/\/www.fisiobalance.cat\/colico-del-lactante-fisioterapia\/"},"author":{"name":"Judith B.","@id":"https:\/\/www.fisiobalance.cat\/#\/schema\/person\/d13995e8461df82666781bd895eb057b"},"headline":"C\u00f3lico del lactante: C\u00f3mo la fisioterapia y la osteopat\u00eda pueden ayudar a tu beb\u00e9","datePublished":"2025-03-17T19:57:41+00:00","dateModified":"2025-03-17T19:59:25+00:00","mainEntityOfPage":{"@id":"https:\/\/www.fisiobalance.cat\/colico-del-lactante-fisioterapia\/"},"wordCount":526,"commentCount":0,"publisher":{"@id":"https:\/\/www.fisiobalance.cat\/#organization"},"image":{"@id":"https:\/\/www.fisiobalance.cat\/colico-del-lactante-fisioterapia\/#primaryimage"},"thumbnailUrl":"https:\/\/www.fisiobalance.cat\/wp-content\/uploads\/2025\/03\/Todo-sobre-el-colico-del-lactante.png","keywords":["Beb\u00e9","Beb\u00e9s","Causas del c\u00f3lico del lactante","C\u00f3lico del lactante","Osteopat\u00eda","Osteopat\u00eda pedi\u00e1trica"],"articleSection":["Beb\u00e9","Beb\u00e9s","C\u00f3lico del lactante","Fisiobalance Castelldefels","Fisioterapia","Osteopat\u00eda pedi\u00e1trica","Tratamiento Osteopat\u00eda"],"inLanguage":"en-US","potentialAction":[{"@type":"CommentAction","name":"Comment","target":["https:\/\/www.fisiobalance.cat\/colico-del-lactante-fisioterapia\/#respond"]}]},{"@type":"WebPage","@id":"https:\/\/www.fisiobalance.cat\/colico-del-lactante-fisioterapia\/","url":"https:\/\/www.fisiobalance.cat\/colico-del-lactante-fisioterapia\/","name":"C\u00f3lico del lactante: C\u00f3mo la fisioterapia y la osteopat\u00eda pueden ayudar a tu beb\u00e9 - Fisiobalance","isPartOf":{"@id":"https:\/\/www.fisiobalance.cat\/#website"},"primaryImageOfPage":{"@id":"https:\/\/www.fisiobalance.cat\/colico-del-lactante-fisioterapia\/#primaryimage"},"image":{"@id":"https:\/\/www.fisiobalance.cat\/colico-del-lactante-fisioterapia\/#primaryimage"},"thumbnailUrl":"https:\/\/www.fisiobalance.cat\/wp-content\/uploads\/2025\/03\/Todo-sobre-el-colico-del-lactante.png","datePublished":"2025-03-17T19:57:41+00:00","dateModified":"2025-03-17T19:59:25+00:00","description":"C\u00f3lico del lactante: El c\u00f3lico del lactante es una de las preocupaciones m\u00e1s comunes entre los padres de reci\u00e9n nacidos.","breadcrumb":{"@id":"https:\/\/www.fisiobalance.cat\/colico-del-lactante-fisioterapia\/#breadcrumb"},"inLanguage":"en-US","potentialAction":[{"@type":"ReadAction","target":["https:\/\/www.fisiobalance.cat\/colico-del-lactante-fisioterapia\/"]}]},{"@type":"ImageObject","inLanguage":"en-US","@id":"https:\/\/www.fisiobalance.cat\/colico-del-lactante-fisioterapia\/#primaryimage","url":"https:\/\/www.fisiobalance.cat\/wp-content\/uploads\/2025\/03\/Todo-sobre-el-colico-del-lactante.png","contentUrl":"https:\/\/www.fisiobalance.cat\/wp-content\/uploads\/2025\/03\/Todo-sobre-el-colico-del-lactante.png","width":1080,"height":1080},{"@type":"BreadcrumbList","@id":"https:\/\/www.fisiobalance.cat\/colico-del-lactante-fisioterapia\/#breadcrumb","itemListElement":[{"@type":"ListItem","position":1,"name":"Portada","item":"https:\/\/www.fisiobalance.cat\/en\/"},{"@type":"ListItem","position":2,"name":"C\u00f3lico del lactante: C\u00f3mo la fisioterapia y la osteopat\u00eda pueden ayudar a tu beb\u00e9"}]},{"@type":"WebSite","@id":"https:\/\/www.fisiobalance.cat\/#website","url":"https:\/\/www.fisiobalance.cat\/","name":"Fisiobalance","description":"","publisher":{"@id":"https:\/\/www.fisiobalance.cat\/#organization"},"potentialAction":[{"@type":"SearchAction","target":{"@type":"EntryPoint","urlTemplate":"https:\/\/www.fisiobalance.cat\/?s={search_term_string}"},"query-input":{"@type":"PropertyValueSpecification","valueRequired":true,"valueName":"search_term_string"}}],"inLanguage":"en-US"},{"@type":"Organization","@id":"https:\/\/www.fisiobalance.cat\/#organization","name":"Fisiobalance","url":"https:\/\/www.fisiobalance.cat\/","logo":{"@type":"ImageObject","inLanguage":"en-US","@id":"https:\/\/www.fisiobalance.cat\/#\/schema\/logo\/image\/","url":"https:\/\/www.fisiobalance.cat\/wp-content\/uploads\/2018\/06\/fisiobalance_logo.png","contentUrl":"https:\/\/www.fisiobalance.cat\/wp-content\/uploads\/2018\/06\/fisiobalance_logo.png","width":369,"height":53,"caption":"Fisiobalance"},"image":{"@id":"https:\/\/www.fisiobalance.cat\/#\/schema\/logo\/image\/"}},{"@type":"Person","@id":"https:\/\/www.fisiobalance.cat\/#\/schema\/person\/d13995e8461df82666781bd895eb057b","name":"Judith B.","image":{"@type":"ImageObject","inLanguage":"en-US","@id":"https:\/\/www.fisiobalance.cat\/#\/schema\/person\/image\/","url":"https:\/\/secure.gravatar.com\/avatar\/8685e93a081991151a26aa2a7294e0eec35dc79370af6c42cd6313f871fc656b?s=96&d=mm&r=g","contentUrl":"https:\/\/secure.gravatar.com\/avatar\/8685e93a081991151a26aa2a7294e0eec35dc79370af6c42cd6313f871fc656b?s=96&d=mm&r=g","caption":"Judith B."},"url":"https:\/\/www.fisiobalance.cat\/en\/author\/judith-barreiro\/"}]}},"_links":{"self":[{"href":"https:\/\/www.fisiobalance.cat\/en\/wp-json\/wp\/v2\/posts\/5432","targetHints":{"allow":["GET"]}}],"collection":[{"href":"https:\/\/www.fisiobalance.cat\/en\/wp-json\/wp\/v2\/posts"}],"about":[{"href":"https:\/\/www.fisiobalance.cat\/en\/wp-json\/wp\/v2\/types\/post"}],"author":[{"embeddable":true,"href":"https:\/\/www.fisiobalance.cat\/en\/wp-json\/wp\/v2\/users\/4"}],"replies":[{"embeddable":true,"href":"https:\/\/www.fisiobalance.cat\/en\/wp-json\/wp\/v2\/comments?post=5432"}],"version-history":[{"count":4,"href":"https:\/\/www.fisiobalance.cat\/en\/wp-json\/wp\/v2\/posts\/5432\/revisions"}],"predecessor-version":[{"id":5440,"href":"https:\/\/www.fisiobalance.cat\/en\/wp-json\/wp\/v2\/posts\/5432\/revisions\/5440"}],"wp:featuredmedia":[{"embeddable":true,"href":"https:\/\/www.fisiobalance.cat\/en\/wp-json\/wp\/v2\/media\/5436"}],"wp:attachment":[{"href":"https:\/\/www.fisiobalance.cat\/en\/wp-json\/wp\/v2\/media?parent=5432"}],"wp:term":[{"taxonomy":"category","embeddable":true,"href":"https:\/\/www.fisiobalance.cat\/en\/wp-json\/wp\/v2\/categories?post=5432"},{"taxonomy":"post_tag","embeddable":true,"href":"https:\/\/www.fisiobalance.cat\/en\/wp-json\/wp\/v2\/tags?post=5432"}],"curies":[{"name":"wp","href":"https:\/\/api.w.org\/{rel}","templated":true}]}}