{"id":5642,"date":"2025-07-10T07:45:34","date_gmt":"2025-07-10T05:45:34","guid":{"rendered":"https:\/\/www.fisiobalance.cat\/?p=5642"},"modified":"2025-07-25T11:51:36","modified_gmt":"2025-07-25T09:51:36","slug":"vertigos-y-mareos-puede-ayudarte-la-fisioterapia","status":"publish","type":"post","link":"https:\/\/www.fisiobalance.cat\/en\/vertigos-y-mareos-puede-ayudarte-la-fisioterapia\/","title":{"rendered":"V\u00e9rtigos y mareos: \u00bfpuede ayudarte la fisioterapia?"},"content":{"rendered":"<p><img loading=\"lazy\" decoding=\"async\" class=\"aligncenter wp-image-5643\" src=\"https:\/\/www.fisiobalance.cat\/wp-content\/uploads\/2025\/07\/Vertigos-y-mareos-\u00bfpuede-ayudarte-la-fisioterapia-300x88.png\" alt=\"\" width=\"726\" height=\"213\" srcset=\"https:\/\/www.fisiobalance.cat\/wp-content\/uploads\/2025\/07\/Vertigos-y-mareos-\u00bfpuede-ayudarte-la-fisioterapia-300x88.png 300w, https:\/\/www.fisiobalance.cat\/wp-content\/uploads\/2025\/07\/Vertigos-y-mareos-\u00bfpuede-ayudarte-la-fisioterapia-1024x302.png 1024w, https:\/\/www.fisiobalance.cat\/wp-content\/uploads\/2025\/07\/Vertigos-y-mareos-\u00bfpuede-ayudarte-la-fisioterapia-768x226.png 768w, https:\/\/www.fisiobalance.cat\/wp-content\/uploads\/2025\/07\/Vertigos-y-mareos-\u00bfpuede-ayudarte-la-fisioterapia-1536x453.png 1536w, https:\/\/www.fisiobalance.cat\/wp-content\/uploads\/2025\/07\/Vertigos-y-mareos-\u00bfpuede-ayudarte-la-fisioterapia-2048x603.png 2048w, https:\/\/www.fisiobalance.cat\/wp-content\/uploads\/2025\/07\/Vertigos-y-mareos-\u00bfpuede-ayudarte-la-fisioterapia-700x206.png 700w, https:\/\/www.fisiobalance.cat\/wp-content\/uploads\/2025\/07\/Vertigos-y-mareos-\u00bfpuede-ayudarte-la-fisioterapia-600x177.png 600w\" sizes=\"auto, (max-width: 726px) 100vw, 726px\" \/><\/p>\n<p>&nbsp;<\/p>\n<p class=\"cvGsUA direction-ltr align-start para-style-body\"><span class=\"OYPEnA font-feature-liga-off font-feature-clig-off font-feature-calt-off text-decoration-none text-strikethrough-none\">\u00bfHas sentido alguna vez que todo gira a tu alrededor al mover la cabeza? \u00bfTe cuesta mantener el equilibrio o te mareas al levantarte r\u00e1pidamente de la cama?<\/span><\/p>\n<p class=\"cvGsUA direction-ltr align-start para-style-body\"><span class=\"OYPEnA font-feature-liga-off font-feature-clig-off font-feature-calt-off text-decoration-none text-strikethrough-none\">Los mareos y v\u00e9rtigos<\/span><strong><span class=\"OYPEnA font-feature-liga-off font-feature-clig-off font-feature-calt-off text-decoration-none text-strikethrough-none\"> son m\u00e1s comunes de lo que parece <\/span><\/strong><span class=\"OYPEnA font-feature-liga-off font-feature-clig-off font-feature-calt-off text-decoration-none text-strikethrough-none\">y pueden afectar seriamente a tu d\u00eda a d\u00eda: caminar con seguridad, moverte con confianza, conducir o simplemente estar de pie sin miedo a perder la estabilidad.<\/span><\/p>\n<p class=\"cvGsUA direction-ltr align-start para-style-body\"><span class=\"OYPEnA font-feature-liga-off font-feature-clig-off font-feature-calt-off text-decoration-none text-strikethrough-none\">En <\/span><strong><span class=\"OYPEnA font-feature-liga-off font-feature-clig-off font-feature-calt-off text-decoration-none text-strikethrough-none\">Fisiobalance Castelldefels<\/span><\/strong><span class=\"OYPEnA font-feature-liga-off font-feature-clig-off font-feature-calt-off text-decoration-none text-strikethrough-none\">, tratamos a muchas personas que sufren estas sensaciones. Y aunque cada caso es distinto, <\/span><span class=\"OYPEnA font-feature-liga-off font-feature-clig-off font-feature-calt-off text-decoration-none text-strikethrough-none\">la fisioterapia puede ser una herramienta muy eficaz<\/span><span class=\"OYPEnA font-feature-liga-off font-feature-clig-off font-feature-calt-off text-decoration-none text-strikethrough-none\"> para reducir los s\u00edntomas y mejorar tu calidad de vida.<\/span><\/p>\n<p>&nbsp;<\/p>\n<h2 class=\"cvGsUA direction-ltr align-start para-style-body\"><span class=\"OYPEnA font-feature-liga-off font-feature-clig-off font-feature-calt-off text-decoration-none text-strikethrough-none\">\u00bfEn qu\u00e9 se diferencian el v\u00e9rtigo y el mareo?<\/span><\/h2>\n<p class=\"cvGsUA direction-ltr align-start para-style-body\"><span class=\"OYPEnA font-feature-liga-off font-feature-clig-off font-feature-calt-off text-decoration-none text-strikethrough-none\">Aunque suelen confundirse, no son lo mismo:<\/span><\/p>\n<ul>\n<li><span class=\"OYPEnA font-feature-liga-off font-feature-clig-off font-feature-calt-off text-decoration-none text-strikethrough-none\">El <strong>v\u00e9rtigo<\/strong> es una sensaci\u00f3n de<\/span><strong><span class=\"OYPEnA font-feature-liga-off font-feature-clig-off font-feature-calt-off text-decoration-none text-strikethrough-none\"> giro o movimiento<\/span><\/strong><span class=\"OYPEnA font-feature-liga-off font-feature-clig-off font-feature-calt-off text-decoration-none text-strikethrough-none\">, como si todo diera vueltas a tu alrededor o como si t\u00fa te movieras sin hacerlo. Es una ilusi\u00f3n de movimiento que suele estar relacionada con alteraciones del o\u00eddo interno o del sistema vestibular, responsable del equilibrio. Un ejemplo de esta condici\u00f3n es el <strong>v\u00e9rtigo posicional parox\u00edstico benigno (VPPB)<\/strong>, que se presenta con episodios breves pero intensos <strong>al cambiar de posici\u00f3n.<\/strong><\/span><\/li>\n<\/ul>\n<ul>\n<li><span class=\"OYPEnA font-feature-liga-off font-feature-clig-off font-feature-calt-off text-decoration-none text-strikethrough-none\">El <strong>mareo<\/strong> es una sensaci\u00f3n de <\/span><span class=\"OYPEnA font-feature-liga-off font-feature-clig-off font-feature-calt-off text-decoration-none text-strikethrough-none\">aturdimiento o desequilibrio. Es m\u00e1s general y puede sentirse como si te estuvieras por desmayar, como si estuvieras flotando, d\u00e9bil o con la cabeza \u201cvac\u00eda\u201d. No hay sensaci\u00f3n de que todo gira, pero te sientes raro y\/o inestable.<\/span><\/li>\n<\/ul>\n<p class=\"cvGsUA direction-ltr align-start para-style-body\"><span class=\"OYPEnA font-feature-liga-off font-feature-clig-off font-feature-calt-off text-decoration-none text-strikethrough-none\">Ambos pueden ir acompa\u00f1ados de s\u00edntomas como:<\/span><\/p>\n<ul>\n<li><span class=\"OYPEnA font-feature-liga-off font-feature-clig-off font-feature-calt-off text-decoration-none text-strikethrough-none\">Inseguridad al caminar<\/span><\/li>\n<li><span class=\"OYPEnA font-feature-liga-off font-feature-clig-off font-feature-calt-off text-decoration-none text-strikethrough-none\">N\u00e1useas o v\u00f3mitos<\/span><\/li>\n<li><span class=\"OYPEnA font-feature-liga-off font-feature-clig-off font-feature-calt-off text-decoration-none text-strikethrough-none\">Sensaci\u00f3n de inestabilidad o \u201cflotar\u201d<\/span><\/li>\n<li><span class=\"OYPEnA font-feature-liga-off font-feature-clig-off font-feature-calt-off text-decoration-none text-strikethrough-none\">Tensi\u00f3n en el cuello o la mand\u00edbula<\/span><\/li>\n<li><span class=\"OYPEnA font-feature-liga-off font-feature-clig-off font-feature-calt-off text-decoration-none text-strikethrough-none\"><span class=\"OYPEnA font-feature-liga-off font-feature-clig-off font-feature-calt-off text-decoration-none text-strikethrough-none\"><span class=\"OYPEnA font-feature-liga-off font-feature-clig-off font-feature-calt-off text-decoration-none text-strikethrough-none\">Cansancio visual o dificultad para enfocar<\/span><\/span><\/span><\/li>\n<\/ul>\n<p>El mareo puede tener m\u00faltiples causas, como una bajada de tensi\u00f3n arterial, ansiedad, hipoglucemia o deshidrataci\u00f3n. A menudo es de corta duraci\u00f3n, aunque puede repetirse con frecuencia si la causa no se trata.<\/p>\n<p>El v\u00e9rtigo generalmente est\u00e1 causado por trastornos que afectan a partes del o\u00eddo y del cerebro que intervienen en el mantenimiento del equilibrio (O\u00eddo interno, tronco del enc\u00e9falo y el cerebelo).<br \/>\nAlgunos trastornos del o\u00eddo interno a veces tambi\u00e9n causan una disminuci\u00f3n de la audici\u00f3n y\/o zumbido en el o\u00eddo (tinnitus)<\/p>\n<p class=\"cvGsUA direction-ltr align-start para-style-body\"><span class=\"OYPEnA font-feature-liga-off font-feature-clig-off font-feature-calt-off text-decoration-none text-strikethrough-none\">En muchos casos, estas sensaciones no tienen un origen grave,<\/span><strong><span class=\"OYPEnA font-feature-liga-off font-feature-clig-off font-feature-calt-off text-decoration-none text-strikethrough-none\"> pero s\u00ed molestan, limitan e impactan en tu autonom\u00eda.<\/span><\/strong><\/p>\n<p class=\"cvGsUA direction-ltr align-start para-style-body\"><span class=\"OYPEnA font-feature-liga-off font-feature-clig-off font-feature-calt-off text-decoration-none text-strikethrough-none\">Por eso es clave realizar una <\/span><span class=\"OYPEnA font-feature-liga-off font-feature-clig-off font-feature-calt-off text-decoration-none text-strikethrough-none\"><strong>evaluaci\u00f3n profesional<\/strong> <\/span><span class=\"OYPEnA font-feature-liga-off font-feature-clig-off font-feature-calt-off text-decoration-none text-strikethrough-none\">para detectar la causa y aplicar el tratamiento m\u00e1s adecuado.<\/span><\/p>\n<h2>\u00bfPor qu\u00e9 se produce el v\u00e9rtigo <span class=\"OYPEnA font-feature-liga-off font-feature-clig-off font-feature-calt-off text-decoration-none text-strikethrough-none\"><strong>posicional parox\u00edstico benigno (VPPB)?<\/strong><\/span><\/h2>\n<p>Unos cristales muy peque\u00f1os llamados <strong>otolitos<\/strong> situados en un \u00f3rgano vestibular caen por accidente dentro de un conducto circular con l\u00edquido dentro del o\u00eddo interno. Cuando movemos la cabeza, estos cristales que han ca\u00eddo en el conducto se mueven y al detener la cabeza, en vez de detenerse, siguen movi\u00e9ndose por el conducto, lo que hace que tengamos la <strong>sensaci\u00f3n de que todo da vueltas.<\/strong><\/p>\n<p><img loading=\"lazy\" decoding=\"async\" class=\"alignnone wp-image-3081\" src=\"https:\/\/www.fisiobalance.cat\/wp-content\/uploads\/2019\/04\/vertigo-paroxistico-benigno-300x157.jpeg\" sizes=\"auto, (max-width: 367px) 100vw, 367px\" srcset=\"https:\/\/www.fisiobalance.cat\/wp-content\/uploads\/2019\/04\/vertigo-paroxistico-benigno-300x157.jpeg 300w, https:\/\/www.fisiobalance.cat\/wp-content\/uploads\/2019\/04\/vertigo-paroxistico-benigno-1024x535.jpeg 1024w, https:\/\/www.fisiobalance.cat\/wp-content\/uploads\/2019\/04\/vertigo-paroxistico-benigno-768x401.jpeg 768w, https:\/\/www.fisiobalance.cat\/wp-content\/uploads\/2019\/04\/vertigo-paroxistico-benigno-1536x803.jpeg 1536w, https:\/\/www.fisiobalance.cat\/wp-content\/uploads\/2019\/04\/vertigo-paroxistico-benigno-2048x1070.jpeg 2048w, https:\/\/www.fisiobalance.cat\/wp-content\/uploads\/2019\/04\/vertigo-paroxistico-benigno-700x366.jpeg 700w, https:\/\/www.fisiobalance.cat\/wp-content\/uploads\/2019\/04\/vertigo-paroxistico-benigno-600x314.jpeg 600w\" alt=\"\" width=\"367\" height=\"192\" \/><\/p>\n<h2>\u00bfEn qu\u00e9 consiste el tratamiento de fisioterapia?<\/h2>\n<p>El tratamiento de fisioterapia para el v\u00e9rtigo perif\u00e9rico, consiste en una <strong>maniobra de diagn\u00f3stico<\/strong> y una <strong>maniobra de tratamiento<\/strong> muy sencillas de realizar denominada <strong><a href=\"https:\/\/www.youtube.com\/watch?v=D6qEdlFVxig\">MANIOBRA DE EPLEY.<\/a><\/strong><\/p>\n<p>Al finalizar la sesi\u00f3n, el fisioterapeuta dar\u00e1 unas pautas y recomendaciones al paciente para evitar la reaparici\u00f3n del v\u00e9rtigo.<\/p>\n<h2>\u00bfEn cu\u00e1nto tiempo me desaparecer\u00e1 el v\u00e9rtigo?<\/h2>\n<p>El tratamiento de fisioterapia para el v\u00e9rtigo es <strong>efectivo en el 85%<\/strong> de los casos en una \u00fanica sesi\u00f3n y en el 90% de los casos entre 1 y 3 sesiones. Despu\u00e9s del v\u00e9rtigo no se producen secuelas de ning\u00fan tipo, aunque existe una tasa de recurrencia del 50% en los pr\u00f3ximos 5 a\u00f1os.<\/p>\n<p class=\"cvGsUA direction-ltr align-start para-style-body\"><span class=\"OYPEnA font-feature-liga-off font-feature-clig-off font-feature-calt-off text-decoration-none text-strikethrough-none\">En <\/span><strong><span class=\"OYPEnA font-feature-liga-off font-feature-clig-off font-feature-calt-off text-decoration-none text-strikethrough-none\">Fisiobalance Castelldefels<\/span><\/strong><span class=\"OYPEnA font-feature-liga-off font-feature-clig-off font-feature-calt-off text-decoration-none text-strikethrough-none\">, utilizamos un enfoque espec\u00edfico y adaptado para mejorar los s\u00edntomas de mareo, v\u00e9rtigo e inestabilidad.<\/span><\/p>\n<h2 class=\"cvGsUA direction-ltr align-start para-style-body\"><span class=\"OYPEnA font-feature-liga-off font-feature-clig-off font-feature-calt-off text-decoration-none text-strikethrough-none\">\u00bfQu\u00e9 tipo de tratamiento hacemos?<\/span><\/h2>\n<p class=\"cvGsUA direction-ltr align-start para-style-body\"><span class=\"OYPEnA font-feature-liga-off font-feature-clig-off font-feature-calt-off text-decoration-none text-strikethrough-none\">En Fisiobalance, adaptamos cada tratamiento al caso partiuclar de cada paciente y sus s\u00edntomas. Algunas de las herramientas que podemos utilizar son:<\/span><\/p>\n<ul>\n<li><span class=\"OYPEnA font-feature-liga-off font-feature-clig-off font-feature-calt-off text-decoration-none text-strikethrough-none\">Tratamiento manual para liberar tensiones en cuello, hombros o mand\u00edbula<\/span><\/li>\n<li><span class=\"OYPEnA font-feature-liga-off font-feature-clig-off font-feature-calt-off text-decoration-none text-strikethrough-none\">Ejercicios de movilidad y control del cuello y cabeza<\/span><\/li>\n<li><span class=\"OYPEnA font-feature-liga-off font-feature-clig-off font-feature-calt-off text-decoration-none text-strikethrough-none\">Entrenamiento del equilibrio en distintas posiciones<\/span><\/li>\n<li><span class=\"OYPEnA font-feature-liga-off font-feature-clig-off font-feature-calt-off text-decoration-none text-strikethrough-none\">Ejercicios visuales para mejorar la coordinaci\u00f3n ojo-cabeza<\/span><\/li>\n<li><span class=\"OYPEnA font-feature-liga-off font-feature-clig-off font-feature-calt-off text-decoration-none text-strikethrough-none\">Reeducaci\u00f3n postural y movimiento consciente<\/span><\/li>\n<\/ul>\n<p class=\"cvGsUA direction-ltr align-start para-style-body\"><span class=\"OYPEnA font-feature-liga-off font-feature-clig-off font-feature-calt-off text-decoration-none text-strikethrough-none\">Todo se trabaja de<\/span><strong><span class=\"OYPEnA font-feature-liga-off font-feature-clig-off font-feature-calt-off text-decoration-none text-strikethrough-none\"> forma progresiva y controlada<\/span><\/strong><span class=\"OYPEnA font-feature-liga-off font-feature-clig-off font-feature-calt-off text-decoration-none text-strikethrough-none\">, en un entorno seguro y con supervisi\u00f3n continua.<\/span><\/p>\n<h2 class=\"cvGsUA direction-ltr align-start para-style-body\"><span class=\"OYPEnA font-feature-liga-off font-feature-clig-off font-feature-calt-off text-decoration-none text-strikethrough-none\">\u00bfCu\u00e1ndo deber\u00edas pedir ayuda?<\/span><\/h2>\n<p class=\"cvGsUA direction-ltr align-start para-style-body\"><span class=\"OYPEnA font-feature-liga-off font-feature-clig-off font-feature-calt-off text-decoration-none text-strikethrough-none\">Si llevas tiempo conviviendo con sensaciones como:<\/span><\/p>\n<p class=\"cvGsUA direction-ltr align-start para-style-body\"><span class=\"OYPEnA font-feature-liga-off font-feature-clig-off font-feature-calt-off text-decoration-none text-strikethrough-none\">\u274c Mareo al girar la cabeza<\/span><\/p>\n<p class=\"cvGsUA direction-ltr align-start para-style-body\"><span class=\"OYPEnA font-feature-liga-off font-feature-clig-off font-feature-calt-off text-decoration-none text-strikethrough-none\">\u274c Inseguridad al caminar por la calle o escaleras<\/span><\/p>\n<p class=\"cvGsUA direction-ltr align-start para-style-body\"><span class=\"OYPEnA font-feature-liga-off font-feature-clig-off font-feature-calt-off text-decoration-none text-strikethrough-none\">\u274c V\u00e9rtigo al tumbarte o levantarte<\/span><\/p>\n<p class=\"cvGsUA direction-ltr align-start para-style-body\"><span class=\"OYPEnA font-feature-liga-off font-feature-clig-off font-feature-calt-off text-decoration-none text-strikethrough-none\">\u274c Dolor de cuello asociado a sensaci\u00f3n de inestabilidad<\/span><\/p>\n<p class=\"cvGsUA direction-ltr align-start para-style-body\"><span class=\"OYPEnA font-feature-liga-off font-feature-clig-off font-feature-calt-off text-decoration-none text-strikethrough-none\">\u274cFatiga general sin causa aparente<\/span><\/p>\n<p class=\"cvGsUA direction-ltr align-start para-style-body\"><span class=\"OYPEnA font-feature-liga-off font-feature-clig-off font-feature-calt-off text-decoration-none text-strikethrough-none\">\u2026 es muy importante no normalizarlo ni dejar que avance. Cuanto antes se trate, mejores ser\u00e1n los resultados, y con ello, tu calidad de vida.<\/span><\/p>\n<p class=\"cvGsUA direction-ltr align-start para-style-body\"><span class=\"OYPEnA font-feature-liga-off font-feature-clig-off font-feature-calt-off text-decoration-none text-strikethrough-none\">En FisioBalance Castelldefels, no solo tratamos el dolor, sino que <\/span><strong><span class=\"OYPEnA font-feature-liga-off font-feature-clig-off font-feature-calt-off text-decoration-none text-strikethrough-none\">te ayudamos a recuperar por completo la funcionalidad \u00a0y prevenir reca\u00eddas.<\/span><\/strong><\/p>\n<p class=\"cvGsUA direction-ltr align-start para-style-body\"><span class=\"OYPEnA font-feature-liga-off font-feature-clig-off font-feature-calt-off text-decoration-none text-strikethrough-none\">Te acompa\u00f1amos en cada fase del proceso, adapt\u00e1ndonos a tus necesidades, estilo de vida y objetivos.<\/span><\/p>\n<p class=\"cvGsUA direction-ltr align-start para-style-body\"><strong><span class=\"OYPEnA font-feature-liga-off font-feature-clig-off font-feature-calt-off text-decoration-none text-strikethrough-none\">Escr\u00edbenos, reserva tu cita<\/span><\/strong><span class=\"OYPEnA font-feature-liga-off font-feature-clig-off font-feature-calt-off text-decoration-none text-strikethrough-none\"> y empieza tu recuperaci\u00f3n con nosotros.<\/span><\/p>\n<p>&nbsp;<\/p>\n<p><img loading=\"lazy\" decoding=\"async\" class=\"aligncenter wp-image-4796\" src=\"https:\/\/www.fisiobalance.cat\/wp-content\/uploads\/2024\/08\/Envianos-un-WhatsApp--300x88.png\" alt=\"\" width=\"838\" height=\"246\" srcset=\"https:\/\/www.fisiobalance.cat\/wp-content\/uploads\/2024\/08\/Envianos-un-WhatsApp--300x88.png 300w, https:\/\/www.fisiobalance.cat\/wp-content\/uploads\/2024\/08\/Envianos-un-WhatsApp--1024x302.png 1024w, https:\/\/www.fisiobalance.cat\/wp-content\/uploads\/2024\/08\/Envianos-un-WhatsApp--768x226.png 768w, https:\/\/www.fisiobalance.cat\/wp-content\/uploads\/2024\/08\/Envianos-un-WhatsApp--1536x453.png 1536w, https:\/\/www.fisiobalance.cat\/wp-content\/uploads\/2024\/08\/Envianos-un-WhatsApp--2048x603.png 2048w, https:\/\/www.fisiobalance.cat\/wp-content\/uploads\/2024\/08\/Envianos-un-WhatsApp--700x206.png 700w, https:\/\/www.fisiobalance.cat\/wp-content\/uploads\/2024\/08\/Envianos-un-WhatsApp--600x177.png 600w\" sizes=\"auto, (max-width: 838px) 100vw, 838px\" \/><\/p>\n","protected":false},"excerpt":{"rendered":"<p>&nbsp; \u00bfHas sentido alguna vez que todo gira a tu alrededor al mover la cabeza? \u00bfTe cuesta mantener el equilibrio o te mareas al levantarte r\u00e1pidamente de la cama? Los mareos y v\u00e9rtigos son m\u00e1s comunes de lo que parece y pueden afectar seriamente a&#8230;<\/p>\n","protected":false},"author":4,"featured_media":5646,"comment_status":"open","ping_status":"open","sticky":false,"template":"","format":"standard","meta":{"footnotes":""},"categories":[295,294,297,114,296,288,287,265,246,298,304],"tags":[34,115,16,116,18,30,291,266,258,66,254,255,307],"class_list":["post-5642","post","type-post","status-publish","format-standard","has-post-thumbnail","hentry","category-cefalea","category-cervicales","category-dolor-cabeza","category-dolor-cervical","category-dolor-cervicales","category-dolor-de-espalda","category-espalda-sana","category-fisiobalance-castelldefels","category-fisioterapia","category-higiene-postural","category-vida-saludable","tag-castelldefels","tag-cervicalgia","tag-dolor-cabeza","tag-dolor-cervical","tag-dolor-de-espalda","tag-dolor-punzante","tag-espalda-sana","tag-fisiobalance","tag-fisiobalance-castelldefels","tag-fisioterapia","tag-fisioterapia-castelldefels","tag-fisioterapia-personalizada","tag-vida-saludable"],"yoast_head":"<!-- This site is optimized with the Yoast SEO plugin v26.3 - https:\/\/yoast.com\/wordpress\/plugins\/seo\/ -->\n<title>V\u00e9rtigos y mareos: \u00bfpuede ayudarte la fisioterapia? - Fisiobalance<\/title>\n<meta name=\"description\" content=\"Los mareos y v\u00e9rtigos son m\u00e1s comunes de lo que parece y afectan a tu d\u00eda a d\u00eda: caminar, moverte, conducir o estar de pie.\" \/>\n<meta name=\"robots\" content=\"index, follow, max-snippet:-1, max-image-preview:large, max-video-preview:-1\" \/>\n<link rel=\"canonical\" href=\"https:\/\/www.fisiobalance.cat\/vertigos-y-mareos-puede-ayudarte-la-fisioterapia\/\" \/>\n<meta property=\"og:locale\" content=\"en_US\" \/>\n<meta property=\"og:type\" content=\"article\" \/>\n<meta property=\"og:title\" content=\"V\u00e9rtigos y mareos: \u00bfpuede ayudarte la fisioterapia? - Fisiobalance\" \/>\n<meta property=\"og:description\" content=\"Los mareos y v\u00e9rtigos son m\u00e1s comunes de lo que parece y afectan a tu d\u00eda a d\u00eda: caminar, moverte, conducir o estar de pie.\" \/>\n<meta property=\"og:url\" content=\"https:\/\/www.fisiobalance.cat\/vertigos-y-mareos-puede-ayudarte-la-fisioterapia\/\" \/>\n<meta property=\"og:site_name\" content=\"Fisiobalance\" \/>\n<meta property=\"article:published_time\" content=\"2025-07-10T05:45:34+00:00\" \/>\n<meta property=\"article:modified_time\" content=\"2025-07-25T09:51:36+00:00\" \/>\n<meta property=\"og:image\" content=\"https:\/\/www.fisiobalance.cat\/wp-content\/uploads\/2025\/07\/Vertigos-y-mareos-\u00bfpuede-ayudarte-la-fisioterapia-1-.png\" \/>\n\t<meta property=\"og:image:width\" content=\"1080\" \/>\n\t<meta property=\"og:image:height\" content=\"1080\" \/>\n\t<meta property=\"og:image:type\" content=\"image\/png\" \/>\n<meta name=\"author\" content=\"Judith B.\" \/>\n<meta name=\"twitter:card\" content=\"summary_large_image\" \/>\n<meta name=\"twitter:label1\" content=\"Written by\" \/>\n\t<meta name=\"twitter:data1\" content=\"Judith B.\" \/>\n\t<meta name=\"twitter:label2\" content=\"Est. reading time\" \/>\n\t<meta name=\"twitter:data2\" content=\"5 minutes\" \/>\n<script type=\"application\/ld+json\" class=\"yoast-schema-graph\">{\"@context\":\"https:\/\/schema.org\",\"@graph\":[{\"@type\":\"Article\",\"@id\":\"https:\/\/www.fisiobalance.cat\/vertigos-y-mareos-puede-ayudarte-la-fisioterapia\/#article\",\"isPartOf\":{\"@id\":\"https:\/\/www.fisiobalance.cat\/vertigos-y-mareos-puede-ayudarte-la-fisioterapia\/\"},\"author\":{\"name\":\"Judith B.\",\"@id\":\"https:\/\/www.fisiobalance.cat\/#\/schema\/person\/d13995e8461df82666781bd895eb057b\"},\"headline\":\"V\u00e9rtigos y mareos: \u00bfpuede ayudarte la fisioterapia?\",\"datePublished\":\"2025-07-10T05:45:34+00:00\",\"dateModified\":\"2025-07-25T09:51:36+00:00\",\"mainEntityOfPage\":{\"@id\":\"https:\/\/www.fisiobalance.cat\/vertigos-y-mareos-puede-ayudarte-la-fisioterapia\/\"},\"wordCount\":874,\"commentCount\":0,\"publisher\":{\"@id\":\"https:\/\/www.fisiobalance.cat\/#organization\"},\"image\":{\"@id\":\"https:\/\/www.fisiobalance.cat\/vertigos-y-mareos-puede-ayudarte-la-fisioterapia\/#primaryimage\"},\"thumbnailUrl\":\"https:\/\/www.fisiobalance.cat\/wp-content\/uploads\/2025\/07\/Vertigos-y-mareos-\u00bfpuede-ayudarte-la-fisioterapia-1-.png\",\"keywords\":[\"castelldefels\",\"cervicalgia\",\"dolor cabeza\",\"dolor cervical\",\"dolor de espalda\",\"dolor punzante\",\"espalda sana\",\"fisiobalance\",\"FisioBalance Castelldefels\",\"fisioterapia\",\"Fisioterapia Castelldefels\",\"Fisioterapia personalizada\",\"vida saludable\"],\"articleSection\":[\"Cefalea\",\"Cervicales\",\"Dolor cabeza\",\"dolor cervical\",\"Dolor cervicales\",\"Dolor de espalda\",\"Espalda sana\",\"Fisiobalance Castelldefels\",\"Fisioterapia\",\"Higiene postural\",\"Vida saludable\"],\"inLanguage\":\"en-US\",\"potentialAction\":[{\"@type\":\"CommentAction\",\"name\":\"Comment\",\"target\":[\"https:\/\/www.fisiobalance.cat\/vertigos-y-mareos-puede-ayudarte-la-fisioterapia\/#respond\"]}]},{\"@type\":\"WebPage\",\"@id\":\"https:\/\/www.fisiobalance.cat\/vertigos-y-mareos-puede-ayudarte-la-fisioterapia\/\",\"url\":\"https:\/\/www.fisiobalance.cat\/vertigos-y-mareos-puede-ayudarte-la-fisioterapia\/\",\"name\":\"V\u00e9rtigos y mareos: \u00bfpuede ayudarte la fisioterapia? - Fisiobalance\",\"isPartOf\":{\"@id\":\"https:\/\/www.fisiobalance.cat\/#website\"},\"primaryImageOfPage\":{\"@id\":\"https:\/\/www.fisiobalance.cat\/vertigos-y-mareos-puede-ayudarte-la-fisioterapia\/#primaryimage\"},\"image\":{\"@id\":\"https:\/\/www.fisiobalance.cat\/vertigos-y-mareos-puede-ayudarte-la-fisioterapia\/#primaryimage\"},\"thumbnailUrl\":\"https:\/\/www.fisiobalance.cat\/wp-content\/uploads\/2025\/07\/Vertigos-y-mareos-\u00bfpuede-ayudarte-la-fisioterapia-1-.png\",\"datePublished\":\"2025-07-10T05:45:34+00:00\",\"dateModified\":\"2025-07-25T09:51:36+00:00\",\"description\":\"Los mareos y v\u00e9rtigos son m\u00e1s comunes de lo que parece y afectan a tu d\u00eda a d\u00eda: caminar, moverte, conducir o estar de pie.\",\"breadcrumb\":{\"@id\":\"https:\/\/www.fisiobalance.cat\/vertigos-y-mareos-puede-ayudarte-la-fisioterapia\/#breadcrumb\"},\"inLanguage\":\"en-US\",\"potentialAction\":[{\"@type\":\"ReadAction\",\"target\":[\"https:\/\/www.fisiobalance.cat\/vertigos-y-mareos-puede-ayudarte-la-fisioterapia\/\"]}]},{\"@type\":\"ImageObject\",\"inLanguage\":\"en-US\",\"@id\":\"https:\/\/www.fisiobalance.cat\/vertigos-y-mareos-puede-ayudarte-la-fisioterapia\/#primaryimage\",\"url\":\"https:\/\/www.fisiobalance.cat\/wp-content\/uploads\/2025\/07\/Vertigos-y-mareos-\u00bfpuede-ayudarte-la-fisioterapia-1-.png\",\"contentUrl\":\"https:\/\/www.fisiobalance.cat\/wp-content\/uploads\/2025\/07\/Vertigos-y-mareos-\u00bfpuede-ayudarte-la-fisioterapia-1-.png\",\"width\":1080,\"height\":1080},{\"@type\":\"BreadcrumbList\",\"@id\":\"https:\/\/www.fisiobalance.cat\/vertigos-y-mareos-puede-ayudarte-la-fisioterapia\/#breadcrumb\",\"itemListElement\":[{\"@type\":\"ListItem\",\"position\":1,\"name\":\"Portada\",\"item\":\"https:\/\/www.fisiobalance.cat\/en\/\"},{\"@type\":\"ListItem\",\"position\":2,\"name\":\"V\u00e9rtigos y mareos: \u00bfpuede ayudarte la fisioterapia?\"}]},{\"@type\":\"WebSite\",\"@id\":\"https:\/\/www.fisiobalance.cat\/#website\",\"url\":\"https:\/\/www.fisiobalance.cat\/\",\"name\":\"Fisiobalance\",\"description\":\"\",\"publisher\":{\"@id\":\"https:\/\/www.fisiobalance.cat\/#organization\"},\"potentialAction\":[{\"@type\":\"SearchAction\",\"target\":{\"@type\":\"EntryPoint\",\"urlTemplate\":\"https:\/\/www.fisiobalance.cat\/?s={search_term_string}\"},\"query-input\":{\"@type\":\"PropertyValueSpecification\",\"valueRequired\":true,\"valueName\":\"search_term_string\"}}],\"inLanguage\":\"en-US\"},{\"@type\":\"Organization\",\"@id\":\"https:\/\/www.fisiobalance.cat\/#organization\",\"name\":\"Fisiobalance\",\"url\":\"https:\/\/www.fisiobalance.cat\/\",\"logo\":{\"@type\":\"ImageObject\",\"inLanguage\":\"en-US\",\"@id\":\"https:\/\/www.fisiobalance.cat\/#\/schema\/logo\/image\/\",\"url\":\"https:\/\/www.fisiobalance.cat\/wp-content\/uploads\/2018\/06\/fisiobalance_logo.png\",\"contentUrl\":\"https:\/\/www.fisiobalance.cat\/wp-content\/uploads\/2018\/06\/fisiobalance_logo.png\",\"width\":369,\"height\":53,\"caption\":\"Fisiobalance\"},\"image\":{\"@id\":\"https:\/\/www.fisiobalance.cat\/#\/schema\/logo\/image\/\"}},{\"@type\":\"Person\",\"@id\":\"https:\/\/www.fisiobalance.cat\/#\/schema\/person\/d13995e8461df82666781bd895eb057b\",\"name\":\"Judith B.\",\"image\":{\"@type\":\"ImageObject\",\"inLanguage\":\"en-US\",\"@id\":\"https:\/\/www.fisiobalance.cat\/#\/schema\/person\/image\/\",\"url\":\"https:\/\/secure.gravatar.com\/avatar\/8685e93a081991151a26aa2a7294e0eec35dc79370af6c42cd6313f871fc656b?s=96&d=mm&r=g\",\"contentUrl\":\"https:\/\/secure.gravatar.com\/avatar\/8685e93a081991151a26aa2a7294e0eec35dc79370af6c42cd6313f871fc656b?s=96&d=mm&r=g\",\"caption\":\"Judith B.\"},\"url\":\"https:\/\/www.fisiobalance.cat\/en\/author\/judith-barreiro\/\"}]}<\/script>\n<!-- \/ Yoast SEO plugin. -->","yoast_head_json":{"title":"V\u00e9rtigos y mareos: \u00bfpuede ayudarte la fisioterapia? - Fisiobalance","description":"Los mareos y v\u00e9rtigos son m\u00e1s comunes de lo que parece y afectan a tu d\u00eda a d\u00eda: caminar, moverte, conducir o estar de pie.","robots":{"index":"index","follow":"follow","max-snippet":"max-snippet:-1","max-image-preview":"max-image-preview:large","max-video-preview":"max-video-preview:-1"},"canonical":"https:\/\/www.fisiobalance.cat\/vertigos-y-mareos-puede-ayudarte-la-fisioterapia\/","og_locale":"en_US","og_type":"article","og_title":"V\u00e9rtigos y mareos: \u00bfpuede ayudarte la fisioterapia? - Fisiobalance","og_description":"Los mareos y v\u00e9rtigos son m\u00e1s comunes de lo que parece y afectan a tu d\u00eda a d\u00eda: caminar, moverte, conducir o estar de pie.","og_url":"https:\/\/www.fisiobalance.cat\/vertigos-y-mareos-puede-ayudarte-la-fisioterapia\/","og_site_name":"Fisiobalance","article_published_time":"2025-07-10T05:45:34+00:00","article_modified_time":"2025-07-25T09:51:36+00:00","og_image":[{"width":1080,"height":1080,"url":"https:\/\/www.fisiobalance.cat\/wp-content\/uploads\/2025\/07\/Vertigos-y-mareos-\u00bfpuede-ayudarte-la-fisioterapia-1-.png","type":"image\/png"}],"author":"Judith B.","twitter_card":"summary_large_image","twitter_misc":{"Written by":"Judith B.","Est. reading time":"5 minutes"},"schema":{"@context":"https:\/\/schema.org","@graph":[{"@type":"Article","@id":"https:\/\/www.fisiobalance.cat\/vertigos-y-mareos-puede-ayudarte-la-fisioterapia\/#article","isPartOf":{"@id":"https:\/\/www.fisiobalance.cat\/vertigos-y-mareos-puede-ayudarte-la-fisioterapia\/"},"author":{"name":"Judith B.","@id":"https:\/\/www.fisiobalance.cat\/#\/schema\/person\/d13995e8461df82666781bd895eb057b"},"headline":"V\u00e9rtigos y mareos: \u00bfpuede ayudarte la fisioterapia?","datePublished":"2025-07-10T05:45:34+00:00","dateModified":"2025-07-25T09:51:36+00:00","mainEntityOfPage":{"@id":"https:\/\/www.fisiobalance.cat\/vertigos-y-mareos-puede-ayudarte-la-fisioterapia\/"},"wordCount":874,"commentCount":0,"publisher":{"@id":"https:\/\/www.fisiobalance.cat\/#organization"},"image":{"@id":"https:\/\/www.fisiobalance.cat\/vertigos-y-mareos-puede-ayudarte-la-fisioterapia\/#primaryimage"},"thumbnailUrl":"https:\/\/www.fisiobalance.cat\/wp-content\/uploads\/2025\/07\/Vertigos-y-mareos-\u00bfpuede-ayudarte-la-fisioterapia-1-.png","keywords":["castelldefels","cervicalgia","dolor cabeza","dolor cervical","dolor de espalda","dolor punzante","espalda sana","fisiobalance","FisioBalance Castelldefels","fisioterapia","Fisioterapia Castelldefels","Fisioterapia personalizada","vida saludable"],"articleSection":["Cefalea","Cervicales","Dolor cabeza","dolor cervical","Dolor cervicales","Dolor de espalda","Espalda sana","Fisiobalance Castelldefels","Fisioterapia","Higiene postural","Vida saludable"],"inLanguage":"en-US","potentialAction":[{"@type":"CommentAction","name":"Comment","target":["https:\/\/www.fisiobalance.cat\/vertigos-y-mareos-puede-ayudarte-la-fisioterapia\/#respond"]}]},{"@type":"WebPage","@id":"https:\/\/www.fisiobalance.cat\/vertigos-y-mareos-puede-ayudarte-la-fisioterapia\/","url":"https:\/\/www.fisiobalance.cat\/vertigos-y-mareos-puede-ayudarte-la-fisioterapia\/","name":"V\u00e9rtigos y mareos: \u00bfpuede ayudarte la fisioterapia? - Fisiobalance","isPartOf":{"@id":"https:\/\/www.fisiobalance.cat\/#website"},"primaryImageOfPage":{"@id":"https:\/\/www.fisiobalance.cat\/vertigos-y-mareos-puede-ayudarte-la-fisioterapia\/#primaryimage"},"image":{"@id":"https:\/\/www.fisiobalance.cat\/vertigos-y-mareos-puede-ayudarte-la-fisioterapia\/#primaryimage"},"thumbnailUrl":"https:\/\/www.fisiobalance.cat\/wp-content\/uploads\/2025\/07\/Vertigos-y-mareos-\u00bfpuede-ayudarte-la-fisioterapia-1-.png","datePublished":"2025-07-10T05:45:34+00:00","dateModified":"2025-07-25T09:51:36+00:00","description":"Los mareos y v\u00e9rtigos son m\u00e1s comunes de lo que parece y afectan a tu d\u00eda a d\u00eda: caminar, moverte, conducir o estar de pie.","breadcrumb":{"@id":"https:\/\/www.fisiobalance.cat\/vertigos-y-mareos-puede-ayudarte-la-fisioterapia\/#breadcrumb"},"inLanguage":"en-US","potentialAction":[{"@type":"ReadAction","target":["https:\/\/www.fisiobalance.cat\/vertigos-y-mareos-puede-ayudarte-la-fisioterapia\/"]}]},{"@type":"ImageObject","inLanguage":"en-US","@id":"https:\/\/www.fisiobalance.cat\/vertigos-y-mareos-puede-ayudarte-la-fisioterapia\/#primaryimage","url":"https:\/\/www.fisiobalance.cat\/wp-content\/uploads\/2025\/07\/Vertigos-y-mareos-\u00bfpuede-ayudarte-la-fisioterapia-1-.png","contentUrl":"https:\/\/www.fisiobalance.cat\/wp-content\/uploads\/2025\/07\/Vertigos-y-mareos-\u00bfpuede-ayudarte-la-fisioterapia-1-.png","width":1080,"height":1080},{"@type":"BreadcrumbList","@id":"https:\/\/www.fisiobalance.cat\/vertigos-y-mareos-puede-ayudarte-la-fisioterapia\/#breadcrumb","itemListElement":[{"@type":"ListItem","position":1,"name":"Portada","item":"https:\/\/www.fisiobalance.cat\/en\/"},{"@type":"ListItem","position":2,"name":"V\u00e9rtigos y mareos: \u00bfpuede ayudarte la fisioterapia?"}]},{"@type":"WebSite","@id":"https:\/\/www.fisiobalance.cat\/#website","url":"https:\/\/www.fisiobalance.cat\/","name":"Fisiobalance","description":"","publisher":{"@id":"https:\/\/www.fisiobalance.cat\/#organization"},"potentialAction":[{"@type":"SearchAction","target":{"@type":"EntryPoint","urlTemplate":"https:\/\/www.fisiobalance.cat\/?s={search_term_string}"},"query-input":{"@type":"PropertyValueSpecification","valueRequired":true,"valueName":"search_term_string"}}],"inLanguage":"en-US"},{"@type":"Organization","@id":"https:\/\/www.fisiobalance.cat\/#organization","name":"Fisiobalance","url":"https:\/\/www.fisiobalance.cat\/","logo":{"@type":"ImageObject","inLanguage":"en-US","@id":"https:\/\/www.fisiobalance.cat\/#\/schema\/logo\/image\/","url":"https:\/\/www.fisiobalance.cat\/wp-content\/uploads\/2018\/06\/fisiobalance_logo.png","contentUrl":"https:\/\/www.fisiobalance.cat\/wp-content\/uploads\/2018\/06\/fisiobalance_logo.png","width":369,"height":53,"caption":"Fisiobalance"},"image":{"@id":"https:\/\/www.fisiobalance.cat\/#\/schema\/logo\/image\/"}},{"@type":"Person","@id":"https:\/\/www.fisiobalance.cat\/#\/schema\/person\/d13995e8461df82666781bd895eb057b","name":"Judith B.","image":{"@type":"ImageObject","inLanguage":"en-US","@id":"https:\/\/www.fisiobalance.cat\/#\/schema\/person\/image\/","url":"https:\/\/secure.gravatar.com\/avatar\/8685e93a081991151a26aa2a7294e0eec35dc79370af6c42cd6313f871fc656b?s=96&d=mm&r=g","contentUrl":"https:\/\/secure.gravatar.com\/avatar\/8685e93a081991151a26aa2a7294e0eec35dc79370af6c42cd6313f871fc656b?s=96&d=mm&r=g","caption":"Judith B."},"url":"https:\/\/www.fisiobalance.cat\/en\/author\/judith-barreiro\/"}]}},"_links":{"self":[{"href":"https:\/\/www.fisiobalance.cat\/en\/wp-json\/wp\/v2\/posts\/5642","targetHints":{"allow":["GET"]}}],"collection":[{"href":"https:\/\/www.fisiobalance.cat\/en\/wp-json\/wp\/v2\/posts"}],"about":[{"href":"https:\/\/www.fisiobalance.cat\/en\/wp-json\/wp\/v2\/types\/post"}],"author":[{"embeddable":true,"href":"https:\/\/www.fisiobalance.cat\/en\/wp-json\/wp\/v2\/users\/4"}],"replies":[{"embeddable":true,"href":"https:\/\/www.fisiobalance.cat\/en\/wp-json\/wp\/v2\/comments?post=5642"}],"version-history":[{"count":4,"href":"https:\/\/www.fisiobalance.cat\/en\/wp-json\/wp\/v2\/posts\/5642\/revisions"}],"predecessor-version":[{"id":5655,"href":"https:\/\/www.fisiobalance.cat\/en\/wp-json\/wp\/v2\/posts\/5642\/revisions\/5655"}],"wp:featuredmedia":[{"embeddable":true,"href":"https:\/\/www.fisiobalance.cat\/en\/wp-json\/wp\/v2\/media\/5646"}],"wp:attachment":[{"href":"https:\/\/www.fisiobalance.cat\/en\/wp-json\/wp\/v2\/media?parent=5642"}],"wp:term":[{"taxonomy":"category","embeddable":true,"href":"https:\/\/www.fisiobalance.cat\/en\/wp-json\/wp\/v2\/categories?post=5642"},{"taxonomy":"post_tag","embeddable":true,"href":"https:\/\/www.fisiobalance.cat\/en\/wp-json\/wp\/v2\/tags?post=5642"}],"curies":[{"name":"wp","href":"https:\/\/api.w.org\/{rel}","templated":true}]}}